{"id":8381,"date":"2022-03-26T10:55:52","date_gmt":"2022-03-26T09:55:52","guid":{"rendered":"https:\/\/teletrabajoynegocios.com\/telesecretarias\/?p=8381"},"modified":"2022-03-23T08:38:05","modified_gmt":"2022-03-23T07:38:05","slug":"7-claves-de-oro-para-sacar-mas-de-tus-llamadas-de-telefono","status":"publish","type":"post","link":"https:\/\/teletrabajoynegocios.com\/telesecretarias\/7-claves-de-oro-para-sacar-mas-de-tus-llamadas-de-telefono\/","title":{"rendered":"7 Claves de Oro para Sacar m\u00e1s de tus Llamadas de Tel\u00e9fono"},"content":{"rendered":"<div id=\"telet-2571288550\" class=\"telet-antes-del-contenido telet-entity-placement\"><a href=\"https:\/\/quaderno.io\/?via=jose-manuel94\" aria-label=\"Quaderno General (Spanish) &#8211; 728&#215;90\"><img loading=\"lazy\" decoding=\"async\" src=\"https:\/\/teletrabajoynegocios.com\/telesecretarias\/wp-content\/uploads\/sites\/2\/2020\/11\/Quaderno-General-Spanish-728x90-1.png\" alt=\"\"  srcset=\"https:\/\/teletrabajoynegocios.com\/telesecretarias\/wp-content\/uploads\/sites\/2\/2020\/11\/Quaderno-General-Spanish-728x90-1.png 728w, https:\/\/teletrabajoynegocios.com\/telesecretarias\/wp-content\/uploads\/sites\/2\/2020\/11\/Quaderno-General-Spanish-728x90-1-300x37.png 300w\" sizes=\"(max-width: 728px) 100vw, 728px\" width=\"728\" height=\"90\"   \/><\/a><\/div><p>\u00bfCu\u00e1ntas llamadas de tel\u00e9fono profesionales haces al cabo del d\u00eda? \u00bfY del mes? \u00bfY del a\u00f1o? El tel\u00e9fono sigue siendo una pieza clave en tus proyectos, objetivos, resultados\u2026 incluso en tu tiempo. \u00bfLo utilizas de la mejor manera posible?<br \/>\n<span id=\"more-11798\"><\/span><br \/>\nSupongo que, como en otro orden de cosas, cada maestrillo tiene su librillo a la hora de hacer\u00a0<strong>llamadas de tel\u00e9fono m\u00e1s productivas<\/strong>. Estas son mis siete ideas SENCILLAS favoritas. \u00a1Conf\u00edo en que te den alguna pista!<\/p>\n<h4>1\u00bfEs el tel\u00e9fono la mejor opci\u00f3n para\u00a0<em>eso<\/em>?<\/h4>\n<p>Muchas personas buscan el nombre del contacto y llaman de manera impulsiva, irreflexiva, sin valorar si eso que van a preguntar, consultar o tratar debe hacerse por tel\u00e9fono o no. Tal vez eso se merezca un email, una videoconferencia, incluso una reuni\u00f3n. El tel\u00e9fono, como el Email, no es la soluci\u00f3n para todo.<\/p>\n<p><strong>Piensa antes siquiera de llamar<\/strong>. Elegir mal el canal de comunicaci\u00f3n a veces es m\u00e1s da\u00f1ino que no comunicar.<\/p>\n<h4>2Prepara m\u00ednimamente la llamada<\/h4>\n<p>Ante llamadas medianamente importantes es fundamental hacer un peque\u00f1o gui\u00f3n; para tener muy claro\u00a0<strong>qu\u00e9 es lo que hay que decir y qu\u00e9 es lo que hay que callarse<\/strong>. Tambi\u00e9n para no olvidar alg\u00fan punto, aunque en apariencia resulte menor. No hay nada tan molesto como llamar cinco minutos despu\u00e9s porque \u00aboye, se me olvid\u00f3 comentarte una cosa\u00bb.<\/p>\n<hr \/>\n<p><img decoding=\"async\" src=\"https:\/\/teletrabajoynegocios.com\/teletrabajador\/wp-content\/uploads\/sites\/3\/2020\/07\/articulos.png\" \/><\/p>\n<div class=\"wp-rss-template-container\" data-wpra-template=\"default\" data-template-ctx=\"eyJ0ZW1wbGF0ZSI6IkRlZmF1bHQifQ==\">\n    <div class=\"wp-rss-aggregator wpra-list-template  \" data-page=\"1\">\n    \n    \n<ul class=\"wpra-item-list rss-aggregator wpra-item-list--bullets wpra-item-list--default\"\n    start=\"1\">\n                        <li class=\"wpra-item feed-item \">\n            \n            \n\n    <a  href=\"https:\/\/distritoemprendedores.com\/blog\/2026\/03\/16\/hello-world\/\" target=\"_blank\" rel=\"nofollow\" class=\"\">Hello world!<\/a>\n\n\n\n\n\n\n<div class=\"wprss-feed-meta\">\n            <span class=\"feed-source\">\n            Source:\n\n                            Distrito Emprendedores\n                    <\/span>\n    \n            <span class=\"feed-date\">\n            Published on 2026-03-16\n        <\/span>\n    \n    <\/div>\n\n\n\n\n\n            \n        <\/li>\n                    <li class=\"wpra-item feed-item \">\n            \n            \n\n    <a  href=\"https:\/\/www.dropbox.com\/scl\/fi\/b6csvpbfxu24vaezmo3es\/62bed0634df20e5ef35346439fdd423f_franquicias.pdf?rlkey=mfp2795s4n89mw35l0yeu2vl5&amp;e=2&amp;st=57kabuy0&amp;dl=0#new_tab\" target=\"_blank\" rel=\"nofollow\" class=\"\">Las franquicias espa\u00f1olas duplican su presencia en mercados for\u00e1neos<\/a>\n\n\n\n\n\n\n<div class=\"wprss-feed-meta\">\n            <span class=\"feed-source\">\n            Source:\n\n                            Distrito Emprendedores\n                    <\/span>\n    \n            <span class=\"feed-date\">\n            Published on 2026-03-11\n        <\/span>\n    \n    <\/div>\n\n\n\n\n\n            \n        <\/li>\n                    <li class=\"wpra-item feed-item \">\n            \n            \n\n    <a  href=\"https:\/\/distritoemprendedores.es\/blog\/5-errores-fatales-al-internacionalizar-tu-franquicia\/\" target=\"_blank\" rel=\"nofollow\" class=\"\">5 errores fatales al internacionalizar tu franquicia<\/a>\n\n\n\n\n\n\n<div class=\"wprss-feed-meta\">\n            <span class=\"feed-source\">\n            Source:\n\n                            Distrito Emprendedores\n                    <\/span>\n    \n            <span class=\"feed-date\">\n            Published on 2026-03-10\n        <\/span>\n    \n    <\/div>\n\n\n\n\n\n            \n        <\/li>\n                    <li class=\"wpra-item feed-item \">\n            \n            \n\n    <a  href=\"https:\/\/distritoemprendedores.es\/blog\/un-nuevo-prime-time-para-las-marcas-afterwork-tardeo-y-futbol-se-consolidan-como-los-grandes-motores-del-consumo-experiencial\/\" target=\"_blank\" rel=\"nofollow\" class=\"\">Un nuevo prime time para las marcas: afterwork, tardeo y f\u00fatbol se consolidan como los grandes motores del consumo experiencial<\/a>\n\n\n\n\n\n\n<div class=\"wprss-feed-meta\">\n            <span class=\"feed-source\">\n            Source:\n\n                            Distrito Emprendedores\n                    <\/span>\n    \n            <span class=\"feed-date\">\n            Published on 2026-03-09\n        <\/span>\n    \n    <\/div>\n\n\n\n\n\n            \n        <\/li>\n                    <li class=\"wpra-item feed-item \">\n            \n            \n\n    <a  href=\"https:\/\/distritoemprendedores.es\/blog\/la-ventaja-competitiva-esta-en-entender-como-pregunta-el-consumidor\/\" target=\"_blank\" rel=\"nofollow\" class=\"\">La ventaja competitiva est\u00e1 en entender c\u00f3mo pregunta el consumidor<\/a>\n\n\n\n\n\n\n<div class=\"wprss-feed-meta\">\n            <span class=\"feed-source\">\n            Source:\n\n                            Distrito Emprendedores\n                    <\/span>\n    \n            <span class=\"feed-date\">\n            Published on 2026-03-08\n        <\/span>\n    \n    <\/div>\n\n\n\n\n\n            \n        <\/li>\n                    <li class=\"wpra-item feed-item \">\n            \n            \n\n    <a  href=\"https:\/\/distritoemprendedores.es\/blog\/solo-el-7-de-los-espanoles-cree-a-las-marcas-cuando-comunican-sus-valores-con-hechos-demostrables\/\" target=\"_blank\" rel=\"nofollow\" class=\"\">Solo el 7% de los espa\u00f1oles cree a las marcas cuando comunican sus valores con hechos demostrables<\/a>\n\n\n\n\n\n\n<div class=\"wprss-feed-meta\">\n            <span class=\"feed-source\">\n            Source:\n\n                            Distrito Emprendedores\n                    <\/span>\n    \n            <span class=\"feed-date\">\n            Published on 2026-03-07\n        <\/span>\n    \n    <\/div>\n\n\n\n\n\n            \n        <\/li>\n                    <li class=\"wpra-item feed-item \">\n            \n            \n\n    <a  href=\"https:\/\/distritoemprendedores.es\/blog\/el-38-de-las-empresas-creadas-en-2019-ha-echado-ya-el-cierre\/\" target=\"_blank\" rel=\"nofollow\" class=\"\">El 38% de las empresas creadas en 2019 ha echado ya el cierre<\/a>\n\n\n\n\n\n\n<div class=\"wprss-feed-meta\">\n            <span class=\"feed-source\">\n            Source:\n\n                            Distrito Emprendedores\n                    <\/span>\n    \n            <span class=\"feed-date\">\n            Published on 2026-03-06\n        <\/span>\n    \n    <\/div>\n\n\n\n\n\n            \n        <\/li>\n                    <li class=\"wpra-item feed-item \">\n            \n            \n\n    <a  href=\"https:\/\/distritoemprendedores.es\/blog\/descubre-las-oportunidades-y-tendencias-en-el-mercado-de-la-franquicia-para-2026\/\" target=\"_blank\" rel=\"nofollow\" class=\"\">Descubre las oportunidades y tendencias en el mercado de la franquicia para 2026<\/a>\n\n\n\n\n\n\n<div class=\"wprss-feed-meta\">\n            <span class=\"feed-source\">\n            Source:\n\n                            Distrito Emprendedores\n                    <\/span>\n    \n            <span class=\"feed-date\">\n            Published on 2026-03-05\n        <\/span>\n    \n    <\/div>\n\n\n\n\n\n            \n        <\/li>\n                    <li class=\"wpra-item feed-item \">\n            \n            \n\n    <a  href=\"https:\/\/distritoemprendedores.es\/blog\/las-startups-de-salud-mas-punteras-del-mundo\/\" target=\"_blank\" rel=\"nofollow\" class=\"\">Las startups de salud m\u00e1s punteras del mundo<\/a>\n\n\n\n\n\n\n<div class=\"wprss-feed-meta\">\n            <span class=\"feed-source\">\n            Source:\n\n                            Distrito Emprendedores\n                    <\/span>\n    \n            <span class=\"feed-date\">\n            Published on 2026-03-04\n        <\/span>\n    \n    <\/div>\n\n\n\n\n\n            \n        <\/li>\n                    <li class=\"wpra-item feed-item \">\n            \n            \n\n    <a  href=\"https:\/\/distritoemprendedores.es\/blog\/puesta-en-marcha-de-un-negocio-primeros-pasos-para-validar-vender-y-controlar-la-tesoreria\/\" target=\"_blank\" rel=\"nofollow\" class=\"\">Puesta en marcha de un negocio: primeros pasos para validar, vender y controlar la tesorer\u00eda<\/a>\n\n\n\n\n\n\n<div class=\"wprss-feed-meta\">\n            <span class=\"feed-source\">\n            Source:\n\n                            Distrito Emprendedores\n                    <\/span>\n    \n            <span class=\"feed-date\">\n            Published on 2026-03-03\n        <\/span>\n    \n    <\/div>\n\n\n\n\n\n            \n        <\/li>\n                    <li class=\"wpra-item feed-item \">\n            \n            \n\n    <a  href=\"https:\/\/distritoemprendedores.es\/blog\/6-franquicias-sin-apenas-competencia-en-el-mercado\/\" target=\"_blank\" rel=\"nofollow\" class=\"\">6 franquicias sin apenas competencia en el mercado<\/a>\n\n\n\n\n\n\n<div class=\"wprss-feed-meta\">\n            <span class=\"feed-source\">\n            Source:\n\n                            Distrito Emprendedores\n                    <\/span>\n    \n            <span class=\"feed-date\">\n            Published on 2026-03-02\n        <\/span>\n    \n    <\/div>\n\n\n\n\n\n            \n        <\/li>\n                    <li class=\"wpra-item feed-item \">\n            \n            \n\n    <a  href=\"https:\/\/digistorage.es\/links\/71d78951-a420-4f5b-8de6-7b35ae7efc1c#new_tab\" target=\"_blank\" rel=\"nofollow\" class=\"\">Los algoritmos amenazan con filtrar las confesiones realizadas al abogado<\/a>\n\n\n\n\n\n\n<div class=\"wprss-feed-meta\">\n            <span class=\"feed-source\">\n            Source:\n\n                            Distrito Emprendedores\n                    <\/span>\n    \n            <span class=\"feed-date\">\n            Published on 2026-03-01\n        <\/span>\n    \n    <\/div>\n\n\n\n\n\n            \n        <\/li>\n                    <li class=\"wpra-item feed-item \">\n            \n            \n\n    <a  href=\"https:\/\/distritoemprendedores.es\/blog\/las-startups-que-mas-innovan-en-el-mundo\/\" target=\"_blank\" rel=\"nofollow\" class=\"\">Las startups que m\u00e1s innovan en el mundo<\/a>\n\n\n\n\n\n\n<div class=\"wprss-feed-meta\">\n            <span class=\"feed-source\">\n            Source:\n\n                            Distrito Emprendedores\n                    <\/span>\n    \n            <span class=\"feed-date\">\n            Published on 2026-02-28\n        <\/span>\n    \n    <\/div>\n\n\n\n\n\n            \n        <\/li>\n                    <li class=\"wpra-item feed-item \">\n            \n            \n\n    <a  href=\"https:\/\/distritoemprendedores.es\/blog\/tiktok-genera-31-000-millones-de-euros-para-las-empresas-europeas-y-3-000-millones-en-espana\/\" target=\"_blank\" rel=\"nofollow\" class=\"\">TikTok genera 31.000 millones de euros para las empresas europeas y 3.000 millones en Espa\u00f1a<\/a>\n\n\n\n\n\n\n<div class=\"wprss-feed-meta\">\n            <span class=\"feed-source\">\n            Source:\n\n                            Distrito Emprendedores\n                    <\/span>\n    \n            <span class=\"feed-date\">\n            Published on 2026-02-27\n        <\/span>\n    \n    <\/div>\n\n\n\n\n\n            \n        <\/li>\n                    <li class=\"wpra-item feed-item \">\n            \n            \n\n    <a  href=\"https:\/\/distritoemprendedores.es\/blog\/amazon-planea-un-marketplace-para-hacer-de-puente-entre-los-publishers-y-las-empresas-de-ia\/\" target=\"_blank\" rel=\"nofollow\" class=\"\">Amazon planea un \u00abmarketplace\u00bb para hacer de puente entre los \u00abpublishers\u00bb y las empresas de IA<\/a>\n\n\n\n\n\n\n<div class=\"wprss-feed-meta\">\n            <span class=\"feed-source\">\n            Source:\n\n                            Distrito Emprendedores\n                    <\/span>\n    \n            <span class=\"feed-date\">\n            Published on 2026-02-26\n        <\/span>\n    \n    <\/div>\n\n\n\n\n\n            \n        <\/li>\n        <\/ul>\n\n        \n<\/div>\n\n<\/div>\n\n<hr \/>\n<p>Ah, y yo recomiendo siempre ir al grano grano. Ir casi directamente al punto m\u00e1s importante de la\u00a0<s>reuni\u00f3n<\/s>\u00a0llamada. Muchas veces dejamos el punto gordo para el final, y luego nos vemos obligados a terminar precipitadamente la llamada. Con el consiguiente perjuicio para las dos partes.<\/p>\n<h4>3Antes de marcar, \u00abenfoca\u00bb la conversaci\u00f3n<\/h4>\n<p>Antes de soltar el \u00abbuenos d\u00edas\u00bb, t\u00fa ya tienes que tener bien claro y muy presente el prop\u00f3sito esa llamada. Preg\u00fantate qu\u00e9 buscas, qu\u00e9 persigues, para qu\u00e9 es, qu\u00e9 necesitas exactamente de la otra persona. Si incluso recomiendo\u00a0<strong>ponerle un \u00abtitular\u00bb a la llamada<\/strong>. Eso te ayudar\u00e1 a: 1) acortar el tiempo de la llamada evitando rodeos innecesarios (\u00a1el parloteo es nefasto!); 2) abordar los puntos m\u00e1s importantes como se merecen: centrado y concentrado. La llamada ser\u00e1 m\u00e1s efectiva y eficiente.<\/p>\n<h4>4Ten una libreta bien cerca<\/h4>\n<p>En una conversaci\u00f3n de s\u00f3lo cinco minutos pueden surgir multitud de nombres, referencias, propuestas, ideas, datos\u2026 \u00bfpiensas retener todo eso de memoria? Todo se puede hacer m\u00e1s sencillo de lo que lo hacemos: pon una libreta pegada a tu teclado.<\/p>\n<p>Yo sugiero libreta en vez de teclear en el ordenador por una raz\u00f3n: el tecleo genera una actividad y un ruido que distraer\u00e1 a la otra persona y a ti. Y adem\u00e1s, con una libreta no te obligas a escribir de forma lineal: puedes trazar\u00a0<a href=\"https:\/\/thinkwasabi.com\/pon-un-mapa-mental-en-tu-vida-funcionan\/\">mapas mentales<\/a>, diagramas, dibujos\u2026<\/p>\n<p class=\"cita\">Es con estas cosas sencillas y pr\u00e1cticas con lo que yo he logrado afinar y afilar mi productividad diaria.<\/p>\n<h4>5\u00bfSe te va el tiempo? \u00a1Utiliza un cron\u00f3metro!<\/h4>\n<p>Hay personas que pierden la noci\u00f3n del tiempo al tel\u00e9fono. Entonces, \u00bfpor qu\u00e9 no controlarlo con un sencillo cron\u00f3metro? Es una medida est\u00fapidamente sencilla que te mostrar\u00e1 de forma permanente cu\u00e1nto tiempo se escapa con esa llamada. Lo puedes hacer, por ejemplo, con la aplicaci\u00f3n de tu\u00a0<em>smartphone<\/em>\u00a0o un cron\u00f3metro en tu ordenador.<\/p>\n<h4>6Programa y acuerda la hora de la llamada<\/h4>\n<p>Si alguno de mis clientes est\u00e1 leyendo esto, sabe bien que yo\u00a0<strong>nunca llamo a cualquier hora<\/strong>, de repente, sin avisar. SIEMPRE acuerdo un d\u00eda\/hora que nos venga bien a las dos partes e inmediatamente lo a\u00f1ado a mi calendario. A fin de cuentas, una llamada de trabajo de este tipo no deja de ser\u00a0<strong>una reuni\u00f3n a distancia<\/strong>.<\/p>\n<p>Ni te imaginas la cantidad de energ\u00eda que consume el \u00abah, \u00bfno est\u00e1? Bueno\u2026 ya le llamo luego\u00bb. Y luego llamas otra vez, y otra vez, y otra vez. Esa \u00abpersecuci\u00f3n\u00bb podr\u00eda evitarse con un \u00abdime un d\u00eda y una hora exacta en el que puedas hablar conmigo. No te robar\u00e9 m\u00e1s de 10 minutos\u00bb.<\/p>\n<h4>7\u00a1Elimina distracciones antes de llamar!<\/h4>\n<p>No es nada raro ver a una persona que, mientras est\u00e1 hablando por tel\u00e9fono, revisa en la pantalla su Email, echa un r\u00e1pido vistazo a su Whatsapp, o abre en una pesta\u00f1a la p\u00e1gina web de un peri\u00f3dico. \u00bfY eso para qu\u00e9? \u00bfQu\u00e9 ganas exactamente? Te desenchufas de la conversaci\u00f3n, te alejas, la llamada se alarga y hasta es posible que no consigas lo que pretend\u00edas.<\/p>\n<p>Todo es m\u00e1s sencillo de lo que lo hacemos: elimina todas las posibles distracciones (especialmente las digitales) ANTES de hacer la llamada.<\/p>\n<p>Como muchas cosas que te encuentras en este blog\u2026 todo esto es \u00a1puro sentido com\u00fan! Que justamente es lo primero que perdemos al empezar a trabajar a la carrera. Algunos lo desprecian dando por supuesto todas estas cosas. \u00a1Yo lo amo! Porque es\u00a0<strong>con estas cosas sencillas y pr\u00e1cticas<\/strong>\u00a0con lo que yo he logrado afinar y afilar mi productividad diaria. La cotidiana, la de dentro de doce minutos o esta tarde. Es la que al final del a\u00f1o cuenta.<\/p>\n<p><a href=\"https:\/\/thinkwasabi.com\/\"><em>Berto Pe\u00f1a<\/em><\/a><\/p>\n<div id=\"telet-2930625222\" class=\"telet-despues-del-contenido telet-entity-placement\"><a target=\"_blank\" href=\"\/\/aff.lucushost.com\/resources\/click\/?n=gDxoXMAJ&aff=756\"><img decoding=\"async\" border=\"0\" alt=\"LucusHost, el mejor hosting\" src=\"\/\/aff.lucushost.com\/resources\/banners\/?zoneid=5123&n=gDxoXMAJ&aff=756\" \/><\/a><\/div>","protected":false},"excerpt":{"rendered":"<p>\u00bfCu\u00e1ntas llamadas de tel\u00e9fono profesionales haces al cabo del d\u00eda? \u00bfY del mes? \u00bfY del a\u00f1o? El tel\u00e9fono sigue siendo una pieza clave en tus proyectos, objetivos, resultados\u2026 incluso en&hellip; <\/p>\n","protected":false},"author":1,"featured_media":8382,"comment_status":"open","ping_status":"open","sticky":false,"template":"","format":"standard","meta":{"_jetpack_memberships_contains_paid_content":false,"footnotes":"","_links_to":"","_links_to_target":""},"categories":[1],"tags":[15,14],"class_list":["post-8381","post","type-post","status-publish","format-standard","has-post-thumbnail","hentry","category-telesecretarias","tag-fuprisa","tag-jose-manuel-fuentes-prieto"],"nelio_content":{"autoShareEndMode":"never","automationSources":{"useCustomSentences":false,"customSentences":[]},"efiAlt":"","efiUrl":"","followers":[1],"highlights":[],"isAutoShareEnabled":true,"networkImageIds":[],"permalinkQueryArgs":[],"series":[],"suggestedReferences":[]},"jetpack_featured_media_url":"https:\/\/teletrabajoynegocios.com\/telesecretarias\/wp-content\/uploads\/sites\/2\/2022\/03\/mujer-mirando-movil.jpg","jetpack_sharing_enabled":true,"_links":{"self":[{"href":"https:\/\/teletrabajoynegocios.com\/telesecretarias\/wp-json\/wp\/v2\/posts\/8381","targetHints":{"allow":["GET"]}}],"collection":[{"href":"https:\/\/teletrabajoynegocios.com\/telesecretarias\/wp-json\/wp\/v2\/posts"}],"about":[{"href":"https:\/\/teletrabajoynegocios.com\/telesecretarias\/wp-json\/wp\/v2\/types\/post"}],"author":[{"embeddable":true,"href":"https:\/\/teletrabajoynegocios.com\/telesecretarias\/wp-json\/wp\/v2\/users\/1"}],"replies":[{"embeddable":true,"href":"https:\/\/teletrabajoynegocios.com\/telesecretarias\/wp-json\/wp\/v2\/comments?post=8381"}],"version-history":[{"count":1,"href":"https:\/\/teletrabajoynegocios.com\/telesecretarias\/wp-json\/wp\/v2\/posts\/8381\/revisions"}],"predecessor-version":[{"id":8383,"href":"https:\/\/teletrabajoynegocios.com\/telesecretarias\/wp-json\/wp\/v2\/posts\/8381\/revisions\/8383"}],"wp:featuredmedia":[{"embeddable":true,"href":"https:\/\/teletrabajoynegocios.com\/telesecretarias\/wp-json\/wp\/v2\/media\/8382"}],"wp:attachment":[{"href":"https:\/\/teletrabajoynegocios.com\/telesecretarias\/wp-json\/wp\/v2\/media?parent=8381"}],"wp:term":[{"taxonomy":"category","embeddable":true,"href":"https:\/\/teletrabajoynegocios.com\/telesecretarias\/wp-json\/wp\/v2\/categories?post=8381"},{"taxonomy":"post_tag","embeddable":true,"href":"https:\/\/teletrabajoynegocios.com\/telesecretarias\/wp-json\/wp\/v2\/tags?post=8381"}],"curies":[{"name":"wp","href":"https:\/\/api.w.org\/{rel}","templated":true}]}}