{"id":8486,"date":"2022-04-02T10:50:13","date_gmt":"2022-04-02T08:50:13","guid":{"rendered":"https:\/\/teletrabajoynegocios.com\/telesecretarias\/?p=8486"},"modified":"2022-04-01T08:30:06","modified_gmt":"2022-04-01T06:30:06","slug":"como-usar-linkedin-para-ser-mas-efectivo","status":"publish","type":"post","link":"https:\/\/teletrabajoynegocios.com\/telesecretarias\/como-usar-linkedin-para-ser-mas-efectivo\/","title":{"rendered":"C\u00f3mo usar LinkedIn para ser m\u00e1s efectivo"},"content":{"rendered":"<div id=\"telet-2614149039\" class=\"telet-antes-del-contenido telet-entity-placement\"><a href=\"https:\/\/quaderno.io\/?via=jose-manuel94\" aria-label=\"Quaderno General (Spanish) &#8211; 728&#215;90\"><img loading=\"lazy\" decoding=\"async\" src=\"https:\/\/teletrabajoynegocios.com\/telesecretarias\/wp-content\/uploads\/sites\/2\/2020\/11\/Quaderno-General-Spanish-728x90-1.png\" alt=\"\"  srcset=\"https:\/\/teletrabajoynegocios.com\/telesecretarias\/wp-content\/uploads\/sites\/2\/2020\/11\/Quaderno-General-Spanish-728x90-1.png 728w, https:\/\/teletrabajoynegocios.com\/telesecretarias\/wp-content\/uploads\/sites\/2\/2020\/11\/Quaderno-General-Spanish-728x90-1-300x37.png 300w\" sizes=\"(max-width: 728px) 100vw, 728px\" width=\"728\" height=\"90\"   \/><\/a><\/div><p>Si tienes un perfil profesional de LinkedIn, tanto de negocio como de usuario personal, y no sabes c\u00f3mo sacarle partido, esta gu\u00eda de c\u00f3mo usar LinkedIn es para ti.<\/p>\n<p>\u00bfPor qu\u00e9 debes optimizar tu perfil en LinkedIn?<\/p>\n<p>\ud83d\udc49\ud83c\udffb\u00a0<strong>Mantienes tu perfil en un nivel alto en las b\u00fasquedas<\/strong>, logrando que las empresas te encuentren antes.<\/p>\n<p>\ud83d\udc49\ud83c\udffb\u00a0<strong>Consigues que tu perfil sea atractivo para las empresas,<\/strong>\u00a0un aspecto clave en la red social de los profesionales y del trabajo.<\/p>\n<p>\ud83d\udc49\ud83c\udffb\u00a0<strong>Conectas con perfiles profesionales\u00a0<\/strong>de diferentes sectores al tuyo, o similares, para seguir trabajando tu marca personal.<\/p>\n<p>Estas son algunas de las razones por las que apostar por usar LinkedIn de forma efectiva puede beneficiarte en tu negocio o marca personal.<\/p>\n<p>Si no sabes por d\u00f3nde empezar para conseguirlo, aqu\u00ed tienes una gu\u00eda con consejos para lograrlo.<\/p>\n<p>\u00bfNos acompa\u00f1as?<\/p>\n<hr \/>\n<p><img decoding=\"async\" src=\"https:\/\/teletrabajoynegocios.com\/teletrabajador\/wp-content\/uploads\/sites\/3\/2020\/07\/articulos.png\" \/><\/p>\n<div class=\"wp-rss-template-container\" data-wpra-template=\"default\" data-template-ctx=\"eyJ0ZW1wbGF0ZSI6IkRlZmF1bHQifQ==\">\n    <div class=\"wp-rss-aggregator wpra-list-template  \" data-page=\"1\">\n    \n    \n<ul class=\"wpra-item-list rss-aggregator wpra-item-list--bullets wpra-item-list--default\"\n    start=\"1\">\n                        <li class=\"wpra-item feed-item \">\n            \n            \n\n    <a  href=\"https:\/\/distritoemprendedores.com\/blog\/2026\/03\/16\/hello-world\/\" target=\"_blank\" rel=\"nofollow\" class=\"\">Hello world!<\/a>\n\n\n\n\n\n\n<div class=\"wprss-feed-meta\">\n            <span class=\"feed-source\">\n            Source:\n\n                            Distrito Emprendedores\n                    <\/span>\n    \n            <span class=\"feed-date\">\n            Published on 2026-03-16\n        <\/span>\n    \n    <\/div>\n\n\n\n\n\n            \n        <\/li>\n                    <li class=\"wpra-item feed-item \">\n            \n            \n\n    <a  href=\"https:\/\/www.dropbox.com\/scl\/fi\/b6csvpbfxu24vaezmo3es\/62bed0634df20e5ef35346439fdd423f_franquicias.pdf?rlkey=mfp2795s4n89mw35l0yeu2vl5&amp;e=2&amp;st=57kabuy0&amp;dl=0#new_tab\" target=\"_blank\" rel=\"nofollow\" class=\"\">Las franquicias espa\u00f1olas duplican su presencia en mercados for\u00e1neos<\/a>\n\n\n\n\n\n\n<div class=\"wprss-feed-meta\">\n            <span class=\"feed-source\">\n            Source:\n\n                            Distrito Emprendedores\n                    <\/span>\n    \n            <span class=\"feed-date\">\n            Published on 2026-03-11\n        <\/span>\n    \n    <\/div>\n\n\n\n\n\n            \n        <\/li>\n                    <li class=\"wpra-item feed-item \">\n            \n            \n\n    <a  href=\"https:\/\/distritoemprendedores.es\/blog\/5-errores-fatales-al-internacionalizar-tu-franquicia\/\" target=\"_blank\" rel=\"nofollow\" class=\"\">5 errores fatales al internacionalizar tu franquicia<\/a>\n\n\n\n\n\n\n<div class=\"wprss-feed-meta\">\n            <span class=\"feed-source\">\n            Source:\n\n                            Distrito Emprendedores\n                    <\/span>\n    \n            <span class=\"feed-date\">\n            Published on 2026-03-10\n        <\/span>\n    \n    <\/div>\n\n\n\n\n\n            \n        <\/li>\n                    <li class=\"wpra-item feed-item \">\n            \n            \n\n    <a  href=\"https:\/\/distritoemprendedores.es\/blog\/un-nuevo-prime-time-para-las-marcas-afterwork-tardeo-y-futbol-se-consolidan-como-los-grandes-motores-del-consumo-experiencial\/\" target=\"_blank\" rel=\"nofollow\" class=\"\">Un nuevo prime time para las marcas: afterwork, tardeo y f\u00fatbol se consolidan como los grandes motores del consumo experiencial<\/a>\n\n\n\n\n\n\n<div class=\"wprss-feed-meta\">\n            <span class=\"feed-source\">\n            Source:\n\n                            Distrito Emprendedores\n                    <\/span>\n    \n            <span class=\"feed-date\">\n            Published on 2026-03-09\n        <\/span>\n    \n    <\/div>\n\n\n\n\n\n            \n        <\/li>\n                    <li class=\"wpra-item feed-item \">\n            \n            \n\n    <a  href=\"https:\/\/distritoemprendedores.es\/blog\/la-ventaja-competitiva-esta-en-entender-como-pregunta-el-consumidor\/\" target=\"_blank\" rel=\"nofollow\" class=\"\">La ventaja competitiva est\u00e1 en entender c\u00f3mo pregunta el consumidor<\/a>\n\n\n\n\n\n\n<div class=\"wprss-feed-meta\">\n            <span class=\"feed-source\">\n            Source:\n\n                            Distrito Emprendedores\n                    <\/span>\n    \n            <span class=\"feed-date\">\n            Published on 2026-03-08\n        <\/span>\n    \n    <\/div>\n\n\n\n\n\n            \n        <\/li>\n                    <li class=\"wpra-item feed-item \">\n            \n            \n\n    <a  href=\"https:\/\/distritoemprendedores.es\/blog\/solo-el-7-de-los-espanoles-cree-a-las-marcas-cuando-comunican-sus-valores-con-hechos-demostrables\/\" target=\"_blank\" rel=\"nofollow\" class=\"\">Solo el 7% de los espa\u00f1oles cree a las marcas cuando comunican sus valores con hechos demostrables<\/a>\n\n\n\n\n\n\n<div class=\"wprss-feed-meta\">\n            <span class=\"feed-source\">\n            Source:\n\n                            Distrito Emprendedores\n                    <\/span>\n    \n            <span class=\"feed-date\">\n            Published on 2026-03-07\n        <\/span>\n    \n    <\/div>\n\n\n\n\n\n            \n        <\/li>\n                    <li class=\"wpra-item feed-item \">\n            \n            \n\n    <a  href=\"https:\/\/distritoemprendedores.es\/blog\/el-38-de-las-empresas-creadas-en-2019-ha-echado-ya-el-cierre\/\" target=\"_blank\" rel=\"nofollow\" class=\"\">El 38% de las empresas creadas en 2019 ha echado ya el cierre<\/a>\n\n\n\n\n\n\n<div class=\"wprss-feed-meta\">\n            <span class=\"feed-source\">\n            Source:\n\n                            Distrito Emprendedores\n                    <\/span>\n    \n            <span class=\"feed-date\">\n            Published on 2026-03-06\n        <\/span>\n    \n    <\/div>\n\n\n\n\n\n            \n        <\/li>\n                    <li class=\"wpra-item feed-item \">\n            \n            \n\n    <a  href=\"https:\/\/distritoemprendedores.es\/blog\/descubre-las-oportunidades-y-tendencias-en-el-mercado-de-la-franquicia-para-2026\/\" target=\"_blank\" rel=\"nofollow\" class=\"\">Descubre las oportunidades y tendencias en el mercado de la franquicia para 2026<\/a>\n\n\n\n\n\n\n<div class=\"wprss-feed-meta\">\n            <span class=\"feed-source\">\n            Source:\n\n                            Distrito Emprendedores\n                    <\/span>\n    \n            <span class=\"feed-date\">\n            Published on 2026-03-05\n        <\/span>\n    \n    <\/div>\n\n\n\n\n\n            \n        <\/li>\n                    <li class=\"wpra-item feed-item \">\n            \n            \n\n    <a  href=\"https:\/\/distritoemprendedores.es\/blog\/las-startups-de-salud-mas-punteras-del-mundo\/\" target=\"_blank\" rel=\"nofollow\" class=\"\">Las startups de salud m\u00e1s punteras del mundo<\/a>\n\n\n\n\n\n\n<div class=\"wprss-feed-meta\">\n            <span class=\"feed-source\">\n            Source:\n\n                            Distrito Emprendedores\n                    <\/span>\n    \n            <span class=\"feed-date\">\n            Published on 2026-03-04\n        <\/span>\n    \n    <\/div>\n\n\n\n\n\n            \n        <\/li>\n                    <li class=\"wpra-item feed-item \">\n            \n            \n\n    <a  href=\"https:\/\/distritoemprendedores.es\/blog\/puesta-en-marcha-de-un-negocio-primeros-pasos-para-validar-vender-y-controlar-la-tesoreria\/\" target=\"_blank\" rel=\"nofollow\" class=\"\">Puesta en marcha de un negocio: primeros pasos para validar, vender y controlar la tesorer\u00eda<\/a>\n\n\n\n\n\n\n<div class=\"wprss-feed-meta\">\n            <span class=\"feed-source\">\n            Source:\n\n                            Distrito Emprendedores\n                    <\/span>\n    \n            <span class=\"feed-date\">\n            Published on 2026-03-03\n        <\/span>\n    \n    <\/div>\n\n\n\n\n\n            \n        <\/li>\n                    <li class=\"wpra-item feed-item \">\n            \n            \n\n    <a  href=\"https:\/\/distritoemprendedores.es\/blog\/6-franquicias-sin-apenas-competencia-en-el-mercado\/\" target=\"_blank\" rel=\"nofollow\" class=\"\">6 franquicias sin apenas competencia en el mercado<\/a>\n\n\n\n\n\n\n<div class=\"wprss-feed-meta\">\n            <span class=\"feed-source\">\n            Source:\n\n                            Distrito Emprendedores\n                    <\/span>\n    \n            <span class=\"feed-date\">\n            Published on 2026-03-02\n        <\/span>\n    \n    <\/div>\n\n\n\n\n\n            \n        <\/li>\n                    <li class=\"wpra-item feed-item \">\n            \n            \n\n    <a  href=\"https:\/\/digistorage.es\/links\/71d78951-a420-4f5b-8de6-7b35ae7efc1c#new_tab\" target=\"_blank\" rel=\"nofollow\" class=\"\">Los algoritmos amenazan con filtrar las confesiones realizadas al abogado<\/a>\n\n\n\n\n\n\n<div class=\"wprss-feed-meta\">\n            <span class=\"feed-source\">\n            Source:\n\n                            Distrito Emprendedores\n                    <\/span>\n    \n            <span class=\"feed-date\">\n            Published on 2026-03-01\n        <\/span>\n    \n    <\/div>\n\n\n\n\n\n            \n        <\/li>\n                    <li class=\"wpra-item feed-item \">\n            \n            \n\n    <a  href=\"https:\/\/distritoemprendedores.es\/blog\/las-startups-que-mas-innovan-en-el-mundo\/\" target=\"_blank\" rel=\"nofollow\" class=\"\">Las startups que m\u00e1s innovan en el mundo<\/a>\n\n\n\n\n\n\n<div class=\"wprss-feed-meta\">\n            <span class=\"feed-source\">\n            Source:\n\n                            Distrito Emprendedores\n                    <\/span>\n    \n            <span class=\"feed-date\">\n            Published on 2026-02-28\n        <\/span>\n    \n    <\/div>\n\n\n\n\n\n            \n        <\/li>\n                    <li class=\"wpra-item feed-item \">\n            \n            \n\n    <a  href=\"https:\/\/distritoemprendedores.es\/blog\/tiktok-genera-31-000-millones-de-euros-para-las-empresas-europeas-y-3-000-millones-en-espana\/\" target=\"_blank\" rel=\"nofollow\" class=\"\">TikTok genera 31.000 millones de euros para las empresas europeas y 3.000 millones en Espa\u00f1a<\/a>\n\n\n\n\n\n\n<div class=\"wprss-feed-meta\">\n            <span class=\"feed-source\">\n            Source:\n\n                            Distrito Emprendedores\n                    <\/span>\n    \n            <span class=\"feed-date\">\n            Published on 2026-02-27\n        <\/span>\n    \n    <\/div>\n\n\n\n\n\n            \n        <\/li>\n                    <li class=\"wpra-item feed-item \">\n            \n            \n\n    <a  href=\"https:\/\/distritoemprendedores.es\/blog\/amazon-planea-un-marketplace-para-hacer-de-puente-entre-los-publishers-y-las-empresas-de-ia\/\" target=\"_blank\" rel=\"nofollow\" class=\"\">Amazon planea un \u00abmarketplace\u00bb para hacer de puente entre los \u00abpublishers\u00bb y las empresas de IA<\/a>\n\n\n\n\n\n\n<div class=\"wprss-feed-meta\">\n            <span class=\"feed-source\">\n            Source:\n\n                            Distrito Emprendedores\n                    <\/span>\n    \n            <span class=\"feed-date\">\n            Published on 2026-02-26\n        <\/span>\n    \n    <\/div>\n\n\n\n\n\n            \n        <\/li>\n        <\/ul>\n\n        \n<\/div>\n\n<\/div>\n\n<hr \/>\n<h2 id=\"h-como-usar-linkedin-guia-y-consejos\">C\u00f3mo usar LinkedIn \u2013 Gu\u00eda y consejos<\/h2>\n<p>Desde sacarle el m\u00e1ximo partido a tu perfil hasta crear contenido de calidad, cada aspecto es relevante en tu cuenta de LinkedIn.<\/p>\n<p class=\"has-text-align-center\">\u26a1\ufe0f\u00a0<strong>\u00bfA\u00fan tienes dudas de si debes trabajar tu perfil?<\/strong><\/p>\n<p class=\"has-text-align-center\">Para que te hagas una idea, seg\u00fan datos de \u2018Omnicore Agency\u2019, en marzo de este a\u00f1o\u00a0<a href=\"https:\/\/www.omnicoreagency.com\/linkedin-statistics\/\" target=\"_blank\" rel=\"noreferrer noopener\"><strong>LinkedIn contaba con 300 millones de usuarios activos<\/strong><\/a>.<\/p>\n<p>Entre tanta competencia, tu objetivo es conseguir que tu perfil destaque ante el resto.<\/p>\n<p>Aplica estos consejos y aprende c\u00f3mo usar LinkedIn de forma efectiva.<\/p>\n<h3 id=\"h-completa-tu-perfil\"><span id=\"Completa_tu_perfil\" class=\"ez-toc-section\"><\/span>Completa tu perfil<\/h3>\n<p>&nbsp;<\/p>\n<p>Este es tu primer paso para saber c\u00f3mo usar LinkedIn y tener tu cuenta completa, rellenar todos los campos de tu perfil.<\/p>\n<p>Ten en cuenta que lo primero que ven los usuarios que llegan a tu cuenta es el perfil y, adem\u00e1s, es la viva imagen de tu marca y de c\u00f3mo te ve el resto de usuarios.<\/p>\n<p>\u274c Si ven que est\u00e1 descuidado, sin completar o una imagen de perfil de mala calidad les genera desconfianza.<\/p>\n<p>\u2705 Un perfil cuidado y atractivo para empresas o usuarios es ideal para seguir.<\/p>\n<p>\u00bfC\u00f3mo puedes lograrlo? \ud83d\udc47\ud83c\udffb<\/p>\n<h4 id=\"h-anade-una-foto-de-perfil-que-sea-profesional\">A\u00f1ade una foto de perfil que sea profesional<\/h4>\n<p>&nbsp;<\/p>\n<p>olv\u00eddate de fotos de ocio o con amigos, esto es LinkedIn y la buena presencia importa.<\/p>\n<p>Lo mismo puedes hacer con la foto de portada, donde puedes poner el logo de tu empresa o marca o una frase motivadora.<\/p>\n<h4 id=\"h-completa-todos-los-datos-de-la-presentacion-que-encontraran-los-usuarios-debajo-de-tu-foto-de-perfil\">Completa todos los datos de la presentaci\u00f3n que encontrar\u00e1n los usuarios debajo de tu foto de perfil<\/h4>\n<p>&nbsp;<\/p>\n<p>El nombre completo, tu profesi\u00f3n, el puesto actual, tu educaci\u00f3n y la ubicaci\u00f3n.<\/p>\n<h4 id=\"h-incluye-esta-formula-para-impactar-en-la-imagen-destacada-o-al-principio-del-texto-acerca-de\"><strong>Incluye esta f\u00f3rmula para impactar en la imagen\u00a0 destacada o al principio<\/strong>\u00a0<strong>del texto acerca de:<\/strong><\/h4>\n<p>&nbsp;<\/p>\n<p>Ayudo a [Cliente ideal]\u00a0 a conseguir [Beneficio principal] gracias a\u00a0 [lo que haces], aunque [objeci\u00f3n de tu cliente ideal]<\/p>\n<h4 id=\"acompana-la-informacion-con-tus-trabajos-recientes\">Acompa\u00f1a la informaci\u00f3n con tus trabajos recientes<\/h4>\n<p>&nbsp;<\/p>\n<p>para que el resto de usuarios y empresas puedan ver tu experiencia, como si fuera tu curr\u00edculum.<\/p>\n<h4 id=\"cuenta-algo-sobre-ti-que-resulte-interesante\">Cuenta algo sobre ti que resulte interesante<\/h4>\n<p>&nbsp;<\/p>\n<p>donde describas a qu\u00e9 te dedicas, curiosidades sobre tu empresa, etc. Tienes 2000 caracteres para escribirlo, as\u00ed que no te cortes.<\/p>\n<h4 id=\"establece-tus-aptitudes-y-conocimientos-sobre-tu-trabajo\">Establece tus aptitudes y conocimientos sobre tu trabajo<\/h4>\n<p>&nbsp;<\/p>\n<p>Si, por ejemplo, eres social media puedes a\u00f1adir conocimiento en marketing o redes sociales.<\/p>\n<h3 id=\"conecta-con-otros-usuarios\"><span id=\"Conecta_con_otros_usuarios\" class=\"ez-toc-section\"><\/span>Conecta con otros usuarios<\/h3>\n<p>&nbsp;<\/p>\n<p>LinkedIn te ofrece establecer conexiones con otros usuarios de la plataforma, sean de tu sector laboral o no y tambi\u00e9n mostrar intereses en diferentes compa\u00f1\u00edas o empresas.<\/p>\n<p>Para ver tus conexiones, tienes una opci\u00f3n denominada \u2018Mi red\u2019, donde puedes ver todos tus contactos, aceptar invitaciones de otros usuarios o realizar t\u00fa las invitaciones.<\/p>\n<p><strong>\u00bfPor qu\u00e9 aumentar tus conexiones?<\/strong><\/p>\n<p>\u2705 Consigues estar al d\u00eda de todo lo que ocurre en tu sector: noticias, entrevistas y ofertas de trabajo que pueden ser de tu inter\u00e9s.<\/p>\n<p>\u2705 Subes puestos en los rangos de b\u00fasqueda de LinkedIn y los usuarios o empresas podr\u00e1n encontrarte de forma r\u00e1pida.<\/p>\n<h3 id=\"participa-con-otros-usuarios\"><span id=\"Participa_con_otros_usuarios\" class=\"ez-toc-section\"><\/span>Participa con otros usuarios<\/h3>\n<p>&nbsp;<\/p>\n<p>Para conseguir un perfil efectivo en LinkedIn es clave que participes con el resto de usuarios.<\/p>\n<p>Si pasas sin ton ni son en una comunidad que suele ser muy participativa, te quedas fuera de los c\u00edrculos y tu perfil no crece.<\/p>\n<p>\u00bfC\u00f3mo conseguirlo?<\/p>\n<h4 id=\"interactua-con-las-publicaciones-de-otros-usuarios\">Interact\u00faa con las publicaciones de otros usuarios<\/h4>\n<p>&nbsp;<\/p>\n<p>Puedes recomendarlas, comentar tus opiniones sobre lo que han compartido, compartirlo en tu muro o enviar por mensaje privado.<\/p>\n<p>Con esto consigues que el resto de usuarios tenga en cuenta tu opini\u00f3n y que participen tambi\u00e9n en el muro.<\/p>\n<h4 id=\"charla-con-el-resto-de-usuarios-por-mensaje\">Charla con el resto de usuarios por mensaje<\/h4>\n<p>&nbsp;<\/p>\n<p>Prueba a personalizar tus contactos hablando con ellos por mensaje privado, compartiendo inquietudes o pensamientos.<\/p>\n<p>De esta forma mantienes activo tu perfil p\u00fablico y privado y otros usuarios saben que est\u00e1s ah\u00ed para hablar con ellos.<\/p>\n<h4 id=\"participa-en-los-grupos-de-linkedin\">Participa en los grupos de LinkedIn<\/h4>\n<p>&nbsp;<\/p>\n<p>Los grupos de LinkedIn pueden ser una genial fuente para debatir sobre alg\u00fan tema en concreto, de tu sector o del mundo laboral en general.<\/p>\n<p>Solo tienes que buscar el grupo que m\u00e1s te interese seg\u00fan la palabra clave que hayas elegido y unirte a \u00e9l. Es una estupenda forma de desarrollar tu perfil personal y tu red profesional.<\/p>\n<h3 id=\"escribe-recomendaciones\"><span id=\"Escribe_recomendaciones\" class=\"ez-toc-section\"><\/span>Escribe recomendaciones<\/h3>\n<p>&nbsp;<\/p>\n<p>Uno de los aspectos clave del crecimiento en LinkedIn son las recomendaciones, una secci\u00f3n de la plataforma donde puedes escribir una \u201ccarta de recomendaci\u00f3n\u201d en el perfil de un usuario y que se puede ver de forma p\u00fablica.<\/p>\n<p>Es una forma de ayudar a otros usuarios a posicionar su perfil y que las empresas le den un voto de confianza si est\u00e1 buscando trabajo.<\/p>\n<p>\u2705<strong>\u00a0Escribe recomendaciones a tus conexiones,<\/strong>\u00a0hablando de forma positiva sobre tu experiencia trabajando con ellos, si as\u00ed ha sido o de sus habilidades.<\/p>\n<p>\u2705\u00a0<strong>Pide a esos mismos usuarios que escriban una recomendaci\u00f3n para ti en tu muro<\/strong>, es beneficioso para ambas partes y las empresas pueden verlo cuando lleguen a tu perfil.<\/p>\n<h3 id=\"gestiona-un-perfil-de-tu-empresa\"><span id=\"Gestiona_un_perfil_de_tu_empresa\" class=\"ez-toc-section\"><\/span>Gestiona un perfil de tu empresa<\/h3>\n<p>&nbsp;<\/p>\n<p>Si tienes una empresa o negocio, es importante que a\u00f1adas una p\u00e1gina de empresa para gestionar todas las novedades y ofertas que quieras publicar.<\/p>\n<p>Esta p\u00e1gina es similar a la del perfil personal, solo que cambiando tus datos personales por los de la empresa: el nombre de la empresa y la descripci\u00f3n sobre su actividad.<\/p>\n<p><strong>\u00bfPor qu\u00e9 contar con tu propia p\u00e1gina de empresa?<\/strong><\/p>\n<p>\u27a1\ufe0f Para publicar noticias sobre tu empresa y ofertas de trabajo: art\u00edculos que salen en prensa, textos de tu blog, si necesitas cubrir un puesto en tu empresa, etc.<\/p>\n<p>\u27a1\ufe0f Para tener una imagen de marca que te represente y crear una comunidad alrededor de ella, donde los usuarios encuentren contenido de calidad.<\/p>\n<p>\u27a1\ufe0f Para a\u00f1adir contenido relacionado con tu sector que pueda ser de inter\u00e9s para los usuarios que te siguen.<\/p>\n<h3 id=\"crea-contenido-de-interes\">Crea contenido de inter\u00e9s<\/h3>\n<p>&nbsp;<\/p>\n<p>En cualquier red social compartir contenido interesante es sin\u00f3nimo de conseguir interacciones, incrementar tu comunidad y mejorar la presencia de marca.<\/p>\n<p>Tanto en tu perfil personal como en tu perfil de empresa, si compartes contenido relevante para los usuarios tu perfil crece.<\/p>\n<blockquote class=\"wp-block-quote\"><p>\u27a1\ufe0f RECUERDA<\/p>\n<p>Puedes mencionar a los perfiles involucrados en tu contenido: la persona que escribe el art\u00edculo, la fuente de donde has sacado tu informaci\u00f3n, etc. As\u00ed, consigues un mayor alcance con nuevos usuarios.<\/p><\/blockquote>\n<p>&nbsp;<\/p>\n<p>\u00bfQu\u00e9 tipos de post puedes compartir? \u2705<\/p>\n<h4 id=\"textos-que-acompanen-un-enlace\"><strong>Textos que acompa\u00f1en un enlace<\/strong><\/h4>\n<p>&nbsp;<\/p>\n<p>Por ejemplo un art\u00edculo interesante de tu sector donde enganches al usuario con una entrada interesante y despu\u00e9s lo pongas con un enlace a tu sitio web o al del art\u00edculo.<\/p>\n<h4 id=\"post-con-contenido-multimedia\">Post con contenido multimedia<\/h4>\n<p>&nbsp;<\/p>\n<p>Las im\u00e1genes y los videos son una estupenda fuente de contenido para conseguir interacciones e impresiones con el resto de usuarios.<\/p>\n<p>Intenta subir contenido a trav\u00e9s de im\u00e1genes o videos que sea interesante: infograf\u00edas, preguntas y respuestas o tutoriales.<\/p>\n<h4 id=\"articulos-completos\">Art\u00edculos completos<\/h4>\n<p>&nbsp;<\/p>\n<p>Si lo que quieres contar es m\u00e1s largo que lo que te ofrece un post, puedes utilizar LinkedIn como tu propio blog donde a\u00f1adir post y art\u00edculos de mayor longitud (hasta 110.000 caracteres).<\/p>\n<p>Es f\u00e1cil de utilizar: cuando vayas a actualizar tu estado haz clic en \u2018Escribir art\u00edculo\u2019. A\u00f1ade el titular, el cuerpo del texto y el contenido multimedia que quieras.<\/p>\n<h3 id=\"busca-y-encuentra-nuevas-oportunidades\">Busca y encuentra nuevas oportunidades<\/h3>\n<p>&nbsp;<\/p>\n<p>LinkedIn es la red social para compartir noticias y conexiones con otros profesionales y tambi\u00e9n para encontrar trabajo o buscar, como empresa, nuevas contrataciones.<\/p>\n<p class=\"has-text-align-center\">Seg\u00fan\u00a0<strong>Omnicore Agency<\/strong>, LinkedIn cuenta con\u00a0<a href=\"https:\/\/www.omnicoreagency.com\/linkedin-statistics\/\" target=\"_blank\" rel=\"noreferrer noopener\"><strong>m\u00e1s 30 millones de empresas en su red social. De esas empresas<\/strong><\/a>, hay 20 millones de ofertas de trabajo abiertas.<\/p>\n<p>\u00bfQu\u00e9 puedes conseguir en LinkedIn?<\/p>\n<h4 id=\"si-eres-una-empresa\">Si eres una empresa<\/h4>\n<p>&nbsp;<\/p>\n<p>El motor de b\u00fasqueda de LinkedIn te resultar\u00e1 muy \u00fatil para encontrar el candidato ideal para tu empresa. Puedes buscarlo bajo criterios diferentes como ubicaci\u00f3n, trabajos anteriores, idiomas preferentes o su formaci\u00f3n.<\/p>\n<p>Si no consigues dar con tu candidato, puedes publicar anuncios con los que a\u00f1adir m\u00e1s opciones de b\u00fasqueda y mover tu oferta para llegar a m\u00e1s candidatos.<\/p>\n<h4 id=\"si-eres-profesional\">Si eres profesional<\/h4>\n<p>&nbsp;<\/p>\n<p>Desde tu perfil personal puedes buscar trabajo en la secci\u00f3n de \u2018Empleos\u2019, realizando una b\u00fasqueda por la palabra clave de tu sector. Adem\u00e1s, puedes conocer la empresa que oferta el puesto de trabajo, as\u00ed como los respectivos jefes y el resto de empleados.<\/p>\n<p>Un plus que puedes a\u00f1adir a este aspecto es la cuenta Premium de LinkedIn donde dispones de un mayor motor de b\u00fasqueda para encontrar tu trabajo. Adem\u00e1s, conoces las empresas que han visto tu perfil en los \u00faltimos 90 d\u00edas.<\/p>\n<p>&nbsp;<\/p>\n<p>Ahora ya no tienes excusa, s\u00ed sabes c\u00f3mo usar LinkedIn: puedes empezar a trabajar tu perfil para mejorar la presencia de tu marca o empresa y aumentar tus conexiones con otros usuarios.<\/p>\n<p>Si tienes alguna duda, te leemos en los comentarios.<\/p>\n<p><a href=\"https:\/\/metricool.com\/\"><em>Isabel Romero<\/em><\/a><\/p>\n<div id=\"telet-3689376442\" class=\"telet-despues-del-contenido telet-entity-placement\"><a target=\"_blank\" href=\"\/\/aff.lucushost.com\/resources\/click\/?n=gDxoXMAJ&aff=756\"><img decoding=\"async\" border=\"0\" alt=\"LucusHost, el mejor hosting\" src=\"\/\/aff.lucushost.com\/resources\/banners\/?zoneid=5123&n=gDxoXMAJ&aff=756\" \/><\/a><\/div>","protected":false},"excerpt":{"rendered":"<p>Si tienes un perfil profesional de LinkedIn, tanto de negocio como de usuario personal, y no sabes c\u00f3mo sacarle partido, esta gu\u00eda de c\u00f3mo usar LinkedIn es para ti. \u00bfPor&hellip; <\/p>\n","protected":false},"author":1,"featured_media":8487,"comment_status":"open","ping_status":"open","sticky":false,"template":"","format":"standard","meta":{"_jetpack_memberships_contains_paid_content":false,"footnotes":"","_links_to":"","_links_to_target":""},"categories":[11],"tags":[15,14],"class_list":["post-8486","post","type-post","status-publish","format-standard","has-post-thumbnail","hentry","category-redes-sociales","tag-fuprisa","tag-jose-manuel-fuentes-prieto"],"nelio_content":{"autoShareEndMode":"never","automationSources":{"useCustomSentences":false,"customSentences":[]},"efiAlt":"","efiUrl":"","followers":[1],"highlights":[],"isAutoShareEnabled":true,"networkImageIds":[],"permalinkQueryArgs":[],"series":[],"suggestedReferences":[]},"jetpack_featured_media_url":"https:\/\/teletrabajoynegocios.com\/telesecretarias\/wp-content\/uploads\/sites\/2\/2022\/04\/Oficina-Linkedin-Madrid-10.jpg","jetpack_sharing_enabled":true,"_links":{"self":[{"href":"https:\/\/teletrabajoynegocios.com\/telesecretarias\/wp-json\/wp\/v2\/posts\/8486","targetHints":{"allow":["GET"]}}],"collection":[{"href":"https:\/\/teletrabajoynegocios.com\/telesecretarias\/wp-json\/wp\/v2\/posts"}],"about":[{"href":"https:\/\/teletrabajoynegocios.com\/telesecretarias\/wp-json\/wp\/v2\/types\/post"}],"author":[{"embeddable":true,"href":"https:\/\/teletrabajoynegocios.com\/telesecretarias\/wp-json\/wp\/v2\/users\/1"}],"replies":[{"embeddable":true,"href":"https:\/\/teletrabajoynegocios.com\/telesecretarias\/wp-json\/wp\/v2\/comments?post=8486"}],"version-history":[{"count":1,"href":"https:\/\/teletrabajoynegocios.com\/telesecretarias\/wp-json\/wp\/v2\/posts\/8486\/revisions"}],"predecessor-version":[{"id":8488,"href":"https:\/\/teletrabajoynegocios.com\/telesecretarias\/wp-json\/wp\/v2\/posts\/8486\/revisions\/8488"}],"wp:featuredmedia":[{"embeddable":true,"href":"https:\/\/teletrabajoynegocios.com\/telesecretarias\/wp-json\/wp\/v2\/media\/8487"}],"wp:attachment":[{"href":"https:\/\/teletrabajoynegocios.com\/telesecretarias\/wp-json\/wp\/v2\/media?parent=8486"}],"wp:term":[{"taxonomy":"category","embeddable":true,"href":"https:\/\/teletrabajoynegocios.com\/telesecretarias\/wp-json\/wp\/v2\/categories?post=8486"},{"taxonomy":"post_tag","embeddable":true,"href":"https:\/\/teletrabajoynegocios.com\/telesecretarias\/wp-json\/wp\/v2\/tags?post=8486"}],"curies":[{"name":"wp","href":"https:\/\/api.w.org\/{rel}","templated":true}]}}