{"id":8530,"date":"2022-04-06T11:19:46","date_gmt":"2022-04-06T09:19:46","guid":{"rendered":"https:\/\/teletrabajoynegocios.com\/telesecretarias\/?p=8530"},"modified":"2022-04-05T09:27:07","modified_gmt":"2022-04-05T07:27:07","slug":"como-silenciar-a-un-usuario-en-instagram","status":"publish","type":"post","link":"https:\/\/teletrabajoynegocios.com\/telesecretarias\/como-silenciar-a-un-usuario-en-instagram\/","title":{"rendered":"C\u00f3mo silenciar a un usuario en Instagram"},"content":{"rendered":"<div id=\"telet-1606162634\" class=\"telet-antes-del-contenido telet-entity-placement\"><a href=\"https:\/\/quaderno.io\/?via=jose-manuel94\" aria-label=\"Quaderno General (Spanish) &#8211; 728&#215;90\"><img loading=\"lazy\" decoding=\"async\" src=\"https:\/\/teletrabajoynegocios.com\/telesecretarias\/wp-content\/uploads\/sites\/2\/2020\/11\/Quaderno-General-Spanish-728x90-1.png\" alt=\"\"  srcset=\"https:\/\/teletrabajoynegocios.com\/telesecretarias\/wp-content\/uploads\/sites\/2\/2020\/11\/Quaderno-General-Spanish-728x90-1.png 728w, https:\/\/teletrabajoynegocios.com\/telesecretarias\/wp-content\/uploads\/sites\/2\/2020\/11\/Quaderno-General-Spanish-728x90-1-300x37.png 300w\" sizes=\"(max-width: 728px) 100vw, 728px\" width=\"728\" height=\"90\"   \/><\/a><\/div><p>Todas las redes sociales funcionan de manera distinta, y todas ellas te muestran las publicaciones de ciertos usuarios que creen que podr\u00edan ser de tu\u00a0<a href=\"https:\/\/hipertextual.com\/2022\/03\/instagram-feed-orden-cronologico\">inter\u00e9s<\/a>. No obstante, esto no siempre es as\u00ed. E incluso cuando un perfil es de nuestro inter\u00e9s,\u00a0<strong>no siempre queremos estar al tanto de lo que hace<\/strong>, aunque tampoco queremos dejar de seguirlo. Aqu\u00ed es donde\u00a0<strong>entra perfectamente la funci\u00f3n de silenciar<\/strong>\u00a0en Instagram. Con ella, podr\u00e1s dejar de ver a esas cuentas que tanto te \u00abmolestan\u00bb, sin que se enteren de que los has dejado de seguir.<\/p>\n<p>Hacerlo es bastante sencillo. En Instagram solo conlleva unos cuantos pasos y ya lo tendremos todo configurado y listo. Solo recuerda que\u00a0<strong>existe una diferencia entre bloquear y silenciar<\/strong>. Con esta segunda, no perder\u00e1s el contacto con esa cuenta, y podr\u00e1s seguir viendo sus publicaciones si entras a su perfil directamente. No obstante, Instagram no mostrar\u00e1 de forma activa su perfil.\u00a0<strong>La opci\u00f3n bloquear, por otro lado, es m\u00e1s dr\u00e1stica<\/strong>, y har\u00e1 que pierdas todo contacto e incluso el acceso al perfil del usuario objetivo.<\/p>\n<p>\u00bfQuieres aprender a silenciar a una persona en Instagram?\u00a0<strong>Solo sigue estos simples pasos<\/strong>\u00a0y en un par de minutos ya lo tendr\u00e1s hecho. Lo mejor de todo es que la otra persona\u00a0<a href=\"https:\/\/hipertextual.com\/2022\/03\/perfil-instagram-estadisticas\">nunca lo sabr\u00e1<\/a>, y es que Instagram no notifica de estos movimientos a los dem\u00e1s usuarios. Todo quedar\u00e1 entre nosotros.<\/p>\n<h2 id=\"h-como-silenciar-una-cuenta-de-instagram\">C\u00f3mo silenciar una cuenta de Instagram<\/h2>\n<p>Afortunadamente, las opciones son iguales si usas Instagram en iPhone o en Android; de esta forma nos aseguramos de que todos entiendan lo que vamos a decir. Adem\u00e1s,\u00a0<strong>silenciar una cuenta de Instagram es an\u00f3nimo y reversible<\/strong>, as\u00ed que en cualquier momento podr\u00e1s deshacer la opci\u00f3n sin que nadie se entere en absoluto.<\/p>\n<p>Por otro lado, la red social nos ofrece varias opciones, cada una bastante autoexplicativa. La primera de ellas nos permitir\u00e1 silenciar las\u00a0<strong>publicaciones \u00fanicamente<\/strong>. La segunda, por otro lado, nos permitir\u00e1 silenciar\u00a0<strong>solo las historias<\/strong>. La tercera y \u00faltima es la m\u00e1s completa, y es la que nos permitir\u00e1\u00a0<strong>silenciar las\u00a0<a href=\"https:\/\/hipertextual.com\/2022\/02\/ahora-puedes-dar-like-a-una-historia-en-instagram\">historias<\/a>\u00a0y las publicaciones<\/strong>\u00a0al mismo tiempo.<\/p>\n<hr \/>\n<p><img decoding=\"async\" src=\"https:\/\/teletrabajoynegocios.com\/teletrabajador\/wp-content\/uploads\/sites\/3\/2020\/07\/articulos.png\" \/><\/p>\n<div class=\"wp-rss-template-container\" data-wpra-template=\"default\" data-template-ctx=\"eyJ0ZW1wbGF0ZSI6IkRlZmF1bHQifQ==\">\n    <div class=\"wp-rss-aggregator wpra-list-template  \" data-page=\"1\">\n    \n    \n<ul class=\"wpra-item-list rss-aggregator wpra-item-list--bullets wpra-item-list--default\"\n    start=\"1\">\n                        <li class=\"wpra-item feed-item \">\n            \n            \n\n    <a  href=\"https:\/\/distritoemprendedores.com\/blog\/2026\/03\/16\/hello-world\/\" target=\"_blank\" rel=\"nofollow\" class=\"\">Hello world!<\/a>\n\n\n\n\n\n\n<div class=\"wprss-feed-meta\">\n            <span class=\"feed-source\">\n            Source:\n\n                            Distrito Emprendedores\n                    <\/span>\n    \n            <span class=\"feed-date\">\n            Published on 2026-03-16\n        <\/span>\n    \n    <\/div>\n\n\n\n\n\n            \n        <\/li>\n                    <li class=\"wpra-item feed-item \">\n            \n            \n\n    <a  href=\"https:\/\/www.dropbox.com\/scl\/fi\/b6csvpbfxu24vaezmo3es\/62bed0634df20e5ef35346439fdd423f_franquicias.pdf?rlkey=mfp2795s4n89mw35l0yeu2vl5&amp;e=2&amp;st=57kabuy0&amp;dl=0#new_tab\" target=\"_blank\" rel=\"nofollow\" class=\"\">Las franquicias espa\u00f1olas duplican su presencia en mercados for\u00e1neos<\/a>\n\n\n\n\n\n\n<div class=\"wprss-feed-meta\">\n            <span class=\"feed-source\">\n            Source:\n\n                            Distrito Emprendedores\n                    <\/span>\n    \n            <span class=\"feed-date\">\n            Published on 2026-03-11\n        <\/span>\n    \n    <\/div>\n\n\n\n\n\n            \n        <\/li>\n                    <li class=\"wpra-item feed-item \">\n            \n            \n\n    <a  href=\"https:\/\/distritoemprendedores.es\/blog\/5-errores-fatales-al-internacionalizar-tu-franquicia\/\" target=\"_blank\" rel=\"nofollow\" class=\"\">5 errores fatales al internacionalizar tu franquicia<\/a>\n\n\n\n\n\n\n<div class=\"wprss-feed-meta\">\n            <span class=\"feed-source\">\n            Source:\n\n                            Distrito Emprendedores\n                    <\/span>\n    \n            <span class=\"feed-date\">\n            Published on 2026-03-10\n        <\/span>\n    \n    <\/div>\n\n\n\n\n\n            \n        <\/li>\n                    <li class=\"wpra-item feed-item \">\n            \n            \n\n    <a  href=\"https:\/\/distritoemprendedores.es\/blog\/un-nuevo-prime-time-para-las-marcas-afterwork-tardeo-y-futbol-se-consolidan-como-los-grandes-motores-del-consumo-experiencial\/\" target=\"_blank\" rel=\"nofollow\" class=\"\">Un nuevo prime time para las marcas: afterwork, tardeo y f\u00fatbol se consolidan como los grandes motores del consumo experiencial<\/a>\n\n\n\n\n\n\n<div class=\"wprss-feed-meta\">\n            <span class=\"feed-source\">\n            Source:\n\n                            Distrito Emprendedores\n                    <\/span>\n    \n            <span class=\"feed-date\">\n            Published on 2026-03-09\n        <\/span>\n    \n    <\/div>\n\n\n\n\n\n            \n        <\/li>\n                    <li class=\"wpra-item feed-item \">\n            \n            \n\n    <a  href=\"https:\/\/distritoemprendedores.es\/blog\/la-ventaja-competitiva-esta-en-entender-como-pregunta-el-consumidor\/\" target=\"_blank\" rel=\"nofollow\" class=\"\">La ventaja competitiva est\u00e1 en entender c\u00f3mo pregunta el consumidor<\/a>\n\n\n\n\n\n\n<div class=\"wprss-feed-meta\">\n            <span class=\"feed-source\">\n            Source:\n\n                            Distrito Emprendedores\n                    <\/span>\n    \n            <span class=\"feed-date\">\n            Published on 2026-03-08\n        <\/span>\n    \n    <\/div>\n\n\n\n\n\n            \n        <\/li>\n                    <li class=\"wpra-item feed-item \">\n            \n            \n\n    <a  href=\"https:\/\/distritoemprendedores.es\/blog\/solo-el-7-de-los-espanoles-cree-a-las-marcas-cuando-comunican-sus-valores-con-hechos-demostrables\/\" target=\"_blank\" rel=\"nofollow\" class=\"\">Solo el 7% de los espa\u00f1oles cree a las marcas cuando comunican sus valores con hechos demostrables<\/a>\n\n\n\n\n\n\n<div class=\"wprss-feed-meta\">\n            <span class=\"feed-source\">\n            Source:\n\n                            Distrito Emprendedores\n                    <\/span>\n    \n            <span class=\"feed-date\">\n            Published on 2026-03-07\n        <\/span>\n    \n    <\/div>\n\n\n\n\n\n            \n        <\/li>\n                    <li class=\"wpra-item feed-item \">\n            \n            \n\n    <a  href=\"https:\/\/distritoemprendedores.es\/blog\/el-38-de-las-empresas-creadas-en-2019-ha-echado-ya-el-cierre\/\" target=\"_blank\" rel=\"nofollow\" class=\"\">El 38% de las empresas creadas en 2019 ha echado ya el cierre<\/a>\n\n\n\n\n\n\n<div class=\"wprss-feed-meta\">\n            <span class=\"feed-source\">\n            Source:\n\n                            Distrito Emprendedores\n                    <\/span>\n    \n            <span class=\"feed-date\">\n            Published on 2026-03-06\n        <\/span>\n    \n    <\/div>\n\n\n\n\n\n            \n        <\/li>\n                    <li class=\"wpra-item feed-item \">\n            \n            \n\n    <a  href=\"https:\/\/distritoemprendedores.es\/blog\/descubre-las-oportunidades-y-tendencias-en-el-mercado-de-la-franquicia-para-2026\/\" target=\"_blank\" rel=\"nofollow\" class=\"\">Descubre las oportunidades y tendencias en el mercado de la franquicia para 2026<\/a>\n\n\n\n\n\n\n<div class=\"wprss-feed-meta\">\n            <span class=\"feed-source\">\n            Source:\n\n                            Distrito Emprendedores\n                    <\/span>\n    \n            <span class=\"feed-date\">\n            Published on 2026-03-05\n        <\/span>\n    \n    <\/div>\n\n\n\n\n\n            \n        <\/li>\n                    <li class=\"wpra-item feed-item \">\n            \n            \n\n    <a  href=\"https:\/\/distritoemprendedores.es\/blog\/las-startups-de-salud-mas-punteras-del-mundo\/\" target=\"_blank\" rel=\"nofollow\" class=\"\">Las startups de salud m\u00e1s punteras del mundo<\/a>\n\n\n\n\n\n\n<div class=\"wprss-feed-meta\">\n            <span class=\"feed-source\">\n            Source:\n\n                            Distrito Emprendedores\n                    <\/span>\n    \n            <span class=\"feed-date\">\n            Published on 2026-03-04\n        <\/span>\n    \n    <\/div>\n\n\n\n\n\n            \n        <\/li>\n                    <li class=\"wpra-item feed-item \">\n            \n            \n\n    <a  href=\"https:\/\/distritoemprendedores.es\/blog\/puesta-en-marcha-de-un-negocio-primeros-pasos-para-validar-vender-y-controlar-la-tesoreria\/\" target=\"_blank\" rel=\"nofollow\" class=\"\">Puesta en marcha de un negocio: primeros pasos para validar, vender y controlar la tesorer\u00eda<\/a>\n\n\n\n\n\n\n<div class=\"wprss-feed-meta\">\n            <span class=\"feed-source\">\n            Source:\n\n                            Distrito Emprendedores\n                    <\/span>\n    \n            <span class=\"feed-date\">\n            Published on 2026-03-03\n        <\/span>\n    \n    <\/div>\n\n\n\n\n\n            \n        <\/li>\n                    <li class=\"wpra-item feed-item \">\n            \n            \n\n    <a  href=\"https:\/\/distritoemprendedores.es\/blog\/6-franquicias-sin-apenas-competencia-en-el-mercado\/\" target=\"_blank\" rel=\"nofollow\" class=\"\">6 franquicias sin apenas competencia en el mercado<\/a>\n\n\n\n\n\n\n<div class=\"wprss-feed-meta\">\n            <span class=\"feed-source\">\n            Source:\n\n                            Distrito Emprendedores\n                    <\/span>\n    \n            <span class=\"feed-date\">\n            Published on 2026-03-02\n        <\/span>\n    \n    <\/div>\n\n\n\n\n\n            \n        <\/li>\n                    <li class=\"wpra-item feed-item \">\n            \n            \n\n    <a  href=\"https:\/\/digistorage.es\/links\/71d78951-a420-4f5b-8de6-7b35ae7efc1c#new_tab\" target=\"_blank\" rel=\"nofollow\" class=\"\">Los algoritmos amenazan con filtrar las confesiones realizadas al abogado<\/a>\n\n\n\n\n\n\n<div class=\"wprss-feed-meta\">\n            <span class=\"feed-source\">\n            Source:\n\n                            Distrito Emprendedores\n                    <\/span>\n    \n            <span class=\"feed-date\">\n            Published on 2026-03-01\n        <\/span>\n    \n    <\/div>\n\n\n\n\n\n            \n        <\/li>\n                    <li class=\"wpra-item feed-item \">\n            \n            \n\n    <a  href=\"https:\/\/distritoemprendedores.es\/blog\/las-startups-que-mas-innovan-en-el-mundo\/\" target=\"_blank\" rel=\"nofollow\" class=\"\">Las startups que m\u00e1s innovan en el mundo<\/a>\n\n\n\n\n\n\n<div class=\"wprss-feed-meta\">\n            <span class=\"feed-source\">\n            Source:\n\n                            Distrito Emprendedores\n                    <\/span>\n    \n            <span class=\"feed-date\">\n            Published on 2026-02-28\n        <\/span>\n    \n    <\/div>\n\n\n\n\n\n            \n        <\/li>\n                    <li class=\"wpra-item feed-item \">\n            \n            \n\n    <a  href=\"https:\/\/distritoemprendedores.es\/blog\/tiktok-genera-31-000-millones-de-euros-para-las-empresas-europeas-y-3-000-millones-en-espana\/\" target=\"_blank\" rel=\"nofollow\" class=\"\">TikTok genera 31.000 millones de euros para las empresas europeas y 3.000 millones en Espa\u00f1a<\/a>\n\n\n\n\n\n\n<div class=\"wprss-feed-meta\">\n            <span class=\"feed-source\">\n            Source:\n\n                            Distrito Emprendedores\n                    <\/span>\n    \n            <span class=\"feed-date\">\n            Published on 2026-02-27\n        <\/span>\n    \n    <\/div>\n\n\n\n\n\n            \n        <\/li>\n                    <li class=\"wpra-item feed-item \">\n            \n            \n\n    <a  href=\"https:\/\/distritoemprendedores.es\/blog\/amazon-planea-un-marketplace-para-hacer-de-puente-entre-los-publishers-y-las-empresas-de-ia\/\" target=\"_blank\" rel=\"nofollow\" class=\"\">Amazon planea un \u00abmarketplace\u00bb para hacer de puente entre los \u00abpublishers\u00bb y las empresas de IA<\/a>\n\n\n\n\n\n\n<div class=\"wprss-feed-meta\">\n            <span class=\"feed-source\">\n            Source:\n\n                            Distrito Emprendedores\n                    <\/span>\n    \n            <span class=\"feed-date\">\n            Published on 2026-02-26\n        <\/span>\n    \n    <\/div>\n\n\n\n\n\n            \n        <\/li>\n        <\/ul>\n\n        \n<\/div>\n\n<\/div>\n\n<hr \/>\n<p>Para silenciar las cuentas que no desees ver m\u00e1s,\u00a0<strong>solo sigue este procedimiento<\/strong>:<\/p>\n<ol>\n<li>Entra a la app de\u00a0<em>Instagram<\/em>\u00a0en tu iPhone o Android.<\/li>\n<li>Busca el perfil que desees silenciar.<\/li>\n<li>Una vez aqu\u00ed dentro, toca en el bot\u00f3n\u00a0<em>Siguiendo<\/em>. No te preocupes, no har\u00e1 que dejes de seguir a la persona.<\/li>\n<li>Se abrir\u00e1 una ventana de opciones.<\/li>\n<li>Selecciona\u00a0<em>Silenciar<\/em>.<\/li>\n<li>Una nueva ventana aparecer\u00e1.<\/li>\n<li>Ahora, puedes escoger lo que quieras silenciar. Tienes la opci\u00f3n de silenciar solo las Historias, o solo las publicaciones. En caso de que no quieras ver ninguna de las dos, solo activa el interruptor en ambas y listo.<\/li>\n<\/ol>\n<p>Listo. Una vez lo hayas hecho, solo vuelve al men\u00fa inicial de la app con el trabajo hecho. A partir de ahora\u00a0<strong>no ver\u00e1s m\u00e1s publicaciones o Historias en Instagram<\/strong>\u00a0provenientes de esta cuenta.<\/p>\n<p>En caso de que quieras reactivar las publicaciones y las Historias de dicha persona, solo sigue exactamente los mismos pasos y\u00a0<strong>desactiva los interruptores de Publicaciones e Historias<\/strong>. Como por arte de magia, a partir de ese momento podr\u00e1s ver nuevamente lo que esa persona publique en su cuenta de Instagram.<\/p>\n<h3 id=\"h-existen-otros-metodos\" class=\"has-text-align-center\">Existen otros m\u00e9todos<\/h3>\n<p>Un m\u00e9todo menos conocido de silenciar a una persona es directamente en sus publicaciones. Si te encuentras bajando por tu Inicio de Instagram y te encuentras con algo indeseado,\u00a0<strong>simplemente haz lo siguiente<\/strong>:<\/p>\n<ol>\n<li>Toca en los\u00a0<em>tres puntos<\/em>\u00a0que aparecen en la esquina superior derecha de la publicaci\u00f3n.<\/li>\n<li>Aqu\u00ed, ver\u00e1s un men\u00fa. Toca\u00a0<em>Ocultar\u00a0<\/em>en la parte inferior.<\/li>\n<li>Se abrir\u00e1 un peque\u00f1o men\u00fa. Aqu\u00ed, toca en Silenciar a\u00a0<em>X cuenta<\/em>.<\/li>\n<li>Puedes elegir silenciar \u00fanicamente las publicaciones, o tambi\u00e9n las publicaciones e historias de esta cuenta. Ya queda a tu criterio.<\/li>\n<\/ol>\n<p>Para reactivarlo, solo sigue\u00a0<strong>los pasos del apartado anterior<\/strong>\u00a0y listo.<\/p>\n<p>Tambi\u00e9n puedes silenciar desde las Historias. Para hacerlo, cuando veas la burbuja de historias de dicha cuenta, simplemente\u00a0<strong>mant\u00e9n presionado sobre ella<\/strong>\u00a0hasta que veas la opci\u00f3n\u00a0<em>Silenciar<\/em>. Puedes elegir hacerlo solo de las Historias, o de las publicaciones e historias. Es tu decisi\u00f3n.<\/p>\n<p><a class=\"url fn n\" href=\"https:\/\/hipertextual.com\/author\/tomasrivero\">Tom\u00e1s Rivero<\/a><\/p>\n<div id=\"telet-3328351875\" class=\"telet-despues-del-contenido telet-entity-placement\"><a target=\"_blank\" href=\"\/\/aff.lucushost.com\/resources\/click\/?n=gDxoXMAJ&aff=756\"><img decoding=\"async\" border=\"0\" alt=\"LucusHost, el mejor hosting\" src=\"\/\/aff.lucushost.com\/resources\/banners\/?zoneid=5123&n=gDxoXMAJ&aff=756\" \/><\/a><\/div>","protected":false},"excerpt":{"rendered":"<p>Todas las redes sociales funcionan de manera distinta, y todas ellas te muestran las publicaciones de ciertos usuarios que creen que podr\u00edan ser de tu\u00a0inter\u00e9s. No obstante, esto no siempre&hellip; <\/p>\n","protected":false},"author":1,"featured_media":8531,"comment_status":"open","ping_status":"open","sticky":false,"template":"","format":"standard","meta":{"_jetpack_memberships_contains_paid_content":false,"footnotes":"","_links_to":"","_links_to_target":""},"categories":[11],"tags":[15,14],"class_list":["post-8530","post","type-post","status-publish","format-standard","has-post-thumbnail","hentry","category-redes-sociales","tag-fuprisa","tag-jose-manuel-fuentes-prieto"],"nelio_content":{"autoShareEndMode":"never","automationSources":{"useCustomSentences":false,"customSentences":[]},"efiAlt":"","efiUrl":"","followers":[1],"highlights":[],"isAutoShareEnabled":true,"networkImageIds":[],"permalinkQueryArgs":[],"series":[],"suggestedReferences":[]},"jetpack_featured_media_url":"https:\/\/teletrabajoynegocios.com\/telesecretarias\/wp-content\/uploads\/sites\/2\/2022\/04\/Historias-de-Instagram-1.jpg","jetpack_sharing_enabled":true,"_links":{"self":[{"href":"https:\/\/teletrabajoynegocios.com\/telesecretarias\/wp-json\/wp\/v2\/posts\/8530","targetHints":{"allow":["GET"]}}],"collection":[{"href":"https:\/\/teletrabajoynegocios.com\/telesecretarias\/wp-json\/wp\/v2\/posts"}],"about":[{"href":"https:\/\/teletrabajoynegocios.com\/telesecretarias\/wp-json\/wp\/v2\/types\/post"}],"author":[{"embeddable":true,"href":"https:\/\/teletrabajoynegocios.com\/telesecretarias\/wp-json\/wp\/v2\/users\/1"}],"replies":[{"embeddable":true,"href":"https:\/\/teletrabajoynegocios.com\/telesecretarias\/wp-json\/wp\/v2\/comments?post=8530"}],"version-history":[{"count":2,"href":"https:\/\/teletrabajoynegocios.com\/telesecretarias\/wp-json\/wp\/v2\/posts\/8530\/revisions"}],"predecessor-version":[{"id":8533,"href":"https:\/\/teletrabajoynegocios.com\/telesecretarias\/wp-json\/wp\/v2\/posts\/8530\/revisions\/8533"}],"wp:featuredmedia":[{"embeddable":true,"href":"https:\/\/teletrabajoynegocios.com\/telesecretarias\/wp-json\/wp\/v2\/media\/8531"}],"wp:attachment":[{"href":"https:\/\/teletrabajoynegocios.com\/telesecretarias\/wp-json\/wp\/v2\/media?parent=8530"}],"wp:term":[{"taxonomy":"category","embeddable":true,"href":"https:\/\/teletrabajoynegocios.com\/telesecretarias\/wp-json\/wp\/v2\/categories?post=8530"},{"taxonomy":"post_tag","embeddable":true,"href":"https:\/\/teletrabajoynegocios.com\/telesecretarias\/wp-json\/wp\/v2\/tags?post=8530"}],"curies":[{"name":"wp","href":"https:\/\/api.w.org\/{rel}","templated":true}]}}