{"id":861,"date":"2020-04-17T11:50:43","date_gmt":"2020-04-17T09:50:43","guid":{"rendered":"https:\/\/teletrabajoynegocios.com\/telesecretarias\/?p=861"},"modified":"2020-04-28T12:10:05","modified_gmt":"2020-04-28T10:10:05","slug":"por-que-hay-que-quitarse-el-pijama-durante-la-cuarentena","status":"publish","type":"post","link":"https:\/\/teletrabajoynegocios.com\/telesecretarias\/por-que-hay-que-quitarse-el-pijama-durante-la-cuarentena\/","title":{"rendered":"\u00bfPor qu\u00e9 hay que quitarse el pijama durante la cuarentena?"},"content":{"rendered":"<div id=\"telet-130970094\" class=\"telet-antes-del-contenido telet-entity-placement\"><a href=\"https:\/\/quaderno.io\/?via=jose-manuel94\" aria-label=\"Quaderno General (Spanish) &#8211; 728&#215;90\"><img loading=\"lazy\" decoding=\"async\" src=\"https:\/\/teletrabajoynegocios.com\/telesecretarias\/wp-content\/uploads\/sites\/2\/2020\/11\/Quaderno-General-Spanish-728x90-1.png\" alt=\"\"  srcset=\"https:\/\/teletrabajoynegocios.com\/telesecretarias\/wp-content\/uploads\/sites\/2\/2020\/11\/Quaderno-General-Spanish-728x90-1.png 728w, https:\/\/teletrabajoynegocios.com\/telesecretarias\/wp-content\/uploads\/sites\/2\/2020\/11\/Quaderno-General-Spanish-728x90-1-300x37.png 300w\" sizes=\"(max-width: 728px) 100vw, 728px\" width=\"728\" height=\"90\"   \/><\/a><\/div><p>\u00bfC\u00f3mo nos ayuda quitarnos el pijama durante la cuarentena? \u00bfPor qu\u00e9 nos ayudar\u00e1 a sentirnos mejor durante el confinamiento? A continuaci\u00f3n, intentaremos responder a estas preguntas.<\/p>\n<p>Debido a la situaci\u00f3n actual, todos hemos cambiado nuestra rutina diaria.&nbsp;<strong>En la mayor\u00eda de los casos estamos en cuarentena sin la posibilidad de salir de nuestras casas<\/strong>. Por lo tanto, nuestra casa ya no es el lugar de descanso, sino tambi\u00e9n nuestra oficina y nuestro gimnasio. Al cambiar este rol, durante la cuarentena es importante tener en cuenta aspectos como quitarse el pijama, maquillarse y comer a horas.<\/p>\n<p>Por lo tanto, se hace necesario entender por qu\u00e9 es&nbsp;<strong>importante mantener la rutina de aseo y vestimenta<\/strong>. Ya que esto ayudar\u00e1 no solo a tu salud f\u00edsica, sino tambi\u00e9n a tu&nbsp;<a href=\"https:\/\/lamenteesmaravillosa.com\/consejos-psicologicos-ante-el-coronavirus-vacunas-para-el-panico\/\" target=\"_blank\" rel=\"noopener noreferrer\">salud mental<\/a>. Permitir\u00e1 que puedas acomodar mejor tu horario, mantener una rutina y, por ende, controlar mucho mejor el tiempo que pasa en casa por estar en cuarentena.<\/p>\n<h2>Una rutina estructurada hace que te quites el pijama en cuarentena<\/h2>\n<p>Al estar en cuarentena, la tentaci\u00f3n de quedarnos en casa se hace m\u00e1s grande, dejar de hacer ejercicios, descuidarnos en la comida, en fin, dejar totalmente de lado nuestra rutina. Pero esto es totalmente lo contrario a lo que debemos hacer.<\/p>\n<p>En primer lugar, hay que dejar claro es que<strong>&nbsp;estas no son vacaciones, es una restricci\u00f3n de movimientos derivados de unas condiciones extraordinarias<\/strong>.<\/p>\n<p>Por el contrario,&nbsp;<strong>hay que intentar adaptar la rutina de la manera m\u00e1s parecida posible<\/strong>. En ella, debemos incluir una hora para despertarse y para acostarse, horarios de comida, tiempo para&nbsp;<a href=\"https:\/\/lamenteesmaravillosa.com\/5-claves-para-empezar-a-hacer-ejercicio\/\" target=\"_blank\" rel=\"noopener noreferrer\">hacer ejercicio<\/a>&nbsp;y tiempos de ocio.<\/p>\n<p>Asimismo, hay que intentar adaptar los espacios, dedicando uno o varios para trabajar y diferenci\u00e1ndolos de aquellos destinados a actividades recreativas o l\u00fadicas.<\/p>\n<p>Para que esa&nbsp;<a href=\"https:\/\/lamenteesmaravillosa.com\/puede-la-vida-rutinaria-divertida\/\" target=\"_blank\" rel=\"noopener noreferrer\">rutina<\/a>&nbsp;se pueda cumplir de manera m\u00e1s efectiva, es necesario&nbsp;<strong>incluir en el principio de la misma el arreglo personal<\/strong>. Esta regla pasa por cambiar nuestra indumentaria cuando estamos trabajando.<\/p>\n<p>En el momento que se acabe el horario establecido para trabajar, podemos volver a la ropa m\u00e1s c\u00f3moda. Esto ayudar\u00e1 a que tu mente se relaje y disfrutar m\u00e1s esa nueva actividad, a pesar de no poder cambiar de espacio.<\/p>\n<p>Sin embargo,&nbsp;<strong>se recomienda dejar el pijama solo para dormir<\/strong>&nbsp;para que el cuerpo entienda que es el momento de dormir.<\/p>\n<h2>Autoestima y autoeficacia se impulsar\u00e1n si te quitas el pijama<\/h2>\n<p>Cuando se est\u00e1 en cuarenta, es necesario que las propias perspectivas se mantengan sin la retroalimentaci\u00f3n externa que normalmente tenemos de los dem\u00e1s y de nuestro contexto.<\/p>\n<p>Por lo tanto,&nbsp;<strong>hay que modificarlas e impulsarlas de manera propia e individual,&nbsp;<\/strong>para que nos mantengamos motivados y c\u00f3modos con las actividades que vamos a realizar.<\/p>\n<p>Desde esta perspectiva,&nbsp;<strong>quitarnos&nbsp;el pijama en la cuarentena nos ayudar\u00e1 de manera significativa, impulsando estas dos perspectivas<\/strong>. En primer lugar, la necesidad de aumentar nuestra&nbsp;<a href=\"https:\/\/lamenteesmaravillosa.com\/que-es-la-autoeficacia\/\" target=\"_blank\" rel=\"noopener noreferrer\">autoeficacia<\/a>. Esto es debido a que en estos momentos no tenemos las presiones externas que nos lleven a realizar las actividades que debemos hacer.<\/p>\n<p>Por lo tanto, cambiar nuestro vestuario y adaptarlo a la actividad que se va a realizar ayudar\u00e1 a que lo podamos hacer de manera m\u00e1s efectiva. Un ejemplo de esto: si iniciamos un curso online, nuestro&nbsp;<strong>aprendizaje va a ser mucho m\u00e1s significativo si nos ubicamos en un contexto donde el espacio y la ropa son adecuados<\/strong>.<\/p>\n<p>En segundo lugar, tenemos la autoestima. En condiciones normales, esta perspectiva es alimentada, en buena medida, por los elogios que recibimos de las otras personas.<\/p>\n<p>Al estar en cuarenta, sabemos que son muy limitadas las personas con las que nos podemos relacionar cara a cara. Por lo tanto,&nbsp;<strong>esta autopercepci\u00f3n debe ser impulsada y alimentada por nosotros mismos<\/strong>.<\/p>\n<p>Para cumplir con esta funci\u00f3n de manera adecuada, el cuidado y arreglo personal son esenciales. En este caso, quitarnos el pijama<strong>, ducharnos, vestirnos o peinarnos va a ser un refuerzo para nuestra confianza<\/strong>.<\/p>\n<p>Esto no solo ayuda a mantener la rutina, sino que tambi\u00e9n aumenta notablemente nuestra seguridad y autoestima, lo que nos mantendr\u00e1 motivados a pesar de la situaci\u00f3n que estemos pasando.<\/p>\n<hr>\n<p><img decoding=\"async\" src=\"http:\/\/web.vallebro.biz\/wp-content\/uploads\/2020\/01\/articulos.png\"><\/p>\n<div class=\"wp-rss-template-container\" data-wpra-template=\"default\" data-template-ctx=\"W10=\">\n    <div class=\"wp-rss-aggregator wpra-list-template  \" data-page=\"1\">\n    \n    \n<ul class=\"wpra-item-list rss-aggregator wpra-item-list--bullets wpra-item-list--default\"\n    start=\"1\">\n                        <li class=\"wpra-item feed-item \">\n            \n            \n\n    <a  href=\"https:\/\/distritoemprendedores.com\/blog\/2026\/03\/16\/hello-world\/\" target=\"_blank\" rel=\"nofollow\" class=\"\">Hello world!<\/a>\n\n\n\n\n\n\n<div class=\"wprss-feed-meta\">\n            <span class=\"feed-source\">\n            Source:\n\n                            Distrito Emprendedores\n                    <\/span>\n    \n            <span class=\"feed-date\">\n            Published on 2026-03-16\n        <\/span>\n    \n    <\/div>\n\n\n\n\n\n            \n        <\/li>\n                    <li class=\"wpra-item feed-item \">\n            \n            \n\n    <a  href=\"https:\/\/www.dropbox.com\/scl\/fi\/b6csvpbfxu24vaezmo3es\/62bed0634df20e5ef35346439fdd423f_franquicias.pdf?rlkey=mfp2795s4n89mw35l0yeu2vl5&amp;e=2&amp;st=57kabuy0&amp;dl=0#new_tab\" target=\"_blank\" rel=\"nofollow\" class=\"\">Las franquicias espa\u00f1olas duplican su presencia en mercados for\u00e1neos<\/a>\n\n\n\n\n\n\n<div class=\"wprss-feed-meta\">\n            <span class=\"feed-source\">\n            Source:\n\n                            Distrito Emprendedores\n                    <\/span>\n    \n            <span class=\"feed-date\">\n            Published on 2026-03-11\n        <\/span>\n    \n    <\/div>\n\n\n\n\n\n            \n        <\/li>\n                    <li class=\"wpra-item feed-item \">\n            \n            \n\n    <a  href=\"https:\/\/distritoemprendedores.es\/blog\/5-errores-fatales-al-internacionalizar-tu-franquicia\/\" target=\"_blank\" rel=\"nofollow\" class=\"\">5 errores fatales al internacionalizar tu franquicia<\/a>\n\n\n\n\n\n\n<div class=\"wprss-feed-meta\">\n            <span class=\"feed-source\">\n            Source:\n\n                            Distrito Emprendedores\n                    <\/span>\n    \n            <span class=\"feed-date\">\n            Published on 2026-03-10\n        <\/span>\n    \n    <\/div>\n\n\n\n\n\n            \n        <\/li>\n                    <li class=\"wpra-item feed-item \">\n            \n            \n\n    <a  href=\"https:\/\/distritoemprendedores.es\/blog\/un-nuevo-prime-time-para-las-marcas-afterwork-tardeo-y-futbol-se-consolidan-como-los-grandes-motores-del-consumo-experiencial\/\" target=\"_blank\" rel=\"nofollow\" class=\"\">Un nuevo prime time para las marcas: afterwork, tardeo y f\u00fatbol se consolidan como los grandes motores del consumo experiencial<\/a>\n\n\n\n\n\n\n<div class=\"wprss-feed-meta\">\n            <span class=\"feed-source\">\n            Source:\n\n                            Distrito Emprendedores\n                    <\/span>\n    \n            <span class=\"feed-date\">\n            Published on 2026-03-09\n        <\/span>\n    \n    <\/div>\n\n\n\n\n\n            \n        <\/li>\n                    <li class=\"wpra-item feed-item \">\n            \n            \n\n    <a  href=\"https:\/\/distritoemprendedores.es\/blog\/la-ventaja-competitiva-esta-en-entender-como-pregunta-el-consumidor\/\" target=\"_blank\" rel=\"nofollow\" class=\"\">La ventaja competitiva est\u00e1 en entender c\u00f3mo pregunta el consumidor<\/a>\n\n\n\n\n\n\n<div class=\"wprss-feed-meta\">\n            <span class=\"feed-source\">\n            Source:\n\n                            Distrito Emprendedores\n                    <\/span>\n    \n            <span class=\"feed-date\">\n            Published on 2026-03-08\n        <\/span>\n    \n    <\/div>\n\n\n\n\n\n            \n        <\/li>\n                    <li class=\"wpra-item feed-item \">\n            \n            \n\n    <a  href=\"https:\/\/distritoemprendedores.es\/blog\/solo-el-7-de-los-espanoles-cree-a-las-marcas-cuando-comunican-sus-valores-con-hechos-demostrables\/\" target=\"_blank\" rel=\"nofollow\" class=\"\">Solo el 7% de los espa\u00f1oles cree a las marcas cuando comunican sus valores con hechos demostrables<\/a>\n\n\n\n\n\n\n<div class=\"wprss-feed-meta\">\n            <span class=\"feed-source\">\n            Source:\n\n                            Distrito Emprendedores\n                    <\/span>\n    \n            <span class=\"feed-date\">\n            Published on 2026-03-07\n        <\/span>\n    \n    <\/div>\n\n\n\n\n\n            \n        <\/li>\n                    <li class=\"wpra-item feed-item \">\n            \n            \n\n    <a  href=\"https:\/\/distritoemprendedores.es\/blog\/el-38-de-las-empresas-creadas-en-2019-ha-echado-ya-el-cierre\/\" target=\"_blank\" rel=\"nofollow\" class=\"\">El 38% de las empresas creadas en 2019 ha echado ya el cierre<\/a>\n\n\n\n\n\n\n<div class=\"wprss-feed-meta\">\n            <span class=\"feed-source\">\n            Source:\n\n                            Distrito Emprendedores\n                    <\/span>\n    \n            <span class=\"feed-date\">\n            Published on 2026-03-06\n        <\/span>\n    \n    <\/div>\n\n\n\n\n\n            \n        <\/li>\n                    <li class=\"wpra-item feed-item \">\n            \n            \n\n    <a  href=\"https:\/\/distritoemprendedores.es\/blog\/descubre-las-oportunidades-y-tendencias-en-el-mercado-de-la-franquicia-para-2026\/\" target=\"_blank\" rel=\"nofollow\" class=\"\">Descubre las oportunidades y tendencias en el mercado de la franquicia para 2026<\/a>\n\n\n\n\n\n\n<div class=\"wprss-feed-meta\">\n            <span class=\"feed-source\">\n            Source:\n\n                            Distrito Emprendedores\n                    <\/span>\n    \n            <span class=\"feed-date\">\n            Published on 2026-03-05\n        <\/span>\n    \n    <\/div>\n\n\n\n\n\n            \n        <\/li>\n                    <li class=\"wpra-item feed-item \">\n            \n            \n\n    <a  href=\"https:\/\/distritoemprendedores.es\/blog\/las-startups-de-salud-mas-punteras-del-mundo\/\" target=\"_blank\" rel=\"nofollow\" class=\"\">Las startups de salud m\u00e1s punteras del mundo<\/a>\n\n\n\n\n\n\n<div class=\"wprss-feed-meta\">\n            <span class=\"feed-source\">\n            Source:\n\n                            Distrito Emprendedores\n                    <\/span>\n    \n            <span class=\"feed-date\">\n            Published on 2026-03-04\n        <\/span>\n    \n    <\/div>\n\n\n\n\n\n            \n        <\/li>\n                    <li class=\"wpra-item feed-item \">\n            \n            \n\n    <a  href=\"https:\/\/distritoemprendedores.es\/blog\/puesta-en-marcha-de-un-negocio-primeros-pasos-para-validar-vender-y-controlar-la-tesoreria\/\" target=\"_blank\" rel=\"nofollow\" class=\"\">Puesta en marcha de un negocio: primeros pasos para validar, vender y controlar la tesorer\u00eda<\/a>\n\n\n\n\n\n\n<div class=\"wprss-feed-meta\">\n            <span class=\"feed-source\">\n            Source:\n\n                            Distrito Emprendedores\n                    <\/span>\n    \n            <span class=\"feed-date\">\n            Published on 2026-03-03\n        <\/span>\n    \n    <\/div>\n\n\n\n\n\n            \n        <\/li>\n                    <li class=\"wpra-item feed-item \">\n            \n            \n\n    <a  href=\"https:\/\/distritoemprendedores.es\/blog\/6-franquicias-sin-apenas-competencia-en-el-mercado\/\" target=\"_blank\" rel=\"nofollow\" class=\"\">6 franquicias sin apenas competencia en el mercado<\/a>\n\n\n\n\n\n\n<div class=\"wprss-feed-meta\">\n            <span class=\"feed-source\">\n            Source:\n\n                            Distrito Emprendedores\n                    <\/span>\n    \n            <span class=\"feed-date\">\n            Published on 2026-03-02\n        <\/span>\n    \n    <\/div>\n\n\n\n\n\n            \n        <\/li>\n                    <li class=\"wpra-item feed-item \">\n            \n            \n\n    <a  href=\"https:\/\/digistorage.es\/links\/71d78951-a420-4f5b-8de6-7b35ae7efc1c#new_tab\" target=\"_blank\" rel=\"nofollow\" class=\"\">Los algoritmos amenazan con filtrar las confesiones realizadas al abogado<\/a>\n\n\n\n\n\n\n<div class=\"wprss-feed-meta\">\n            <span class=\"feed-source\">\n            Source:\n\n                            Distrito Emprendedores\n                    <\/span>\n    \n            <span class=\"feed-date\">\n            Published on 2026-03-01\n        <\/span>\n    \n    <\/div>\n\n\n\n\n\n            \n        <\/li>\n                    <li class=\"wpra-item feed-item \">\n            \n            \n\n    <a  href=\"https:\/\/distritoemprendedores.es\/blog\/las-startups-que-mas-innovan-en-el-mundo\/\" target=\"_blank\" rel=\"nofollow\" class=\"\">Las startups que m\u00e1s innovan en el mundo<\/a>\n\n\n\n\n\n\n<div class=\"wprss-feed-meta\">\n            <span class=\"feed-source\">\n            Source:\n\n                            Distrito Emprendedores\n                    <\/span>\n    \n            <span class=\"feed-date\">\n            Published on 2026-02-28\n        <\/span>\n    \n    <\/div>\n\n\n\n\n\n            \n        <\/li>\n                    <li class=\"wpra-item feed-item \">\n            \n            \n\n    <a  href=\"https:\/\/distritoemprendedores.es\/blog\/tiktok-genera-31-000-millones-de-euros-para-las-empresas-europeas-y-3-000-millones-en-espana\/\" target=\"_blank\" rel=\"nofollow\" class=\"\">TikTok genera 31.000 millones de euros para las empresas europeas y 3.000 millones en Espa\u00f1a<\/a>\n\n\n\n\n\n\n<div class=\"wprss-feed-meta\">\n            <span class=\"feed-source\">\n            Source:\n\n                            Distrito Emprendedores\n                    <\/span>\n    \n            <span class=\"feed-date\">\n            Published on 2026-02-27\n        <\/span>\n    \n    <\/div>\n\n\n\n\n\n            \n        <\/li>\n                    <li class=\"wpra-item feed-item \">\n            \n            \n\n    <a  href=\"https:\/\/distritoemprendedores.es\/blog\/amazon-planea-un-marketplace-para-hacer-de-puente-entre-los-publishers-y-las-empresas-de-ia\/\" target=\"_blank\" rel=\"nofollow\" class=\"\">Amazon planea un \u00abmarketplace\u00bb para hacer de puente entre los \u00abpublishers\u00bb y las empresas de IA<\/a>\n\n\n\n\n\n\n<div class=\"wprss-feed-meta\">\n            <span class=\"feed-source\">\n            Source:\n\n                            Distrito Emprendedores\n                    <\/span>\n    \n            <span class=\"feed-date\">\n            Published on 2026-02-26\n        <\/span>\n    \n    <\/div>\n\n\n\n\n\n            \n        <\/li>\n        <\/ul>\n\n        \n<\/div>\n\n<\/div>\n\n<hr>\n<h2>La motivaci\u00f3n, clave para enfrentar la cascada emocional en cuarentena<\/h2>\n<p>Como sabemos,&nbsp;<strong>la motivaci\u00f3n es fundamental para realizar cualquier actividad<\/strong>. Influye desde que nos despertamos hasta que nos acostamos. De ella depende que podamos cumplir nuestros sue\u00f1os y metas. Sin embargo, esta se puede ver afectada por muchos factores, uno de ellos puede ser estar encerrados de d\u00eda y de noche.<\/p>\n<p>De igual manera, el hecho de tener una situaci\u00f3n cr\u00edtica a nivel mundial y&nbsp;<strong>el cambio de nuestra rutina de manera abrupta, puede generarnos s\u00edntomas de ansiedad y&nbsp;<a href=\"https:\/\/mejorconsalud.com\/detectar-la-depresion\/\" target=\"_blank\" rel=\"noopener noreferrer\">depresi\u00f3n<\/a><\/strong>. Esto va a crear un malestar general que afectar\u00e1 no solo nuestro funcionamiento personal, sino tambi\u00e9n al de las personas que nos rodean.<\/p>\n<p>Se debe a que hay una sincronizaci\u00f3n entre lo que est\u00e1 sucediendo de manera interna (nosotros mismos) y lo de manera externa (lo que sucede en nuestro contexto).<\/p>\n<p>A pesar de ser casi inevitable tener este tipo de s\u00edntomas, es importante saberlos enfrentar y manejar. Aqu\u00ed es donde la motivaci\u00f3n adquiere protagonismo, ya que con ella podemos encontrar y aplicar herramientas que ayudaran a controlar adecuadamente la situaci\u00f3n. En este caso,&nbsp;<strong>la motivaci\u00f3n puede ser alimentada con acciones como quitarse el pijama.<\/strong><\/p>\n<p><strong>Al hacer el esfuerzo y quitarnos el pijama, no estamos dando un mensaje de que necesitamos levantarnos<\/strong>. Al hacerlo, nos impulsamos a hacer otras actividades que nos motiven y nos hacen seguir con nuestra rutina. Todo esto nos ayudar\u00e1 a seguir adelante y a controlar la cascada de emociones derivadas de la situaci\u00f3n actual.<\/p>\n<h2>\u00bfPor qu\u00e9 los astronautas se quitan el pijama en el espacio?<\/h2>\n<p>Para terminar, es importante dar un ejemplo de la importancia de quitarse el pijama cuando se est\u00e1 en confinamiento. Uno de los m\u00e1s conocidos es de&nbsp;<a href=\"https:\/\/www.lavanguardia.com\/vida\/junior-report\/20181119\/453048467220\/rutina-vida-diaria-estacion-espacial-iss.html\" target=\"_blank\" rel=\"noopener noreferrer\">los astronautas<\/a>.<\/p>\n<p>Cuando ellos est\u00e1n en una misi\u00f3n en el espacio, suele estar algunos meses encerrados. Aun as\u00ed,&nbsp;<b>ellos tienen implementada una rutina ayudada de elementos externos,&nbsp;<\/b>como la vestimenta, para compartimentar las diferentes partes del d\u00eda.<\/p>\n<p>Con esto podemos ver la importancia de<strong>&nbsp;mantener una rutina diaria, en la que se incluyan cambios de atuendo y designaci\u00f3n de espacios para hacer cada actividad<\/strong>. Esto nos ayudar\u00e1 a hacer mucho m\u00e1s llevadera la situaci\u00f3n que estamos pasando y, por ende, a enfrentarla con m\u00e1s motivaci\u00f3n.<\/p>\n<p><em>Este art\u00edculo fue redactado y avalado por la psic\u00f3loga&nbsp;<a class=\"highlight blue-border\" href=\"https:\/\/lamenteesmaravillosa.com\/autor\/mariapaula-rojas\/\">Mar\u00eda Paula Rojas<\/a><\/em><\/p>\n<div id=\"telet-84622934\" class=\"telet-despues-del-contenido telet-entity-placement\"><a target=\"_blank\" href=\"\/\/aff.lucushost.com\/resources\/click\/?n=gDxoXMAJ&aff=756\"><img decoding=\"async\" border=\"0\" alt=\"LucusHost, el mejor hosting\" src=\"\/\/aff.lucushost.com\/resources\/banners\/?zoneid=5123&n=gDxoXMAJ&aff=756\" \/><\/a><\/div>","protected":false},"excerpt":{"rendered":"<p>\u00bfC\u00f3mo nos ayuda quitarnos el pijama durante la cuarentena? \u00bfPor qu\u00e9 nos ayudar\u00e1 a sentirnos mejor durante el confinamiento? A continuaci\u00f3n, intentaremos responder a estas preguntas. Debido a la situaci\u00f3n&hellip; <\/p>\n","protected":false},"author":1,"featured_media":869,"comment_status":"open","ping_status":"open","sticky":false,"template":"","format":"standard","meta":{"_jetpack_memberships_contains_paid_content":false,"footnotes":"","_links_to":"","_links_to_target":""},"categories":[1],"tags":[15,14],"class_list":["post-861","post","type-post","status-publish","format-standard","has-post-thumbnail","hentry","category-telesecretarias","tag-fuprisa","tag-jose-manuel-fuentes-prieto"],"nelio_content":{"autoShareEndMode":"never","automationSources":{"useCustomSentences":false,"customSentences":[]},"efiAlt":"","efiUrl":"","followers":[1],"highlights":[],"isAutoShareEnabled":true,"networkImageIds":[],"permalinkQueryArgs":[],"series":[],"suggestedReferences":[]},"jetpack_featured_media_url":"https:\/\/teletrabajoynegocios.com\/telesecretarias\/wp-content\/uploads\/sites\/2\/2020\/04\/chica-con-ordenador.jpg","jetpack_sharing_enabled":true,"_links":{"self":[{"href":"https:\/\/teletrabajoynegocios.com\/telesecretarias\/wp-json\/wp\/v2\/posts\/861","targetHints":{"allow":["GET"]}}],"collection":[{"href":"https:\/\/teletrabajoynegocios.com\/telesecretarias\/wp-json\/wp\/v2\/posts"}],"about":[{"href":"https:\/\/teletrabajoynegocios.com\/telesecretarias\/wp-json\/wp\/v2\/types\/post"}],"author":[{"embeddable":true,"href":"https:\/\/teletrabajoynegocios.com\/telesecretarias\/wp-json\/wp\/v2\/users\/1"}],"replies":[{"embeddable":true,"href":"https:\/\/teletrabajoynegocios.com\/telesecretarias\/wp-json\/wp\/v2\/comments?post=861"}],"version-history":[{"count":1,"href":"https:\/\/teletrabajoynegocios.com\/telesecretarias\/wp-json\/wp\/v2\/posts\/861\/revisions"}],"predecessor-version":[{"id":870,"href":"https:\/\/teletrabajoynegocios.com\/telesecretarias\/wp-json\/wp\/v2\/posts\/861\/revisions\/870"}],"wp:featuredmedia":[{"embeddable":true,"href":"https:\/\/teletrabajoynegocios.com\/telesecretarias\/wp-json\/wp\/v2\/media\/869"}],"wp:attachment":[{"href":"https:\/\/teletrabajoynegocios.com\/telesecretarias\/wp-json\/wp\/v2\/media?parent=861"}],"wp:term":[{"taxonomy":"category","embeddable":true,"href":"https:\/\/teletrabajoynegocios.com\/telesecretarias\/wp-json\/wp\/v2\/categories?post=861"},{"taxonomy":"post_tag","embeddable":true,"href":"https:\/\/teletrabajoynegocios.com\/telesecretarias\/wp-json\/wp\/v2\/tags?post=861"}],"curies":[{"name":"wp","href":"https:\/\/api.w.org\/{rel}","templated":true}]}}