{"id":8622,"date":"2022-04-11T11:07:50","date_gmt":"2022-04-11T09:07:50","guid":{"rendered":"https:\/\/teletrabajoynegocios.com\/telesecretarias\/?p=8622"},"modified":"2022-04-10T19:12:54","modified_gmt":"2022-04-10T17:12:54","slug":"posiciona-tu-marca-personal-como-asistente-virtual","status":"publish","type":"post","link":"https:\/\/teletrabajoynegocios.com\/telesecretarias\/posiciona-tu-marca-personal-como-asistente-virtual\/","title":{"rendered":"Posiciona tu marca personal como asistente virtual"},"content":{"rendered":"<div id=\"telet-1859048189\" class=\"telet-antes-del-contenido telet-entity-placement\"><a href=\"https:\/\/quaderno.io\/?via=jose-manuel94\" aria-label=\"Quaderno General (Spanish) &#8211; 728&#215;90\"><img loading=\"lazy\" decoding=\"async\" src=\"https:\/\/teletrabajoynegocios.com\/telesecretarias\/wp-content\/uploads\/sites\/2\/2020\/11\/Quaderno-General-Spanish-728x90-1.png\" alt=\"\"  srcset=\"https:\/\/teletrabajoynegocios.com\/telesecretarias\/wp-content\/uploads\/sites\/2\/2020\/11\/Quaderno-General-Spanish-728x90-1.png 728w, https:\/\/teletrabajoynegocios.com\/telesecretarias\/wp-content\/uploads\/sites\/2\/2020\/11\/Quaderno-General-Spanish-728x90-1-300x37.png 300w\" sizes=\"(max-width: 728px) 100vw, 728px\" width=\"728\" height=\"90\"   \/><\/a><\/div><p>En el art\u00edculo anterior, te habl\u00e9 de c\u00f3mo conseguir clientes en las redes sociales; y mencionamos, por encima,\u00a0<strong>la importancia de tener una marca personal consolidada y bien posicionada<\/strong>.<\/p>\n<p>Puede que hayas escuchado hablar de las marcas personales y que te suene lo que son, o puede que tengas muy claro qu\u00e9 es y cu\u00e1les son las ventajas de tenerla bien trabajada.<\/p>\n<p>En cualquiera de los dos casos, estoy seguro de que, si est\u00e1s aqu\u00ed es porque quieres saber c\u00f3mo posicionar mejor tu marca personal de asistente virtual.<\/p>\n<p>En este post, quiero centrarme en\u00a0<strong>la importancia de que tengas construida una buena marca\u00a0<\/strong>y, por supuesto, en cu\u00e1les son las\u00a0<strong>estrategias que puedes seguir para conseguirlo.\u00a0<\/strong><\/p>\n<p>As\u00ed que, si tienes un negocio de asistencia virtual y quieres comenzar de una vez por todas a destacar sobre tu competencia, sigue leyendo.<\/p>\n<h2><strong>\u00bfQu\u00e9 es una marca personal?<\/strong><\/h2>\n<p>En Internet podemos encontrar muchas definiciones de lo que es una marca personal. Pero,\u00a0<strong>hay quienes tienen cierta confusi\u00f3n con lo que s\u00ed es y lo que no.\u00a0<\/strong><\/p>\n<p>Por eso, antes de empezar a ver c\u00f3mo construirla y mejorarla, vamos a sentar las bases y definir qu\u00e9 es.<\/p>\n<p>Una marca (en general) es una se\u00f1al que nos permite identificar o distinguir algo de otras cosas similares.<\/p>\n<p>As\u00ed que, una marca personal consiste en esos\u00a0<strong>rasgos y caracter\u00edsticas que transmitimos como personas y que nos distinguen de los dem\u00e1s.\u00a0<\/strong><\/p>\n<p>Claro, a nivel cotidiano no hablamos de \u201cmarca personal\u201d. Sin embargo, cuando tenemos un negocio de asistente virtual (o de cualquier otro tipo) y queremos distinguirnos de nuestra competencia, s\u00ed hablamos de marca personal.<\/p>\n<p>Porque nuestra finalidad es distinguirnos del resto, potenciando esas caracter\u00edsticas que hacen que seamos \u00fanicos.<\/p>\n<hr \/>\n<p><img decoding=\"async\" src=\"https:\/\/teletrabajoynegocios.com\/teletrabajador\/wp-content\/uploads\/sites\/3\/2020\/07\/articulos.png\" \/><\/p>\n<div class=\"wp-rss-template-container\" data-wpra-template=\"default\" data-template-ctx=\"eyJ0ZW1wbGF0ZSI6IkRlZmF1bHQifQ==\">\n    <div class=\"wp-rss-aggregator wpra-list-template  \" data-page=\"1\">\n    \n    \n<ul class=\"wpra-item-list rss-aggregator wpra-item-list--bullets wpra-item-list--default\"\n    start=\"1\">\n                        <li class=\"wpra-item feed-item \">\n            \n            \n\n    <a  href=\"https:\/\/distritoemprendedores.com\/blog\/2026\/03\/16\/hello-world\/\" target=\"_blank\" rel=\"nofollow\" class=\"\">Hello world!<\/a>\n\n\n\n\n\n\n<div class=\"wprss-feed-meta\">\n            <span class=\"feed-source\">\n            Source:\n\n                            Distrito Emprendedores\n                    <\/span>\n    \n            <span class=\"feed-date\">\n            Published on 2026-03-16\n        <\/span>\n    \n    <\/div>\n\n\n\n\n\n            \n        <\/li>\n                    <li class=\"wpra-item feed-item \">\n            \n            \n\n    <a  href=\"https:\/\/www.dropbox.com\/scl\/fi\/b6csvpbfxu24vaezmo3es\/62bed0634df20e5ef35346439fdd423f_franquicias.pdf?rlkey=mfp2795s4n89mw35l0yeu2vl5&amp;e=2&amp;st=57kabuy0&amp;dl=0#new_tab\" target=\"_blank\" rel=\"nofollow\" class=\"\">Las franquicias espa\u00f1olas duplican su presencia en mercados for\u00e1neos<\/a>\n\n\n\n\n\n\n<div class=\"wprss-feed-meta\">\n            <span class=\"feed-source\">\n            Source:\n\n                            Distrito Emprendedores\n                    <\/span>\n    \n            <span class=\"feed-date\">\n            Published on 2026-03-11\n        <\/span>\n    \n    <\/div>\n\n\n\n\n\n            \n        <\/li>\n                    <li class=\"wpra-item feed-item \">\n            \n            \n\n    <a  href=\"https:\/\/distritoemprendedores.es\/blog\/5-errores-fatales-al-internacionalizar-tu-franquicia\/\" target=\"_blank\" rel=\"nofollow\" class=\"\">5 errores fatales al internacionalizar tu franquicia<\/a>\n\n\n\n\n\n\n<div class=\"wprss-feed-meta\">\n            <span class=\"feed-source\">\n            Source:\n\n                            Distrito Emprendedores\n                    <\/span>\n    \n            <span class=\"feed-date\">\n            Published on 2026-03-10\n        <\/span>\n    \n    <\/div>\n\n\n\n\n\n            \n        <\/li>\n                    <li class=\"wpra-item feed-item \">\n            \n            \n\n    <a  href=\"https:\/\/distritoemprendedores.es\/blog\/un-nuevo-prime-time-para-las-marcas-afterwork-tardeo-y-futbol-se-consolidan-como-los-grandes-motores-del-consumo-experiencial\/\" target=\"_blank\" rel=\"nofollow\" class=\"\">Un nuevo prime time para las marcas: afterwork, tardeo y f\u00fatbol se consolidan como los grandes motores del consumo experiencial<\/a>\n\n\n\n\n\n\n<div class=\"wprss-feed-meta\">\n            <span class=\"feed-source\">\n            Source:\n\n                            Distrito Emprendedores\n                    <\/span>\n    \n            <span class=\"feed-date\">\n            Published on 2026-03-09\n        <\/span>\n    \n    <\/div>\n\n\n\n\n\n            \n        <\/li>\n                    <li class=\"wpra-item feed-item \">\n            \n            \n\n    <a  href=\"https:\/\/distritoemprendedores.es\/blog\/la-ventaja-competitiva-esta-en-entender-como-pregunta-el-consumidor\/\" target=\"_blank\" rel=\"nofollow\" class=\"\">La ventaja competitiva est\u00e1 en entender c\u00f3mo pregunta el consumidor<\/a>\n\n\n\n\n\n\n<div class=\"wprss-feed-meta\">\n            <span class=\"feed-source\">\n            Source:\n\n                            Distrito Emprendedores\n                    <\/span>\n    \n            <span class=\"feed-date\">\n            Published on 2026-03-08\n        <\/span>\n    \n    <\/div>\n\n\n\n\n\n            \n        <\/li>\n                    <li class=\"wpra-item feed-item \">\n            \n            \n\n    <a  href=\"https:\/\/distritoemprendedores.es\/blog\/solo-el-7-de-los-espanoles-cree-a-las-marcas-cuando-comunican-sus-valores-con-hechos-demostrables\/\" target=\"_blank\" rel=\"nofollow\" class=\"\">Solo el 7% de los espa\u00f1oles cree a las marcas cuando comunican sus valores con hechos demostrables<\/a>\n\n\n\n\n\n\n<div class=\"wprss-feed-meta\">\n            <span class=\"feed-source\">\n            Source:\n\n                            Distrito Emprendedores\n                    <\/span>\n    \n            <span class=\"feed-date\">\n            Published on 2026-03-07\n        <\/span>\n    \n    <\/div>\n\n\n\n\n\n            \n        <\/li>\n                    <li class=\"wpra-item feed-item \">\n            \n            \n\n    <a  href=\"https:\/\/distritoemprendedores.es\/blog\/el-38-de-las-empresas-creadas-en-2019-ha-echado-ya-el-cierre\/\" target=\"_blank\" rel=\"nofollow\" class=\"\">El 38% de las empresas creadas en 2019 ha echado ya el cierre<\/a>\n\n\n\n\n\n\n<div class=\"wprss-feed-meta\">\n            <span class=\"feed-source\">\n            Source:\n\n                            Distrito Emprendedores\n                    <\/span>\n    \n            <span class=\"feed-date\">\n            Published on 2026-03-06\n        <\/span>\n    \n    <\/div>\n\n\n\n\n\n            \n        <\/li>\n                    <li class=\"wpra-item feed-item \">\n            \n            \n\n    <a  href=\"https:\/\/distritoemprendedores.es\/blog\/descubre-las-oportunidades-y-tendencias-en-el-mercado-de-la-franquicia-para-2026\/\" target=\"_blank\" rel=\"nofollow\" class=\"\">Descubre las oportunidades y tendencias en el mercado de la franquicia para 2026<\/a>\n\n\n\n\n\n\n<div class=\"wprss-feed-meta\">\n            <span class=\"feed-source\">\n            Source:\n\n                            Distrito Emprendedores\n                    <\/span>\n    \n            <span class=\"feed-date\">\n            Published on 2026-03-05\n        <\/span>\n    \n    <\/div>\n\n\n\n\n\n            \n        <\/li>\n                    <li class=\"wpra-item feed-item \">\n            \n            \n\n    <a  href=\"https:\/\/distritoemprendedores.es\/blog\/las-startups-de-salud-mas-punteras-del-mundo\/\" target=\"_blank\" rel=\"nofollow\" class=\"\">Las startups de salud m\u00e1s punteras del mundo<\/a>\n\n\n\n\n\n\n<div class=\"wprss-feed-meta\">\n            <span class=\"feed-source\">\n            Source:\n\n                            Distrito Emprendedores\n                    <\/span>\n    \n            <span class=\"feed-date\">\n            Published on 2026-03-04\n        <\/span>\n    \n    <\/div>\n\n\n\n\n\n            \n        <\/li>\n                    <li class=\"wpra-item feed-item \">\n            \n            \n\n    <a  href=\"https:\/\/distritoemprendedores.es\/blog\/puesta-en-marcha-de-un-negocio-primeros-pasos-para-validar-vender-y-controlar-la-tesoreria\/\" target=\"_blank\" rel=\"nofollow\" class=\"\">Puesta en marcha de un negocio: primeros pasos para validar, vender y controlar la tesorer\u00eda<\/a>\n\n\n\n\n\n\n<div class=\"wprss-feed-meta\">\n            <span class=\"feed-source\">\n            Source:\n\n                            Distrito Emprendedores\n                    <\/span>\n    \n            <span class=\"feed-date\">\n            Published on 2026-03-03\n        <\/span>\n    \n    <\/div>\n\n\n\n\n\n            \n        <\/li>\n                    <li class=\"wpra-item feed-item \">\n            \n            \n\n    <a  href=\"https:\/\/distritoemprendedores.es\/blog\/6-franquicias-sin-apenas-competencia-en-el-mercado\/\" target=\"_blank\" rel=\"nofollow\" class=\"\">6 franquicias sin apenas competencia en el mercado<\/a>\n\n\n\n\n\n\n<div class=\"wprss-feed-meta\">\n            <span class=\"feed-source\">\n            Source:\n\n                            Distrito Emprendedores\n                    <\/span>\n    \n            <span class=\"feed-date\">\n            Published on 2026-03-02\n        <\/span>\n    \n    <\/div>\n\n\n\n\n\n            \n        <\/li>\n                    <li class=\"wpra-item feed-item \">\n            \n            \n\n    <a  href=\"https:\/\/digistorage.es\/links\/71d78951-a420-4f5b-8de6-7b35ae7efc1c#new_tab\" target=\"_blank\" rel=\"nofollow\" class=\"\">Los algoritmos amenazan con filtrar las confesiones realizadas al abogado<\/a>\n\n\n\n\n\n\n<div class=\"wprss-feed-meta\">\n            <span class=\"feed-source\">\n            Source:\n\n                            Distrito Emprendedores\n                    <\/span>\n    \n            <span class=\"feed-date\">\n            Published on 2026-03-01\n        <\/span>\n    \n    <\/div>\n\n\n\n\n\n            \n        <\/li>\n                    <li class=\"wpra-item feed-item \">\n            \n            \n\n    <a  href=\"https:\/\/distritoemprendedores.es\/blog\/las-startups-que-mas-innovan-en-el-mundo\/\" target=\"_blank\" rel=\"nofollow\" class=\"\">Las startups que m\u00e1s innovan en el mundo<\/a>\n\n\n\n\n\n\n<div class=\"wprss-feed-meta\">\n            <span class=\"feed-source\">\n            Source:\n\n                            Distrito Emprendedores\n                    <\/span>\n    \n            <span class=\"feed-date\">\n            Published on 2026-02-28\n        <\/span>\n    \n    <\/div>\n\n\n\n\n\n            \n        <\/li>\n                    <li class=\"wpra-item feed-item \">\n            \n            \n\n    <a  href=\"https:\/\/distritoemprendedores.es\/blog\/tiktok-genera-31-000-millones-de-euros-para-las-empresas-europeas-y-3-000-millones-en-espana\/\" target=\"_blank\" rel=\"nofollow\" class=\"\">TikTok genera 31.000 millones de euros para las empresas europeas y 3.000 millones en Espa\u00f1a<\/a>\n\n\n\n\n\n\n<div class=\"wprss-feed-meta\">\n            <span class=\"feed-source\">\n            Source:\n\n                            Distrito Emprendedores\n                    <\/span>\n    \n            <span class=\"feed-date\">\n            Published on 2026-02-27\n        <\/span>\n    \n    <\/div>\n\n\n\n\n\n            \n        <\/li>\n                    <li class=\"wpra-item feed-item \">\n            \n            \n\n    <a  href=\"https:\/\/distritoemprendedores.es\/blog\/amazon-planea-un-marketplace-para-hacer-de-puente-entre-los-publishers-y-las-empresas-de-ia\/\" target=\"_blank\" rel=\"nofollow\" class=\"\">Amazon planea un \u00abmarketplace\u00bb para hacer de puente entre los \u00abpublishers\u00bb y las empresas de IA<\/a>\n\n\n\n\n\n\n<div class=\"wprss-feed-meta\">\n            <span class=\"feed-source\">\n            Source:\n\n                            Distrito Emprendedores\n                    <\/span>\n    \n            <span class=\"feed-date\">\n            Published on 2026-02-26\n        <\/span>\n    \n    <\/div>\n\n\n\n\n\n            \n        <\/li>\n        <\/ul>\n\n        \n<\/div>\n\n<\/div>\n\n<hr \/>\n<h3><strong>Importante: ent\u00e9rate de lo que NO es una marca personal<\/strong><\/h3>\n<p>Adem\u00e1s de ser importante saber qu\u00e9 es una marca personal, es bastante relevante saber qu\u00e9 NO es.<\/p>\n<p>Y es que, aunque la marca personal es algo tan f\u00e1cil de definir, hay quienes tienen ideas equivocadas.<\/p>\n<p>Por ejemplo, la siguiente:<\/p>\n<p><strong>Una marca personal NO es un logo, unos colores y una p\u00e1gina web<\/strong>. Por lo tanto, cuando hablamos de posicionar una marca personal o mejorarla, no nos referimos a mejorar estos elementos.<\/p>\n<p>Estos elementos pueden ser \u00fatiles para diferenciar nuestra marca de otras y para darnos a conocer. Pero NO SON la marca.<\/p>\n<p><strong>La marca SOMOS NOSOTROS y las caracter\u00edsticas que nos distinguen como PERSONAS.\u00a0<\/strong><\/p>\n<h2><strong>Las ventajas de mejorar tu marca personal\u00a0<\/strong><\/h2>\n<p>\u00bfPor qu\u00e9 es tan importante posicionar tu marca personal y ser un referente en tu sector? Porque puedes conseguir todo esto y mucho m\u00e1s:<\/p>\n<p>Primero,\u00a0<strong>generar esa confianza y respeto<\/strong>\u00a0hacia tu persona y, por ende, hacia tu marca, que necesitas para pasar al siguiente nivel en la b\u00fasqueda de tus clientes.<\/p>\n<p>Adem\u00e1s, te ayuda a conseguir m\u00e1s trabajo y, sobre todo,\u00a0<strong>un trabajo de mejor calidad.\u00a0<\/strong><\/p>\n<p>Y, por si eso fuera poco, si tienes una marca personal bien posicionada,\u00a0<strong>ser\u00e1s la primera opci\u00f3n que se vendr\u00e1 a la mente de cualquiera<\/strong>\u00a0cuando piense en tu profesi\u00f3n, y esto repercute en muchos beneficios (de autoridad y econ\u00f3micos).<\/p>\n<h2><strong>C\u00f3mo elevar el posicionamiento de tu marca personal\u00a0<\/strong><\/h2>\n<p>Aumenta la importancia de tu marca personal con estos pasos:<\/p>\n<h3><strong>1. M\u00e1rcate objetivos<\/strong><\/h3>\n<p>Al marinero que no sabe ad\u00f3nde va, ning\u00fan viento le es propicio.<\/p>\n<p>Si quieres conseguir el \u00e9xito con tu marca personal, primero\u00a0<strong>aseg\u00farate de definir qu\u00e9 es el \u00e9xito para ti<\/strong>.<\/p>\n<p>De lo contrario, le estar\u00e1s dando golpes al aire.<\/p>\n<h3><strong>2. Define tu p\u00fablico<\/strong><\/h3>\n<p>Para saber c\u00f3mo llegar a tu p\u00fablico, necesitas saber qui\u00e9n lo compone. As\u00ed, podr\u00e1s interactuar con \u00e9l en los canales en los que se mueve.<\/p>\n<h3><strong>3. Dise\u00f1a tu imagen personal\u00a0<\/strong><\/h3>\n<p>Dise\u00f1a tu imagen personal (corporativa). C\u00f3mo ser\u00e1n tus fotos, tu logo, tu web, tu comunicaci\u00f3n\u2026<\/p>\n<p>Para que este paso tenga \u00e9xito,\u00a0<strong>sigue la regla m\u00e1s importante\u00a0<\/strong>de la marca personal, de la que te hablar\u00e9 m\u00e1s adelante.<\/p>\n<h3><strong>4. Utiliza las redes sociales y los medios a tu alcance\u00a0<\/strong><\/h3>\n<p>Para potenciar tu marca personal, necesitas llegar al p\u00fablico y comunicarte con \u00e9l. Utiliza las redes sociales y los medios que tengas a tu alcance para hacerlo.<\/p>\n<h3><strong>5. Planifica antes de actuar\u00a0<\/strong><\/h3>\n<p>Antes de publicar cualquier cosa en las redes sociales o de hacer cualquier cambio en tu marca personal de asistente virtual,\u00a0<strong>piensa y planifica.<\/strong><\/p>\n<p>No quieres ir dando bandazos, sino que cada paso que des sea contundente. Para conseguir eso, debes dejar de lado la improvisaci\u00f3n.<\/p>\n<h2><strong>La regla m\u00e1s importante de la marca personal: s\u00e9 t\u00fa<\/strong><\/h2>\n<p>No hay nada m\u00e1s cargante que una persona que finge ser lo que no es. \u00a1Mucho cuidado con esto, porque es muy f\u00e1cil caer en este error garrafal!<\/p>\n<p>Si quieres que tu marca personal triunfe,<strong>\u00a0debe reflejar tu personalidad real.\u00a0<\/strong><\/p>\n<p>Si eres una persona alegre y dicharachera, haz que tu marca lo refleje. Y lo mismo si eres una persona seria y sobria.<\/p>\n<p>Siendo t\u00fa mismo, ser\u00e1 mucho m\u00e1s f\u00e1cil que atraigas a personas afines a ti y, por supuesto, es<strong>\u00a0la \u00fanica manera de que puedas mantener la misma imagen durante muchos a\u00f1os.\u00a0<\/strong><\/p>\n<p><span class=\"entry-author\"><a class=\"entry-author-link\" href=\"https:\/\/www.administracionvirtual.es\/author\/javisantos14\/\" rel=\"author\"><span class=\"entry-author-name\">JAVIER SANTOS<\/span><\/a><\/span><\/p>\n<div id=\"telet-2780017268\" class=\"telet-despues-del-contenido telet-entity-placement\"><a target=\"_blank\" href=\"\/\/aff.lucushost.com\/resources\/click\/?n=gDxoXMAJ&aff=756\"><img decoding=\"async\" border=\"0\" alt=\"LucusHost, el mejor hosting\" src=\"\/\/aff.lucushost.com\/resources\/banners\/?zoneid=5123&n=gDxoXMAJ&aff=756\" \/><\/a><\/div>","protected":false},"excerpt":{"rendered":"<p>En el art\u00edculo anterior, te habl\u00e9 de c\u00f3mo conseguir clientes en las redes sociales; y mencionamos, por encima,\u00a0la importancia de tener una marca personal consolidada y bien posicionada. Puede que&hellip; <\/p>\n","protected":false},"author":1,"featured_media":8623,"comment_status":"open","ping_status":"open","sticky":false,"template":"","format":"standard","meta":{"_jetpack_memberships_contains_paid_content":false,"footnotes":"","_links_to":"","_links_to_target":""},"categories":[1],"tags":[15,14],"class_list":["post-8622","post","type-post","status-publish","format-standard","has-post-thumbnail","hentry","category-telesecretarias","tag-fuprisa","tag-jose-manuel-fuentes-prieto"],"nelio_content":{"autoShareEndMode":"never","automationSources":{"useCustomSentences":false,"customSentences":[]},"efiAlt":"","efiUrl":"","followers":[1],"highlights":[],"isAutoShareEnabled":true,"networkImageIds":[],"permalinkQueryArgs":[],"series":[],"suggestedReferences":[]},"jetpack_featured_media_url":"https:\/\/teletrabajoynegocios.com\/telesecretarias\/wp-content\/uploads\/sites\/2\/2022\/04\/mujer-feliz-cumplir-objetivos.jpg","jetpack_sharing_enabled":true,"_links":{"self":[{"href":"https:\/\/teletrabajoynegocios.com\/telesecretarias\/wp-json\/wp\/v2\/posts\/8622","targetHints":{"allow":["GET"]}}],"collection":[{"href":"https:\/\/teletrabajoynegocios.com\/telesecretarias\/wp-json\/wp\/v2\/posts"}],"about":[{"href":"https:\/\/teletrabajoynegocios.com\/telesecretarias\/wp-json\/wp\/v2\/types\/post"}],"author":[{"embeddable":true,"href":"https:\/\/teletrabajoynegocios.com\/telesecretarias\/wp-json\/wp\/v2\/users\/1"}],"replies":[{"embeddable":true,"href":"https:\/\/teletrabajoynegocios.com\/telesecretarias\/wp-json\/wp\/v2\/comments?post=8622"}],"version-history":[{"count":2,"href":"https:\/\/teletrabajoynegocios.com\/telesecretarias\/wp-json\/wp\/v2\/posts\/8622\/revisions"}],"predecessor-version":[{"id":8625,"href":"https:\/\/teletrabajoynegocios.com\/telesecretarias\/wp-json\/wp\/v2\/posts\/8622\/revisions\/8625"}],"wp:featuredmedia":[{"embeddable":true,"href":"https:\/\/teletrabajoynegocios.com\/telesecretarias\/wp-json\/wp\/v2\/media\/8623"}],"wp:attachment":[{"href":"https:\/\/teletrabajoynegocios.com\/telesecretarias\/wp-json\/wp\/v2\/media?parent=8622"}],"wp:term":[{"taxonomy":"category","embeddable":true,"href":"https:\/\/teletrabajoynegocios.com\/telesecretarias\/wp-json\/wp\/v2\/categories?post=8622"},{"taxonomy":"post_tag","embeddable":true,"href":"https:\/\/teletrabajoynegocios.com\/telesecretarias\/wp-json\/wp\/v2\/tags?post=8622"}],"curies":[{"name":"wp","href":"https:\/\/api.w.org\/{rel}","templated":true}]}}