{"id":874,"date":"2020-04-20T11:12:10","date_gmt":"2020-04-20T09:12:10","guid":{"rendered":"https:\/\/teletrabajoynegocios.com\/telesecretarias\/?p=874"},"modified":"2020-06-16T08:43:05","modified_gmt":"2020-06-16T06:43:05","slug":"instagram-atrae-ya-a-una-audiencia-mayor-que-la-facebook-aunque-su-engagement-mengua","status":"publish","type":"post","link":"https:\/\/teletrabajoynegocios.com\/telesecretarias\/instagram-atrae-ya-a-una-audiencia-mayor-que-la-facebook-aunque-su-engagement-mengua\/","title":{"rendered":"Instagram atrae ya a una audiencia mayor que la Facebook (aunque su engagement mengua)"},"content":{"rendered":"<div id=\"telet-523232073\" class=\"telet-antes-del-contenido telet-entity-placement\"><a href=\"https:\/\/quaderno.io\/?via=jose-manuel94\" aria-label=\"Quaderno General (Spanish) &#8211; 728&#215;90\"><img loading=\"lazy\" decoding=\"async\" src=\"https:\/\/teletrabajoynegocios.com\/telesecretarias\/wp-content\/uploads\/sites\/2\/2020\/11\/Quaderno-General-Spanish-728x90-1.png\" alt=\"\"  srcset=\"https:\/\/teletrabajoynegocios.com\/telesecretarias\/wp-content\/uploads\/sites\/2\/2020\/11\/Quaderno-General-Spanish-728x90-1.png 728w, https:\/\/teletrabajoynegocios.com\/telesecretarias\/wp-content\/uploads\/sites\/2\/2020\/11\/Quaderno-General-Spanish-728x90-1-300x37.png 300w\" sizes=\"(max-width: 728px) 100vw, 728px\" width=\"728\" height=\"90\"   \/><\/a><\/div><p>Que Facebook no es en modo alguno el \u00abojito derecho\u00bb de la Generaci\u00f3n Z en particular y de los j\u00f3venes en general&nbsp;<a href=\"https:\/\/www.marketingdirecto.com\/digital-general\/social-media-marketing\/jovenes-abandonan-facebook-podria-cambiar-sociedad-futuro\" target=\"_blank\" rel=\"follow noopener noreferrer\">no es ning\u00fan secreto<\/a>.&nbsp;<strong>S\u00ed es noticia<\/strong>, sin embargo,&nbsp;<strong>que Instagram, la filial de Facebook, haya superado por primera vez en audiencia a la que se precia de ser la red social m\u00e1s grande del mundo.<\/strong><\/p>\n<p>De acuerdo con&nbsp;<a class=\"external\" href=\"https:\/\/drive.google.com\/file\/d\/1aPV2mEtS6vjf0dPJQLVIlWaYVt4hDYB2\/view\" target=\"_blank\" rel=\"noopener noreferrer nofollow\">un reciente informe de Socialbakers<\/a>,<strong>&nbsp;en el cuarto trimestre de 2019 Facebook atrajo por primera vez menos audiencia que Instagram.<\/strong><\/p>\n<p>El estudio de Socialbakers, que echa ra\u00edces en los datos de las 50 marcas m\u00e1s poderosas en Facebook y en Instagram, concluye que<strong>&nbsp;en la recta final del a\u00f1o la segunda red social alcanz\u00f3 a un p\u00fablico m\u00e1s numeroso que la primera.<\/strong><\/p>\n<p>En el periodo comprendido entre octubre y diciembre de 2019<strong>&nbsp;Instagram multiplic\u00f3 por 20 las interacciones registradas por Facebook<\/strong>&nbsp;(y eso que esta \u00faltima red social las marcas publican habitualmente m\u00e1s posts).<\/p>\n<p>Conviene, de todos modos, hacer notar que en el \u00faltimo trimestre de 2019&nbsp;<strong>el \u00edndice de interacciones se contrajo tanto en Facebook como en Instagram.<\/strong><\/p>\n<blockquote><p><strong>El engagement se recorta en Instagram y en Facebook<\/strong><\/p><\/blockquote>\n<p><strong>En el ramo de actividad con m\u00e1s presencia en&nbsp;<a href=\"https:\/\/www.marketingdirecto.com\/tema-dia\/instagram\" target=\"_blank\" rel=\"follow noopener noreferrer\">Instagram<\/a>, la moda, el retroceso del engagement fue del 19,4%.<\/strong>&nbsp;Menos dram\u00e1tico fue, sin embargo, el derrumbe de las interacciones en la industria m\u00e1s fuerte en Facebook: el e-commerce. En este sector de actividad el engagement sufri\u00f3 una merma del 9,6%.<\/p>\n<p>La industria cuyo engagement protagoniz\u00f3 un crecimiento m\u00e1s notable durante el cuarto trimestre del a\u00f1o en Instagram fue la de los&nbsp;<strong>servicios<\/strong>&nbsp;(+66,7%). En Facebook este sector protagoniz\u00f3 un aumento del 7,6%.<\/p>\n<p>Si nos detenemos en el pujante formato del v\u00eddeo,<strong>&nbsp;en el 70% de los casos las marcas contin\u00faan apostando por el formato horizontal en Facebook<\/strong>. Aun as\u00ed, parece que los v\u00eddeos verticales funcionan mejor que los horizontales en la&nbsp;<a href=\"https:\/\/www.marketingdirecto.com\/tema-dia\/facebook\" target=\"_blank\" rel=\"follow noopener noreferrer\">red social de Mark Zuckerberg<\/a>.<\/p>\n<hr>\n<p><img decoding=\"async\" src=\"http:\/\/web.vallebro.biz\/wp-content\/uploads\/2020\/01\/articulos.png\"><\/p>\n<div class=\"wp-rss-template-container\" data-wpra-template=\"default\" data-template-ctx=\"W10=\">\n    <div class=\"wp-rss-aggregator wpra-list-template  \" data-page=\"1\">\n    \n    \n<ul class=\"wpra-item-list rss-aggregator wpra-item-list--bullets wpra-item-list--default\"\n    start=\"1\">\n                        <li class=\"wpra-item feed-item \">\n            \n            \n\n    <a  href=\"https:\/\/distritoemprendedores.com\/blog\/2026\/03\/16\/hello-world\/\" target=\"_blank\" rel=\"nofollow\" class=\"\">Hello world!<\/a>\n\n\n\n\n\n\n<div class=\"wprss-feed-meta\">\n            <span class=\"feed-source\">\n            Source:\n\n                            Distrito Emprendedores\n                    <\/span>\n    \n            <span class=\"feed-date\">\n            Published on 2026-03-16\n        <\/span>\n    \n    <\/div>\n\n\n\n\n\n            \n        <\/li>\n                    <li class=\"wpra-item feed-item \">\n            \n            \n\n    <a  href=\"https:\/\/www.dropbox.com\/scl\/fi\/b6csvpbfxu24vaezmo3es\/62bed0634df20e5ef35346439fdd423f_franquicias.pdf?rlkey=mfp2795s4n89mw35l0yeu2vl5&amp;e=2&amp;st=57kabuy0&amp;dl=0#new_tab\" target=\"_blank\" rel=\"nofollow\" class=\"\">Las franquicias espa\u00f1olas duplican su presencia en mercados for\u00e1neos<\/a>\n\n\n\n\n\n\n<div class=\"wprss-feed-meta\">\n            <span class=\"feed-source\">\n            Source:\n\n                            Distrito Emprendedores\n                    <\/span>\n    \n            <span class=\"feed-date\">\n            Published on 2026-03-11\n        <\/span>\n    \n    <\/div>\n\n\n\n\n\n            \n        <\/li>\n                    <li class=\"wpra-item feed-item \">\n            \n            \n\n    <a  href=\"https:\/\/distritoemprendedores.es\/blog\/5-errores-fatales-al-internacionalizar-tu-franquicia\/\" target=\"_blank\" rel=\"nofollow\" class=\"\">5 errores fatales al internacionalizar tu franquicia<\/a>\n\n\n\n\n\n\n<div class=\"wprss-feed-meta\">\n            <span class=\"feed-source\">\n            Source:\n\n                            Distrito Emprendedores\n                    <\/span>\n    \n            <span class=\"feed-date\">\n            Published on 2026-03-10\n        <\/span>\n    \n    <\/div>\n\n\n\n\n\n            \n        <\/li>\n                    <li class=\"wpra-item feed-item \">\n            \n            \n\n    <a  href=\"https:\/\/distritoemprendedores.es\/blog\/un-nuevo-prime-time-para-las-marcas-afterwork-tardeo-y-futbol-se-consolidan-como-los-grandes-motores-del-consumo-experiencial\/\" target=\"_blank\" rel=\"nofollow\" class=\"\">Un nuevo prime time para las marcas: afterwork, tardeo y f\u00fatbol se consolidan como los grandes motores del consumo experiencial<\/a>\n\n\n\n\n\n\n<div class=\"wprss-feed-meta\">\n            <span class=\"feed-source\">\n            Source:\n\n                            Distrito Emprendedores\n                    <\/span>\n    \n            <span class=\"feed-date\">\n            Published on 2026-03-09\n        <\/span>\n    \n    <\/div>\n\n\n\n\n\n            \n        <\/li>\n                    <li class=\"wpra-item feed-item \">\n            \n            \n\n    <a  href=\"https:\/\/distritoemprendedores.es\/blog\/la-ventaja-competitiva-esta-en-entender-como-pregunta-el-consumidor\/\" target=\"_blank\" rel=\"nofollow\" class=\"\">La ventaja competitiva est\u00e1 en entender c\u00f3mo pregunta el consumidor<\/a>\n\n\n\n\n\n\n<div class=\"wprss-feed-meta\">\n            <span class=\"feed-source\">\n            Source:\n\n                            Distrito Emprendedores\n                    <\/span>\n    \n            <span class=\"feed-date\">\n            Published on 2026-03-08\n        <\/span>\n    \n    <\/div>\n\n\n\n\n\n            \n        <\/li>\n                    <li class=\"wpra-item feed-item \">\n            \n            \n\n    <a  href=\"https:\/\/distritoemprendedores.es\/blog\/solo-el-7-de-los-espanoles-cree-a-las-marcas-cuando-comunican-sus-valores-con-hechos-demostrables\/\" target=\"_blank\" rel=\"nofollow\" class=\"\">Solo el 7% de los espa\u00f1oles cree a las marcas cuando comunican sus valores con hechos demostrables<\/a>\n\n\n\n\n\n\n<div class=\"wprss-feed-meta\">\n            <span class=\"feed-source\">\n            Source:\n\n                            Distrito Emprendedores\n                    <\/span>\n    \n            <span class=\"feed-date\">\n            Published on 2026-03-07\n        <\/span>\n    \n    <\/div>\n\n\n\n\n\n            \n        <\/li>\n                    <li class=\"wpra-item feed-item \">\n            \n            \n\n    <a  href=\"https:\/\/distritoemprendedores.es\/blog\/el-38-de-las-empresas-creadas-en-2019-ha-echado-ya-el-cierre\/\" target=\"_blank\" rel=\"nofollow\" class=\"\">El 38% de las empresas creadas en 2019 ha echado ya el cierre<\/a>\n\n\n\n\n\n\n<div class=\"wprss-feed-meta\">\n            <span class=\"feed-source\">\n            Source:\n\n                            Distrito Emprendedores\n                    <\/span>\n    \n            <span class=\"feed-date\">\n            Published on 2026-03-06\n        <\/span>\n    \n    <\/div>\n\n\n\n\n\n            \n        <\/li>\n                    <li class=\"wpra-item feed-item \">\n            \n            \n\n    <a  href=\"https:\/\/distritoemprendedores.es\/blog\/descubre-las-oportunidades-y-tendencias-en-el-mercado-de-la-franquicia-para-2026\/\" target=\"_blank\" rel=\"nofollow\" class=\"\">Descubre las oportunidades y tendencias en el mercado de la franquicia para 2026<\/a>\n\n\n\n\n\n\n<div class=\"wprss-feed-meta\">\n            <span class=\"feed-source\">\n            Source:\n\n                            Distrito Emprendedores\n                    <\/span>\n    \n            <span class=\"feed-date\">\n            Published on 2026-03-05\n        <\/span>\n    \n    <\/div>\n\n\n\n\n\n            \n        <\/li>\n                    <li class=\"wpra-item feed-item \">\n            \n            \n\n    <a  href=\"https:\/\/distritoemprendedores.es\/blog\/las-startups-de-salud-mas-punteras-del-mundo\/\" target=\"_blank\" rel=\"nofollow\" class=\"\">Las startups de salud m\u00e1s punteras del mundo<\/a>\n\n\n\n\n\n\n<div class=\"wprss-feed-meta\">\n            <span class=\"feed-source\">\n            Source:\n\n                            Distrito Emprendedores\n                    <\/span>\n    \n            <span class=\"feed-date\">\n            Published on 2026-03-04\n        <\/span>\n    \n    <\/div>\n\n\n\n\n\n            \n        <\/li>\n                    <li class=\"wpra-item feed-item \">\n            \n            \n\n    <a  href=\"https:\/\/distritoemprendedores.es\/blog\/puesta-en-marcha-de-un-negocio-primeros-pasos-para-validar-vender-y-controlar-la-tesoreria\/\" target=\"_blank\" rel=\"nofollow\" class=\"\">Puesta en marcha de un negocio: primeros pasos para validar, vender y controlar la tesorer\u00eda<\/a>\n\n\n\n\n\n\n<div class=\"wprss-feed-meta\">\n            <span class=\"feed-source\">\n            Source:\n\n                            Distrito Emprendedores\n                    <\/span>\n    \n            <span class=\"feed-date\">\n            Published on 2026-03-03\n        <\/span>\n    \n    <\/div>\n\n\n\n\n\n            \n        <\/li>\n                    <li class=\"wpra-item feed-item \">\n            \n            \n\n    <a  href=\"https:\/\/distritoemprendedores.es\/blog\/6-franquicias-sin-apenas-competencia-en-el-mercado\/\" target=\"_blank\" rel=\"nofollow\" class=\"\">6 franquicias sin apenas competencia en el mercado<\/a>\n\n\n\n\n\n\n<div class=\"wprss-feed-meta\">\n            <span class=\"feed-source\">\n            Source:\n\n                            Distrito Emprendedores\n                    <\/span>\n    \n            <span class=\"feed-date\">\n            Published on 2026-03-02\n        <\/span>\n    \n    <\/div>\n\n\n\n\n\n            \n        <\/li>\n                    <li class=\"wpra-item feed-item \">\n            \n            \n\n    <a  href=\"https:\/\/digistorage.es\/links\/71d78951-a420-4f5b-8de6-7b35ae7efc1c#new_tab\" target=\"_blank\" rel=\"nofollow\" class=\"\">Los algoritmos amenazan con filtrar las confesiones realizadas al abogado<\/a>\n\n\n\n\n\n\n<div class=\"wprss-feed-meta\">\n            <span class=\"feed-source\">\n            Source:\n\n                            Distrito Emprendedores\n                    <\/span>\n    \n            <span class=\"feed-date\">\n            Published on 2026-03-01\n        <\/span>\n    \n    <\/div>\n\n\n\n\n\n            \n        <\/li>\n                    <li class=\"wpra-item feed-item \">\n            \n            \n\n    <a  href=\"https:\/\/distritoemprendedores.es\/blog\/las-startups-que-mas-innovan-en-el-mundo\/\" target=\"_blank\" rel=\"nofollow\" class=\"\">Las startups que m\u00e1s innovan en el mundo<\/a>\n\n\n\n\n\n\n<div class=\"wprss-feed-meta\">\n            <span class=\"feed-source\">\n            Source:\n\n                            Distrito Emprendedores\n                    <\/span>\n    \n            <span class=\"feed-date\">\n            Published on 2026-02-28\n        <\/span>\n    \n    <\/div>\n\n\n\n\n\n            \n        <\/li>\n                    <li class=\"wpra-item feed-item \">\n            \n            \n\n    <a  href=\"https:\/\/distritoemprendedores.es\/blog\/tiktok-genera-31-000-millones-de-euros-para-las-empresas-europeas-y-3-000-millones-en-espana\/\" target=\"_blank\" rel=\"nofollow\" class=\"\">TikTok genera 31.000 millones de euros para las empresas europeas y 3.000 millones en Espa\u00f1a<\/a>\n\n\n\n\n\n\n<div class=\"wprss-feed-meta\">\n            <span class=\"feed-source\">\n            Source:\n\n                            Distrito Emprendedores\n                    <\/span>\n    \n            <span class=\"feed-date\">\n            Published on 2026-02-27\n        <\/span>\n    \n    <\/div>\n\n\n\n\n\n            \n        <\/li>\n                    <li class=\"wpra-item feed-item \">\n            \n            \n\n    <a  href=\"https:\/\/distritoemprendedores.es\/blog\/amazon-planea-un-marketplace-para-hacer-de-puente-entre-los-publishers-y-las-empresas-de-ia\/\" target=\"_blank\" rel=\"nofollow\" class=\"\">Amazon planea un \u00abmarketplace\u00bb para hacer de puente entre los \u00abpublishers\u00bb y las empresas de IA<\/a>\n\n\n\n\n\n\n<div class=\"wprss-feed-meta\">\n            <span class=\"feed-source\">\n            Source:\n\n                            Distrito Emprendedores\n                    <\/span>\n    \n            <span class=\"feed-date\">\n            Published on 2026-02-26\n        <\/span>\n    \n    <\/div>\n\n\n\n\n\n            \n        <\/li>\n        <\/ul>\n\n        \n<\/div>\n\n<\/div>\n\n<hr>\n<p><strong>Los v\u00eddeos de menos de 30 segundos en formato vertical son contemplados hasta el final por el 29,9% de los espectadores.<\/strong>&nbsp;Esta proporci\u00f3n cae hasta el 22,2% en el caso de los v\u00eddeos horizontales.<\/p>\n<p>Por g\u00e9neros,<strong>&nbsp;las mujeres interact\u00faan en t\u00e9rminos generales con mayor asiduidad con los perfiles de las marcas que los hombres<\/strong>. En Instagram el 58% de los fans de las marcas son f\u00e9minas (que son mayor\u00eda en todas las franjas de edad).<\/p>\n<blockquote><p><strong>Las Stories de Instagram, un formato publicitario al alza<\/strong><\/p><\/blockquote>\n<p><strong>En Facebook la proporci\u00f3n de fans femeninas es del 56,7%.<\/strong>&nbsp;Y en el grupo de las personas con edades comprendidas entre los 18 y los 24 a\u00f1os los hombres superan ligeramente a las mujeres.<\/p>\n<p>Aunque Instagram es una red social al alza, hay determinados aspectos en los que no logra superar a\u00fan a su \u00abmadre\u00bb Facebook. Acaparando el 58,3% del gasto de las marcas (las incluidas en el Top 50 al menos),<strong>&nbsp;el \u00abfeed\u00bb de Facebook contin\u00faa siendo el canal publicitario favorito de los anunciantes.<\/strong><\/p>\n<p>As\u00ed y todo, Instagram no le va en modo alguno a la zaga a Facebook. La&nbsp;<a href=\"https:\/\/www.marketingdirecto.com\/digital-general\/social-media-marketing\/las-stories-de-instagram-y-facebook-triunfan-entre-4-millones-de-anunciantes\" target=\"_blank\" rel=\"follow noopener noreferrer\">inversi\u00f3n en Stories<\/a>&nbsp;est\u00e1 creciendo a un ritmo absolutamente trepidante.&nbsp;<strong>Durante el primer semestre de 2019 las Stories acapararon por primera vez el 10% del presupuesto de las marcas.<\/strong><\/p>\n<p><strong>En 2019 el gasto volcado en Stories peg\u00f3 una zancada del 40%<\/strong>&nbsp;y en los \u00faltimos dos a\u00f1os el crecimiento fue del 91%.<\/p>\n<p>Instagram contin\u00faa, por otra parte, sacando pecho como&nbsp;<strong>una de las plataformas favoritas de los influencers<\/strong>. Durante el cuarto trimestre de 2019 el n\u00famero de influencers que etiquetaron algunas de sus publicaciones como promocionadas creci\u00f3 hasta alcanzar el 90,5%.<\/p>\n<p><strong>Walmart<\/strong>, que en el \u00faltimo trimestre del a\u00f1o recibi\u00f3 854 menciones de 619 influencers distintos, se encaram\u00f3 a lo m\u00e1s alto del podio entre las marcas que apuestan por los prescriptores en sus campa\u00f1as en Instagram.<\/p>\n<p><a href=\"https:\/\/www.marketingdirecto.com\/\"><em>V\u00eda: Marketing Directo<\/em><\/a><\/p>\n<div id=\"telet-268038089\" class=\"telet-despues-del-contenido telet-entity-placement\"><a target=\"_blank\" href=\"\/\/aff.lucushost.com\/resources\/click\/?n=gDxoXMAJ&aff=756\"><img decoding=\"async\" border=\"0\" alt=\"LucusHost, el mejor hosting\" src=\"\/\/aff.lucushost.com\/resources\/banners\/?zoneid=5123&n=gDxoXMAJ&aff=756\" \/><\/a><\/div>","protected":false},"excerpt":{"rendered":"<p>Que Facebook no es en modo alguno el \u00abojito derecho\u00bb de la Generaci\u00f3n Z en particular y de los j\u00f3venes en general&nbsp;no es ning\u00fan secreto.&nbsp;S\u00ed es noticia, sin embargo,&nbsp;que Instagram,&hellip; <\/p>\n","protected":false},"author":1,"featured_media":877,"comment_status":"open","ping_status":"open","sticky":false,"template":"","format":"standard","meta":{"_jetpack_memberships_contains_paid_content":false,"footnotes":"","_links_to":"","_links_to_target":""},"categories":[11],"tags":[15,14],"class_list":["post-874","post","type-post","status-publish","format-standard","has-post-thumbnail","hentry","category-redes-sociales","tag-fuprisa","tag-jose-manuel-fuentes-prieto"],"nelio_content":{"autoShareEndMode":"never","automationSources":{"useCustomSentences":false,"customSentences":[]},"efiAlt":"","efiUrl":"","followers":[1],"highlights":[],"isAutoShareEnabled":true,"networkImageIds":[],"permalinkQueryArgs":[],"series":[],"suggestedReferences":[]},"jetpack_featured_media_url":"https:\/\/teletrabajoynegocios.com\/telesecretarias\/wp-content\/uploads\/sites\/2\/2020\/04\/Millenials.jpg","jetpack_sharing_enabled":true,"_links":{"self":[{"href":"https:\/\/teletrabajoynegocios.com\/telesecretarias\/wp-json\/wp\/v2\/posts\/874","targetHints":{"allow":["GET"]}}],"collection":[{"href":"https:\/\/teletrabajoynegocios.com\/telesecretarias\/wp-json\/wp\/v2\/posts"}],"about":[{"href":"https:\/\/teletrabajoynegocios.com\/telesecretarias\/wp-json\/wp\/v2\/types\/post"}],"author":[{"embeddable":true,"href":"https:\/\/teletrabajoynegocios.com\/telesecretarias\/wp-json\/wp\/v2\/users\/1"}],"replies":[{"embeddable":true,"href":"https:\/\/teletrabajoynegocios.com\/telesecretarias\/wp-json\/wp\/v2\/comments?post=874"}],"version-history":[{"count":1,"href":"https:\/\/teletrabajoynegocios.com\/telesecretarias\/wp-json\/wp\/v2\/posts\/874\/revisions"}],"predecessor-version":[{"id":878,"href":"https:\/\/teletrabajoynegocios.com\/telesecretarias\/wp-json\/wp\/v2\/posts\/874\/revisions\/878"}],"wp:featuredmedia":[{"embeddable":true,"href":"https:\/\/teletrabajoynegocios.com\/telesecretarias\/wp-json\/wp\/v2\/media\/877"}],"wp:attachment":[{"href":"https:\/\/teletrabajoynegocios.com\/telesecretarias\/wp-json\/wp\/v2\/media?parent=874"}],"wp:term":[{"taxonomy":"category","embeddable":true,"href":"https:\/\/teletrabajoynegocios.com\/telesecretarias\/wp-json\/wp\/v2\/categories?post=874"},{"taxonomy":"post_tag","embeddable":true,"href":"https:\/\/teletrabajoynegocios.com\/telesecretarias\/wp-json\/wp\/v2\/tags?post=874"}],"curies":[{"name":"wp","href":"https:\/\/api.w.org\/{rel}","templated":true}]}}