{"id":879,"date":"2020-04-21T11:21:59","date_gmt":"2020-04-21T09:21:59","guid":{"rendered":"https:\/\/teletrabajoynegocios.com\/telesecretarias\/?p=879"},"modified":"2020-06-16T08:42:50","modified_gmt":"2020-06-16T06:42:50","slug":"asi-es-el-espacio-perfecto-para-teletrabajar-segun-los-mejores-interioristas","status":"publish","type":"post","link":"https:\/\/teletrabajoynegocios.com\/telesecretarias\/asi-es-el-espacio-perfecto-para-teletrabajar-segun-los-mejores-interioristas\/","title":{"rendered":"As\u00ed es el espacio perfecto para teletrabajar seg\u00fan los mejores interioristas"},"content":{"rendered":"<div id=\"telet-3499947775\" class=\"telet-antes-del-contenido telet-entity-placement\"><a href=\"https:\/\/quaderno.io\/?via=jose-manuel94\" aria-label=\"Quaderno General (Spanish) &#8211; 728&#215;90\"><img loading=\"lazy\" decoding=\"async\" src=\"https:\/\/teletrabajoynegocios.com\/telesecretarias\/wp-content\/uploads\/sites\/2\/2020\/11\/Quaderno-General-Spanish-728x90-1.png\" alt=\"\"  srcset=\"https:\/\/teletrabajoynegocios.com\/telesecretarias\/wp-content\/uploads\/sites\/2\/2020\/11\/Quaderno-General-Spanish-728x90-1.png 728w, https:\/\/teletrabajoynegocios.com\/telesecretarias\/wp-content\/uploads\/sites\/2\/2020\/11\/Quaderno-General-Spanish-728x90-1-300x37.png 300w\" sizes=\"(max-width: 728px) 100vw, 728px\" width=\"728\" height=\"90\"   \/><\/a><\/div><p class=\"body-text\">A Espa\u00f1a, a las empresas, a todos. El demandado y, en muchos casos, necesario teletrabajo no ha sido nunca una realidad. En cifras aproximadas, y atendiendo a datos oficiales del Instituto Nacional de Estad\u00edsica, tan solo se ha dado en poco m\u00e1s del 4% de los empleos en 2018. Algo bueno hay que sacar de este periodo de confinamiento y uno de esos aspectos es que, aunque haya sido por fuerza mayor, este m\u00e9todo laboral se ha implantado con m\u00e1s o menos \u00e9xito. Contrarreloj, nos hemos llevado la oficina a casa pero \u00bfc\u00f3mo hacerlo sin volvernos locos? No entramos a valorar los ritmos de cada uno, la carga o el nivel de compromiso. Lo que s\u00ed venimos a contarte, gracias a un buen n\u00famero de reconocidos interioristas, es c\u00f3mo dise\u00f1ar la atm\u00f3sfera profesional id\u00f3nea en tu \u00e1mbito personal sin que una cosa pise a la otra. Si sigues estos consejos, conseguir\u00e1s que el curro siga siendo curro y el hogar, hogar. Aunque todo est\u00e9 en el mismo lugar.<\/p>\n<p><img loading=\"lazy\" decoding=\"async\" class=\"aligncenter size-full wp-image-881\" src=\"https:\/\/teletrabajoynegocios.com\/telesecretarias\/wp-content\/uploads\/sites\/2\/2020\/04\/teletrabajo-decoracion-salon-interiores.gif\" alt=\"\" width=\"530\" height=\"353\"><\/p>\n<p class=\"body-text\"><strong>ILUMINACI\u00d3N<\/strong><\/p>\n<p class=\"body-text\">Es a lo que hay que prestar m\u00e1s atenci\u00f3n al preparar nuestro espacio de trabajo. As\u00ed lo asegura&nbsp;<strong><a class=\"body-link\" href=\"https:\/\/dbengoa.com\/juanbengoa\" target=\"_blank\" rel=\"noopener noreferrer\" data-vars-ga-outbound-link=\"https:\/\/dbengoa.com\/juanbengoa\">Juan Bengoa desde su estudio hom\u00f3nimo<\/a><\/strong>&nbsp;en Madrid. Juan lidera un equipo de arquitectos e interioristas que trabajan fundamentalmente en residencias privadas, hosteler\u00eda y espacios p\u00fablicos:&nbsp;<em>\u00abPor un lado, debemos tener una luz general ambiental, preferentemente c\u00e1lida, natural y que se concentre en nuestro lado izquierdo (derecho si eres zurdo) para evitar sombras sobre la superficie en la que nos situemos. Por otro, necesitaremos una l\u00e1mpara peque\u00f1a o alguna luz m\u00e1s puntual enfocando la zona de trabajo. Esta \u00faltima debe ser, si es viable, blanca neutra; nos ayudar\u00e1 a estar m\u00e1s relajados\u00bb.<\/em><\/p>\n<hr>\n<p class=\"body-text\"><img decoding=\"async\" src=\"http:\/\/web.vallebro.biz\/wp-content\/uploads\/2020\/01\/articulos.png\"><\/p>\n<div class=\"wp-rss-template-container\" data-wpra-template=\"default\" data-template-ctx=\"W10=\">\n    <div class=\"wp-rss-aggregator wpra-list-template  \" data-page=\"1\">\n    \n    \n<ul class=\"wpra-item-list rss-aggregator wpra-item-list--bullets wpra-item-list--default\"\n    start=\"1\">\n                        <li class=\"wpra-item feed-item \">\n            \n            \n\n    <a  href=\"https:\/\/distritoemprendedores.com\/blog\/2026\/03\/16\/hello-world\/\" target=\"_blank\" rel=\"nofollow\" class=\"\">Hello world!<\/a>\n\n\n\n\n\n\n<div class=\"wprss-feed-meta\">\n            <span class=\"feed-source\">\n            Source:\n\n                            Distrito Emprendedores\n                    <\/span>\n    \n            <span class=\"feed-date\">\n            Published on 2026-03-16\n        <\/span>\n    \n    <\/div>\n\n\n\n\n\n            \n        <\/li>\n                    <li class=\"wpra-item feed-item \">\n            \n            \n\n    <a  href=\"https:\/\/www.dropbox.com\/scl\/fi\/b6csvpbfxu24vaezmo3es\/62bed0634df20e5ef35346439fdd423f_franquicias.pdf?rlkey=mfp2795s4n89mw35l0yeu2vl5&amp;e=2&amp;st=57kabuy0&amp;dl=0#new_tab\" target=\"_blank\" rel=\"nofollow\" class=\"\">Las franquicias espa\u00f1olas duplican su presencia en mercados for\u00e1neos<\/a>\n\n\n\n\n\n\n<div class=\"wprss-feed-meta\">\n            <span class=\"feed-source\">\n            Source:\n\n                            Distrito Emprendedores\n                    <\/span>\n    \n            <span class=\"feed-date\">\n            Published on 2026-03-11\n        <\/span>\n    \n    <\/div>\n\n\n\n\n\n            \n        <\/li>\n                    <li class=\"wpra-item feed-item \">\n            \n            \n\n    <a  href=\"https:\/\/distritoemprendedores.es\/blog\/5-errores-fatales-al-internacionalizar-tu-franquicia\/\" target=\"_blank\" rel=\"nofollow\" class=\"\">5 errores fatales al internacionalizar tu franquicia<\/a>\n\n\n\n\n\n\n<div class=\"wprss-feed-meta\">\n            <span class=\"feed-source\">\n            Source:\n\n                            Distrito Emprendedores\n                    <\/span>\n    \n            <span class=\"feed-date\">\n            Published on 2026-03-10\n        <\/span>\n    \n    <\/div>\n\n\n\n\n\n            \n        <\/li>\n                    <li class=\"wpra-item feed-item \">\n            \n            \n\n    <a  href=\"https:\/\/distritoemprendedores.es\/blog\/un-nuevo-prime-time-para-las-marcas-afterwork-tardeo-y-futbol-se-consolidan-como-los-grandes-motores-del-consumo-experiencial\/\" target=\"_blank\" rel=\"nofollow\" class=\"\">Un nuevo prime time para las marcas: afterwork, tardeo y f\u00fatbol se consolidan como los grandes motores del consumo experiencial<\/a>\n\n\n\n\n\n\n<div class=\"wprss-feed-meta\">\n            <span class=\"feed-source\">\n            Source:\n\n                            Distrito Emprendedores\n                    <\/span>\n    \n            <span class=\"feed-date\">\n            Published on 2026-03-09\n        <\/span>\n    \n    <\/div>\n\n\n\n\n\n            \n        <\/li>\n                    <li class=\"wpra-item feed-item \">\n            \n            \n\n    <a  href=\"https:\/\/distritoemprendedores.es\/blog\/la-ventaja-competitiva-esta-en-entender-como-pregunta-el-consumidor\/\" target=\"_blank\" rel=\"nofollow\" class=\"\">La ventaja competitiva est\u00e1 en entender c\u00f3mo pregunta el consumidor<\/a>\n\n\n\n\n\n\n<div class=\"wprss-feed-meta\">\n            <span class=\"feed-source\">\n            Source:\n\n                            Distrito Emprendedores\n                    <\/span>\n    \n            <span class=\"feed-date\">\n            Published on 2026-03-08\n        <\/span>\n    \n    <\/div>\n\n\n\n\n\n            \n        <\/li>\n                    <li class=\"wpra-item feed-item \">\n            \n            \n\n    <a  href=\"https:\/\/distritoemprendedores.es\/blog\/solo-el-7-de-los-espanoles-cree-a-las-marcas-cuando-comunican-sus-valores-con-hechos-demostrables\/\" target=\"_blank\" rel=\"nofollow\" class=\"\">Solo el 7% de los espa\u00f1oles cree a las marcas cuando comunican sus valores con hechos demostrables<\/a>\n\n\n\n\n\n\n<div class=\"wprss-feed-meta\">\n            <span class=\"feed-source\">\n            Source:\n\n                            Distrito Emprendedores\n                    <\/span>\n    \n            <span class=\"feed-date\">\n            Published on 2026-03-07\n        <\/span>\n    \n    <\/div>\n\n\n\n\n\n            \n        <\/li>\n                    <li class=\"wpra-item feed-item \">\n            \n            \n\n    <a  href=\"https:\/\/distritoemprendedores.es\/blog\/el-38-de-las-empresas-creadas-en-2019-ha-echado-ya-el-cierre\/\" target=\"_blank\" rel=\"nofollow\" class=\"\">El 38% de las empresas creadas en 2019 ha echado ya el cierre<\/a>\n\n\n\n\n\n\n<div class=\"wprss-feed-meta\">\n            <span class=\"feed-source\">\n            Source:\n\n                            Distrito Emprendedores\n                    <\/span>\n    \n            <span class=\"feed-date\">\n            Published on 2026-03-06\n        <\/span>\n    \n    <\/div>\n\n\n\n\n\n            \n        <\/li>\n                    <li class=\"wpra-item feed-item \">\n            \n            \n\n    <a  href=\"https:\/\/distritoemprendedores.es\/blog\/descubre-las-oportunidades-y-tendencias-en-el-mercado-de-la-franquicia-para-2026\/\" target=\"_blank\" rel=\"nofollow\" class=\"\">Descubre las oportunidades y tendencias en el mercado de la franquicia para 2026<\/a>\n\n\n\n\n\n\n<div class=\"wprss-feed-meta\">\n            <span class=\"feed-source\">\n            Source:\n\n                            Distrito Emprendedores\n                    <\/span>\n    \n            <span class=\"feed-date\">\n            Published on 2026-03-05\n        <\/span>\n    \n    <\/div>\n\n\n\n\n\n            \n        <\/li>\n                    <li class=\"wpra-item feed-item \">\n            \n            \n\n    <a  href=\"https:\/\/distritoemprendedores.es\/blog\/las-startups-de-salud-mas-punteras-del-mundo\/\" target=\"_blank\" rel=\"nofollow\" class=\"\">Las startups de salud m\u00e1s punteras del mundo<\/a>\n\n\n\n\n\n\n<div class=\"wprss-feed-meta\">\n            <span class=\"feed-source\">\n            Source:\n\n                            Distrito Emprendedores\n                    <\/span>\n    \n            <span class=\"feed-date\">\n            Published on 2026-03-04\n        <\/span>\n    \n    <\/div>\n\n\n\n\n\n            \n        <\/li>\n                    <li class=\"wpra-item feed-item \">\n            \n            \n\n    <a  href=\"https:\/\/distritoemprendedores.es\/blog\/puesta-en-marcha-de-un-negocio-primeros-pasos-para-validar-vender-y-controlar-la-tesoreria\/\" target=\"_blank\" rel=\"nofollow\" class=\"\">Puesta en marcha de un negocio: primeros pasos para validar, vender y controlar la tesorer\u00eda<\/a>\n\n\n\n\n\n\n<div class=\"wprss-feed-meta\">\n            <span class=\"feed-source\">\n            Source:\n\n                            Distrito Emprendedores\n                    <\/span>\n    \n            <span class=\"feed-date\">\n            Published on 2026-03-03\n        <\/span>\n    \n    <\/div>\n\n\n\n\n\n            \n        <\/li>\n                    <li class=\"wpra-item feed-item \">\n            \n            \n\n    <a  href=\"https:\/\/distritoemprendedores.es\/blog\/6-franquicias-sin-apenas-competencia-en-el-mercado\/\" target=\"_blank\" rel=\"nofollow\" class=\"\">6 franquicias sin apenas competencia en el mercado<\/a>\n\n\n\n\n\n\n<div class=\"wprss-feed-meta\">\n            <span class=\"feed-source\">\n            Source:\n\n                            Distrito Emprendedores\n                    <\/span>\n    \n            <span class=\"feed-date\">\n            Published on 2026-03-02\n        <\/span>\n    \n    <\/div>\n\n\n\n\n\n            \n        <\/li>\n                    <li class=\"wpra-item feed-item \">\n            \n            \n\n    <a  href=\"https:\/\/digistorage.es\/links\/71d78951-a420-4f5b-8de6-7b35ae7efc1c#new_tab\" target=\"_blank\" rel=\"nofollow\" class=\"\">Los algoritmos amenazan con filtrar las confesiones realizadas al abogado<\/a>\n\n\n\n\n\n\n<div class=\"wprss-feed-meta\">\n            <span class=\"feed-source\">\n            Source:\n\n                            Distrito Emprendedores\n                    <\/span>\n    \n            <span class=\"feed-date\">\n            Published on 2026-03-01\n        <\/span>\n    \n    <\/div>\n\n\n\n\n\n            \n        <\/li>\n                    <li class=\"wpra-item feed-item \">\n            \n            \n\n    <a  href=\"https:\/\/distritoemprendedores.es\/blog\/las-startups-que-mas-innovan-en-el-mundo\/\" target=\"_blank\" rel=\"nofollow\" class=\"\">Las startups que m\u00e1s innovan en el mundo<\/a>\n\n\n\n\n\n\n<div class=\"wprss-feed-meta\">\n            <span class=\"feed-source\">\n            Source:\n\n                            Distrito Emprendedores\n                    <\/span>\n    \n            <span class=\"feed-date\">\n            Published on 2026-02-28\n        <\/span>\n    \n    <\/div>\n\n\n\n\n\n            \n        <\/li>\n                    <li class=\"wpra-item feed-item \">\n            \n            \n\n    <a  href=\"https:\/\/distritoemprendedores.es\/blog\/tiktok-genera-31-000-millones-de-euros-para-las-empresas-europeas-y-3-000-millones-en-espana\/\" target=\"_blank\" rel=\"nofollow\" class=\"\">TikTok genera 31.000 millones de euros para las empresas europeas y 3.000 millones en Espa\u00f1a<\/a>\n\n\n\n\n\n\n<div class=\"wprss-feed-meta\">\n            <span class=\"feed-source\">\n            Source:\n\n                            Distrito Emprendedores\n                    <\/span>\n    \n            <span class=\"feed-date\">\n            Published on 2026-02-27\n        <\/span>\n    \n    <\/div>\n\n\n\n\n\n            \n        <\/li>\n                    <li class=\"wpra-item feed-item \">\n            \n            \n\n    <a  href=\"https:\/\/distritoemprendedores.es\/blog\/amazon-planea-un-marketplace-para-hacer-de-puente-entre-los-publishers-y-las-empresas-de-ia\/\" target=\"_blank\" rel=\"nofollow\" class=\"\">Amazon planea un \u00abmarketplace\u00bb para hacer de puente entre los \u00abpublishers\u00bb y las empresas de IA<\/a>\n\n\n\n\n\n\n<div class=\"wprss-feed-meta\">\n            <span class=\"feed-source\">\n            Source:\n\n                            Distrito Emprendedores\n                    <\/span>\n    \n            <span class=\"feed-date\">\n            Published on 2026-02-26\n        <\/span>\n    \n    <\/div>\n\n\n\n\n\n            \n        <\/li>\n        <\/ul>\n\n        \n<\/div>\n\n<\/div>\n\n<hr>\n<p><strong><a class=\"body-link\" href=\"https:\/\/garna.es\/\" target=\"_blank\" rel=\"noopener noreferrer\" data-vars-ga-outbound-link=\"https:\/\/garna.es\/\">Laura G\u00e4rna, directora de G\u00e4rna Studio<\/a><\/strong>, lo suscribe:&nbsp;<em>\u00abEs conveniente combinar la iluminaci\u00f3n m\u00e1s enfocada al espacio de trabajo (como puede ser un flexo o una lamparita de escritorio) con una iluminaci\u00f3n m\u00e1s cenital<\/em><\/p>\n<p class=\"body-text\"><strong>\u00bfD\u00d3NDE?<\/strong><\/p>\n<p class=\"body-text\">Depender\u00e1 de c\u00f3mo sea tu casa. Una buena opci\u00f3n es en tu propio sal\u00f3n, siempre diferenciando zonas. En la imagen previa, de uno de los proyectos de Juan Bengoa, se aprecia bien:&nbsp;<em>\u00ab<\/em><em>Hemos dividido el \u00e1rea de trabajo en dos zonas, separando un espacio para trabajar y otro para recibir visitas sin necesidad de estar trasladando u ocultando el material. En un lado, tenemos la propia mesa del comedor, y en otro, una peque\u00f1a mesa de trabajo sim\u00e9trica con el televisor. Hemos a\u00f1adido algunos elementos decorativos como los cuadros, que ocultan tanto la pantalla como el \u00e1rea laboral\u00bb,&nbsp;<\/em>explica. Al terminar la jornada, mejor si escondes todo lo relacionado con la misma.<\/p>\n<p class=\"body-text\"><strong><a class=\"body-link\" href=\"http:\/\/raulmartins.com\/\" target=\"_blank\" rel=\"noopener noreferrer\" data-vars-ga-outbound-link=\"http:\/\/raulmartins.com\/\">Ra\u00fal Martins, otro de los interioristas del momento<\/a><\/strong>, cuyo \u00faltimo trabajo fue el espacio Natuzzi en Casa Decor junto con ron Matusalem, apuesta por la cocina.&nbsp;<em>\u00abEn este caso<strong>&nbsp;<\/strong>aprovechamos la isla, aunque lo importante es que tenga buena luz natural, con apliques para fomentar tambi\u00e9n la luz artificial y una buena superficie de trabajo que est\u00e9 orientada de tal forma que nos permita estar atentos a lo que pasa en casa\u00bb.<\/em><\/p>\n<p class=\"body-text\"><strong>UNA BUENA SILLA<\/strong><\/p>\n<p class=\"body-text\">En este ejemplo de Ra\u00fal, se opta por un taburete c\u00f3modo y funcional. Detalla Juan Bengoa que&nbsp;<em>\u00ab<\/em><em>debido al gran n\u00famero de horas que pasamos sentados en nuestro puesto de trabajo, el mejor mobiliario es el ergon\u00f3mico, aquel que se amolda a la fisionom\u00eda del usuario. Ya que es poco probable que tengamos este tipo de muebles en casa, podemos sustituirlo por cualquier silla que encontremos c\u00f3moda, a nuestro gusto, siempre que al sentarnos la espalda est\u00e9 recta formando un \u00e1ngulo de 90 grados\u00bb.<\/em><strong>&nbsp;<\/strong>Seg\u00fan Laura G\u00e4rna,&nbsp;<em>\u00absi tienes alguna silla de despacho o escritorio, es preferible utilizar \u00e9sta antes que otra cualquiera. Si no, busca una silla que recoja bien tu espalda y que se adapte a tus dimensiones. Para una mejor postura, que tenga brazos siempre que sea posible\u00bb<\/em>.<strong><br \/>\n<\/strong><\/p>\n<p class=\"body-text\"><strong>UNA MESA A LA ALTURA<\/strong><\/p>\n<p class=\"body-text\">Laura hace hincapi\u00e9 en este punto:&nbsp;<em>\u00abLa mesa tiene que tener la altura requerida; siempre ser\u00e1 mejor (en la medida de lo factible) situar nuestro espacio de trabajo es mesas destinadas para ello que en otro tipo de mobiliario como mesas de comedor, ya que tienen una altura distinta a las mesas de escritorio\u00bb<\/em>. Juan Bengoa concreta:&nbsp;<em>\u00abDebe estar entre 73 y 75 cent\u00edmetros de distancia del suelo para conseguir una postura adecuada\u00bb<\/em><\/p>\n<p class=\"body-text\"><strong>EL COLOR IMPORTA<\/strong><\/p>\n<p class=\"body-text\">Es otro de los \u00abtips\u00bb de Juan:<strong>&nbsp;<\/strong><em>\u00ab<\/em><em>Es recomendable que nuestra mesa sea en tonos claros ya que ayudar\u00e1 a proporcionar mejor luz a la zona de trabajo. En su defecto, podemos utilizar un mantel con esas tonalidades\u00bb.&nbsp;<\/em>Al color tambi\u00e9n la da importancia Laura, por el bien de tu estado de \u00e1nimo:<em>&nbsp;<\/em><strong><em>\u00ab<\/em><\/strong><em>Busca colores calmados o alegres que te influyan positivamente\u00bb<\/em>. La incorporaci\u00f3n de algo de vegetaci\u00f3n tambi\u00e9n suma en este sentido:&nbsp;<em>\u00abSi tienes alguna planta o ramo en casa, te dar\u00e1 mucha vida, frescura y alegr\u00eda\u00bb<\/em>.<\/p>\n<p class=\"body-text\"><strong>ORDEN Y AMPLITUD EN LA SALA<\/strong><\/p>\n<p class=\"body-text\">No te agobies. Busca un recodo con hueco suficiente para poder cambiar de postura, realizar algunos estiramientos y descansar y mantenlo lo m\u00e1s ordenado posible. Ay\u00fadate para ello de alg\u00fan mueble auxiliar, aconseja Juan. Son buena idea&nbsp;<em>\u00abelementos como cajas, guarda bol\u00edgrafos, o peque\u00f1as bandejas decorativas\u00bb<\/em>, especifica Laura G\u00e4rna.<\/p>\n<p class=\"body-text\"><strong>CON BUEN OLOR, TODO ES MEJOR<\/strong><\/p>\n<p class=\"body-text\">\u00abVelas, ambientadores en stick, jabones, tarjetas perfumadas o ambientadores textiles\u00bb, enumera Laura, y concluye:&nbsp;<em>\u00abLa utilizaci\u00f3n de aceites naturales o esenciales extra\u00eddos de flores y plantas pueden ayudar a relajarte y a disminuir el estr\u00e9s que esta nueva situaci\u00f3n puede provocar\u00bb<\/em>. Te recordar\u00e1 a esos espacios abiertos y naturales que tanto echamos de menos.<\/p>\n<p><a href=\"https:\/\/www.esquire.com\/\"><em>V\u00eda: Esquire<\/em><\/a><\/p>\n<div id=\"telet-3092818424\" class=\"telet-despues-del-contenido telet-entity-placement\"><a target=\"_blank\" href=\"\/\/aff.lucushost.com\/resources\/click\/?n=gDxoXMAJ&aff=756\"><img decoding=\"async\" border=\"0\" alt=\"LucusHost, el mejor hosting\" src=\"\/\/aff.lucushost.com\/resources\/banners\/?zoneid=5123&n=gDxoXMAJ&aff=756\" \/><\/a><\/div>","protected":false},"excerpt":{"rendered":"<p>A Espa\u00f1a, a las empresas, a todos. El demandado y, en muchos casos, necesario teletrabajo no ha sido nunca una realidad. En cifras aproximadas, y atendiendo a datos oficiales del&hellip; <\/p>\n","protected":false},"author":1,"featured_media":885,"comment_status":"open","ping_status":"open","sticky":false,"template":"","format":"standard","meta":{"_jetpack_memberships_contains_paid_content":false,"footnotes":"","_links_to":"","_links_to_target":""},"categories":[1],"tags":[15,14],"class_list":["post-879","post","type-post","status-publish","format-standard","has-post-thumbnail","hentry","category-telesecretarias","tag-fuprisa","tag-jose-manuel-fuentes-prieto"],"nelio_content":{"autoShareEndMode":"never","automationSources":{"useCustomSentences":false,"customSentences":[]},"efiAlt":"","efiUrl":"","followers":[1],"highlights":[],"isAutoShareEnabled":true,"networkImageIds":[],"permalinkQueryArgs":[],"series":[],"suggestedReferences":[]},"jetpack_featured_media_url":"https:\/\/teletrabajoynegocios.com\/telesecretarias\/wp-content\/uploads\/sites\/2\/2020\/04\/teletrabajo-decoracion-salon-interiores.jpg","jetpack_sharing_enabled":true,"_links":{"self":[{"href":"https:\/\/teletrabajoynegocios.com\/telesecretarias\/wp-json\/wp\/v2\/posts\/879","targetHints":{"allow":["GET"]}}],"collection":[{"href":"https:\/\/teletrabajoynegocios.com\/telesecretarias\/wp-json\/wp\/v2\/posts"}],"about":[{"href":"https:\/\/teletrabajoynegocios.com\/telesecretarias\/wp-json\/wp\/v2\/types\/post"}],"author":[{"embeddable":true,"href":"https:\/\/teletrabajoynegocios.com\/telesecretarias\/wp-json\/wp\/v2\/users\/1"}],"replies":[{"embeddable":true,"href":"https:\/\/teletrabajoynegocios.com\/telesecretarias\/wp-json\/wp\/v2\/comments?post=879"}],"version-history":[{"count":1,"href":"https:\/\/teletrabajoynegocios.com\/telesecretarias\/wp-json\/wp\/v2\/posts\/879\/revisions"}],"predecessor-version":[{"id":886,"href":"https:\/\/teletrabajoynegocios.com\/telesecretarias\/wp-json\/wp\/v2\/posts\/879\/revisions\/886"}],"wp:featuredmedia":[{"embeddable":true,"href":"https:\/\/teletrabajoynegocios.com\/telesecretarias\/wp-json\/wp\/v2\/media\/885"}],"wp:attachment":[{"href":"https:\/\/teletrabajoynegocios.com\/telesecretarias\/wp-json\/wp\/v2\/media?parent=879"}],"wp:term":[{"taxonomy":"category","embeddable":true,"href":"https:\/\/teletrabajoynegocios.com\/telesecretarias\/wp-json\/wp\/v2\/categories?post=879"},{"taxonomy":"post_tag","embeddable":true,"href":"https:\/\/teletrabajoynegocios.com\/telesecretarias\/wp-json\/wp\/v2\/tags?post=879"}],"curies":[{"name":"wp","href":"https:\/\/api.w.org\/{rel}","templated":true}]}}