{"id":8873,"date":"2022-05-01T09:39:01","date_gmt":"2022-05-01T07:39:01","guid":{"rendered":"https:\/\/teletrabajoynegocios.com\/telesecretarias\/?p=8873"},"modified":"2022-05-04T09:47:50","modified_gmt":"2022-05-04T07:47:50","slug":"dejamos-de-aprender-alguna-vez","status":"publish","type":"post","link":"https:\/\/teletrabajoynegocios.com\/telesecretarias\/dejamos-de-aprender-alguna-vez\/","title":{"rendered":"\u00bfDejamos de aprender alguna vez?"},"content":{"rendered":"<div id=\"telet-37214531\" class=\"telet-antes-del-contenido telet-entity-placement\"><a href=\"https:\/\/quaderno.io\/?via=jose-manuel94\" aria-label=\"Quaderno General (Spanish) &#8211; 728&#215;90\"><img loading=\"lazy\" decoding=\"async\" src=\"https:\/\/teletrabajoynegocios.com\/telesecretarias\/wp-content\/uploads\/sites\/2\/2020\/11\/Quaderno-General-Spanish-728x90-1.png\" alt=\"\"  srcset=\"https:\/\/teletrabajoynegocios.com\/telesecretarias\/wp-content\/uploads\/sites\/2\/2020\/11\/Quaderno-General-Spanish-728x90-1.png 728w, https:\/\/teletrabajoynegocios.com\/telesecretarias\/wp-content\/uploads\/sites\/2\/2020\/11\/Quaderno-General-Spanish-728x90-1-300x37.png 300w\" sizes=\"(max-width: 728px) 100vw, 728px\" width=\"728\" height=\"90\"   \/><\/a><\/div><p>Desde que nacemos hasta que morimos, el aprendizaje est\u00e1 presente en nuestras vidas de diferentes formas. Nunca es tarde.<\/p>\n<p class=\"jsx-4098198752 c--grey-neutral-800\">\u00bfDejamos de aprender alguna vez? La respuesta es no. Nunca dejamos de adquirir conocimiento; adem\u00e1s, parece que tenemos diferentes formas de aprender.<\/p>\n<p class=\"jsx-4098198752 c--grey-neutral-800\">En este contexto, existen dos elementos relevantes e inherentes de la condici\u00f3n humana: voluntad aut\u00f3noma y deseo de aprender. El primero hace que la persona sea consciente de s\u00ed misma, identificando al mismo tiempo sus deseos;\u00a0<strong>el segundo es la determinaci\u00f3n aut\u00e9ntica por aprehender conocimiento,\u00a0<\/strong>presente en el entorno social y cultural, que genera placer y satisfacci\u00f3n.<\/p>\n<p class=\"jsx-4098198752 c--grey-neutral-800\">Es cierto que los ni\u00f1os, como esponjas, absorben f\u00e1cilmente el conocimiento; en cambio, los adultos podemos desplegar de manera consciente estrategias que optimicen nuestro aprendizaje,\u00a0<strong>pudi\u00e9ndonos aprovechar para ello de un c\u00famulo de\u00a0<a class=\"jsx-151512268 jsx-1474443579 default-a-link is--underline c--secondary-600 is--underline\" href=\"https:\/\/lamenteesmaravillosa.com\/la-experiencia-mejor-aprendizaje\/#:~:text=Aprender%20es%20avanzar%20y%20crecer,de%20nuestro%20instinto%20de%20curiosidad.\" target=\"_self\" rel=\"noopener\" data-with-google-events=\"true\" data-google-events=\"{&quot;data&quot;:{&quot;action&quot;:&quot;click&quot;,&quot;category&quot;:&quot;Content&quot;,&quot;label&quot;:&quot;Related \/dejamos-aprender-alguna-vez\/&quot;,&quot;value&quot;:&quot;https:\/\/lamenteesmaravillosa.com\/la-experiencia-mejor-aprendizaje\/#:~:text=Aprender%20es%20avanzar%20y%20crecer,de%20nuestro%20instinto%20de%20curiosidad.&quot;}}\">experiencias<\/a><\/strong>.<\/p>\n<h2 id=\"como-aprendemos\" class=\"jsx-3692753319 jsx-2566528898 c--main-600  mt--x-big pt--normal\">\u00bfC\u00f3mo aprendemos?<\/h2>\n<p class=\"jsx-4098198752 c--grey-neutral-800\">En t\u00e9rminos generales, las bases del aprendizaje est\u00e1n constituidas por nuestros sentidos, primer estadio del conocimiento, pues a trav\u00e9s de ellos recibimos los est\u00edmulos que ser\u00e1n procesados y sintetizados por el entendimiento. Posteriormente, gracias a nuestra estructura del lenguaje, ser\u00e1n convertidos en discurso l\u00f3gico -al menos, para nosotros-. Recordemos que\u00a0<strong>el aprendizaje est\u00e1 condicionado por c\u00f3mo percibimos y por los estados emocionales.<\/strong><\/p>\n<p class=\"jsx-4098198752 c--grey-neutral-800\">Aprendemos por observaci\u00f3n-imitaci\u00f3n, interacci\u00f3n, ensayo-error y repetici\u00f3n. Adem\u00e1s,\u00a0<strong>tenemos las estructuras\u00a0<em>a priori<\/em>, filogen\u00e9ticas, sin las cuales las funciones no tendr\u00edan una estructura con la que empezar a operar.<\/strong>\u00a0Por ejemplo, sin el ojo no podr\u00edamos observar o sin el olfato, oler.<\/p>\n<hr \/>\n<p><img decoding=\"async\" src=\"https:\/\/teletrabajoynegocios.com\/teletrabajador\/wp-content\/uploads\/sites\/3\/2020\/07\/articulos.png\" \/><\/p>\n<div class=\"wp-rss-template-container\" data-wpra-template=\"default\" data-template-ctx=\"eyJ0ZW1wbGF0ZSI6IkRlZmF1bHQifQ==\">\n    <div class=\"wp-rss-aggregator wpra-list-template  \" data-page=\"1\">\n    \n    \n<ul class=\"wpra-item-list rss-aggregator wpra-item-list--bullets wpra-item-list--default\"\n    start=\"1\">\n                        <li class=\"wpra-item feed-item \">\n            \n            \n\n    <a  href=\"https:\/\/distritoemprendedores.com\/blog\/2026\/03\/16\/hello-world\/\" target=\"_blank\" rel=\"nofollow\" class=\"\">Hello world!<\/a>\n\n\n\n\n\n\n<div class=\"wprss-feed-meta\">\n            <span class=\"feed-source\">\n            Source:\n\n                            Distrito Emprendedores\n                    <\/span>\n    \n            <span class=\"feed-date\">\n            Published on 2026-03-16\n        <\/span>\n    \n    <\/div>\n\n\n\n\n\n            \n        <\/li>\n                    <li class=\"wpra-item feed-item \">\n            \n            \n\n    <a  href=\"https:\/\/www.dropbox.com\/scl\/fi\/b6csvpbfxu24vaezmo3es\/62bed0634df20e5ef35346439fdd423f_franquicias.pdf?rlkey=mfp2795s4n89mw35l0yeu2vl5&amp;e=2&amp;st=57kabuy0&amp;dl=0#new_tab\" target=\"_blank\" rel=\"nofollow\" class=\"\">Las franquicias espa\u00f1olas duplican su presencia en mercados for\u00e1neos<\/a>\n\n\n\n\n\n\n<div class=\"wprss-feed-meta\">\n            <span class=\"feed-source\">\n            Source:\n\n                            Distrito Emprendedores\n                    <\/span>\n    \n            <span class=\"feed-date\">\n            Published on 2026-03-11\n        <\/span>\n    \n    <\/div>\n\n\n\n\n\n            \n        <\/li>\n                    <li class=\"wpra-item feed-item \">\n            \n            \n\n    <a  href=\"https:\/\/distritoemprendedores.es\/blog\/5-errores-fatales-al-internacionalizar-tu-franquicia\/\" target=\"_blank\" rel=\"nofollow\" class=\"\">5 errores fatales al internacionalizar tu franquicia<\/a>\n\n\n\n\n\n\n<div class=\"wprss-feed-meta\">\n            <span class=\"feed-source\">\n            Source:\n\n                            Distrito Emprendedores\n                    <\/span>\n    \n            <span class=\"feed-date\">\n            Published on 2026-03-10\n        <\/span>\n    \n    <\/div>\n\n\n\n\n\n            \n        <\/li>\n                    <li class=\"wpra-item feed-item \">\n            \n            \n\n    <a  href=\"https:\/\/distritoemprendedores.es\/blog\/un-nuevo-prime-time-para-las-marcas-afterwork-tardeo-y-futbol-se-consolidan-como-los-grandes-motores-del-consumo-experiencial\/\" target=\"_blank\" rel=\"nofollow\" class=\"\">Un nuevo prime time para las marcas: afterwork, tardeo y f\u00fatbol se consolidan como los grandes motores del consumo experiencial<\/a>\n\n\n\n\n\n\n<div class=\"wprss-feed-meta\">\n            <span class=\"feed-source\">\n            Source:\n\n                            Distrito Emprendedores\n                    <\/span>\n    \n            <span class=\"feed-date\">\n            Published on 2026-03-09\n        <\/span>\n    \n    <\/div>\n\n\n\n\n\n            \n        <\/li>\n                    <li class=\"wpra-item feed-item \">\n            \n            \n\n    <a  href=\"https:\/\/distritoemprendedores.es\/blog\/la-ventaja-competitiva-esta-en-entender-como-pregunta-el-consumidor\/\" target=\"_blank\" rel=\"nofollow\" class=\"\">La ventaja competitiva est\u00e1 en entender c\u00f3mo pregunta el consumidor<\/a>\n\n\n\n\n\n\n<div class=\"wprss-feed-meta\">\n            <span class=\"feed-source\">\n            Source:\n\n                            Distrito Emprendedores\n                    <\/span>\n    \n            <span class=\"feed-date\">\n            Published on 2026-03-08\n        <\/span>\n    \n    <\/div>\n\n\n\n\n\n            \n        <\/li>\n                    <li class=\"wpra-item feed-item \">\n            \n            \n\n    <a  href=\"https:\/\/distritoemprendedores.es\/blog\/solo-el-7-de-los-espanoles-cree-a-las-marcas-cuando-comunican-sus-valores-con-hechos-demostrables\/\" target=\"_blank\" rel=\"nofollow\" class=\"\">Solo el 7% de los espa\u00f1oles cree a las marcas cuando comunican sus valores con hechos demostrables<\/a>\n\n\n\n\n\n\n<div class=\"wprss-feed-meta\">\n            <span class=\"feed-source\">\n            Source:\n\n                            Distrito Emprendedores\n                    <\/span>\n    \n            <span class=\"feed-date\">\n            Published on 2026-03-07\n        <\/span>\n    \n    <\/div>\n\n\n\n\n\n            \n        <\/li>\n                    <li class=\"wpra-item feed-item \">\n            \n            \n\n    <a  href=\"https:\/\/distritoemprendedores.es\/blog\/el-38-de-las-empresas-creadas-en-2019-ha-echado-ya-el-cierre\/\" target=\"_blank\" rel=\"nofollow\" class=\"\">El 38% de las empresas creadas en 2019 ha echado ya el cierre<\/a>\n\n\n\n\n\n\n<div class=\"wprss-feed-meta\">\n            <span class=\"feed-source\">\n            Source:\n\n                            Distrito Emprendedores\n                    <\/span>\n    \n            <span class=\"feed-date\">\n            Published on 2026-03-06\n        <\/span>\n    \n    <\/div>\n\n\n\n\n\n            \n        <\/li>\n                    <li class=\"wpra-item feed-item \">\n            \n            \n\n    <a  href=\"https:\/\/distritoemprendedores.es\/blog\/descubre-las-oportunidades-y-tendencias-en-el-mercado-de-la-franquicia-para-2026\/\" target=\"_blank\" rel=\"nofollow\" class=\"\">Descubre las oportunidades y tendencias en el mercado de la franquicia para 2026<\/a>\n\n\n\n\n\n\n<div class=\"wprss-feed-meta\">\n            <span class=\"feed-source\">\n            Source:\n\n                            Distrito Emprendedores\n                    <\/span>\n    \n            <span class=\"feed-date\">\n            Published on 2026-03-05\n        <\/span>\n    \n    <\/div>\n\n\n\n\n\n            \n        <\/li>\n                    <li class=\"wpra-item feed-item \">\n            \n            \n\n    <a  href=\"https:\/\/distritoemprendedores.es\/blog\/las-startups-de-salud-mas-punteras-del-mundo\/\" target=\"_blank\" rel=\"nofollow\" class=\"\">Las startups de salud m\u00e1s punteras del mundo<\/a>\n\n\n\n\n\n\n<div class=\"wprss-feed-meta\">\n            <span class=\"feed-source\">\n            Source:\n\n                            Distrito Emprendedores\n                    <\/span>\n    \n            <span class=\"feed-date\">\n            Published on 2026-03-04\n        <\/span>\n    \n    <\/div>\n\n\n\n\n\n            \n        <\/li>\n                    <li class=\"wpra-item feed-item \">\n            \n            \n\n    <a  href=\"https:\/\/distritoemprendedores.es\/blog\/puesta-en-marcha-de-un-negocio-primeros-pasos-para-validar-vender-y-controlar-la-tesoreria\/\" target=\"_blank\" rel=\"nofollow\" class=\"\">Puesta en marcha de un negocio: primeros pasos para validar, vender y controlar la tesorer\u00eda<\/a>\n\n\n\n\n\n\n<div class=\"wprss-feed-meta\">\n            <span class=\"feed-source\">\n            Source:\n\n                            Distrito Emprendedores\n                    <\/span>\n    \n            <span class=\"feed-date\">\n            Published on 2026-03-03\n        <\/span>\n    \n    <\/div>\n\n\n\n\n\n            \n        <\/li>\n                    <li class=\"wpra-item feed-item \">\n            \n            \n\n    <a  href=\"https:\/\/distritoemprendedores.es\/blog\/6-franquicias-sin-apenas-competencia-en-el-mercado\/\" target=\"_blank\" rel=\"nofollow\" class=\"\">6 franquicias sin apenas competencia en el mercado<\/a>\n\n\n\n\n\n\n<div class=\"wprss-feed-meta\">\n            <span class=\"feed-source\">\n            Source:\n\n                            Distrito Emprendedores\n                    <\/span>\n    \n            <span class=\"feed-date\">\n            Published on 2026-03-02\n        <\/span>\n    \n    <\/div>\n\n\n\n\n\n            \n        <\/li>\n                    <li class=\"wpra-item feed-item \">\n            \n            \n\n    <a  href=\"https:\/\/digistorage.es\/links\/71d78951-a420-4f5b-8de6-7b35ae7efc1c#new_tab\" target=\"_blank\" rel=\"nofollow\" class=\"\">Los algoritmos amenazan con filtrar las confesiones realizadas al abogado<\/a>\n\n\n\n\n\n\n<div class=\"wprss-feed-meta\">\n            <span class=\"feed-source\">\n            Source:\n\n                            Distrito Emprendedores\n                    <\/span>\n    \n            <span class=\"feed-date\">\n            Published on 2026-03-01\n        <\/span>\n    \n    <\/div>\n\n\n\n\n\n            \n        <\/li>\n                    <li class=\"wpra-item feed-item \">\n            \n            \n\n    <a  href=\"https:\/\/distritoemprendedores.es\/blog\/las-startups-que-mas-innovan-en-el-mundo\/\" target=\"_blank\" rel=\"nofollow\" class=\"\">Las startups que m\u00e1s innovan en el mundo<\/a>\n\n\n\n\n\n\n<div class=\"wprss-feed-meta\">\n            <span class=\"feed-source\">\n            Source:\n\n                            Distrito Emprendedores\n                    <\/span>\n    \n            <span class=\"feed-date\">\n            Published on 2026-02-28\n        <\/span>\n    \n    <\/div>\n\n\n\n\n\n            \n        <\/li>\n                    <li class=\"wpra-item feed-item \">\n            \n            \n\n    <a  href=\"https:\/\/distritoemprendedores.es\/blog\/tiktok-genera-31-000-millones-de-euros-para-las-empresas-europeas-y-3-000-millones-en-espana\/\" target=\"_blank\" rel=\"nofollow\" class=\"\">TikTok genera 31.000 millones de euros para las empresas europeas y 3.000 millones en Espa\u00f1a<\/a>\n\n\n\n\n\n\n<div class=\"wprss-feed-meta\">\n            <span class=\"feed-source\">\n            Source:\n\n                            Distrito Emprendedores\n                    <\/span>\n    \n            <span class=\"feed-date\">\n            Published on 2026-02-27\n        <\/span>\n    \n    <\/div>\n\n\n\n\n\n            \n        <\/li>\n                    <li class=\"wpra-item feed-item \">\n            \n            \n\n    <a  href=\"https:\/\/distritoemprendedores.es\/blog\/amazon-planea-un-marketplace-para-hacer-de-puente-entre-los-publishers-y-las-empresas-de-ia\/\" target=\"_blank\" rel=\"nofollow\" class=\"\">Amazon planea un \u00abmarketplace\u00bb para hacer de puente entre los \u00abpublishers\u00bb y las empresas de IA<\/a>\n\n\n\n\n\n\n<div class=\"wprss-feed-meta\">\n            <span class=\"feed-source\">\n            Source:\n\n                            Distrito Emprendedores\n                    <\/span>\n    \n            <span class=\"feed-date\">\n            Published on 2026-02-26\n        <\/span>\n    \n    <\/div>\n\n\n\n\n\n            \n        <\/li>\n        <\/ul>\n\n        \n<\/div>\n\n<\/div>\n\n<hr \/>\n<div class=\"article-quote bc--secondary-50 ptb--big p--relative mb--normal mt--x-big\">\n<blockquote class=\"jsx-2118601352 jsx-2746653886 plr--big pt--big\">\n<div class=\"jsx-2118601352 jsx-2746653886 quote__text ta--center fs--italic lh--2 fs--normal ff--serif ls--medium c--secondary-800\">\n<p class=\"jsx-4098198752 c--grey-neutral-800\">La herencia de nuestra especie nos dot\u00f3 de estructuras filogen\u00e9ticas para conocer el mundo y conocernos a nosotros mismos.<\/p>\n<\/div>\n<\/blockquote>\n<\/div>\n<p class=\"jsx-4098198752 c--grey-neutral-800\">El cerebro humano adquirir\u00e1 nuevos conocimientos a lo largo de la vida hasta su muerte.\u00a0 Ahora bien, \u00bfqu\u00e9 papel cumple el cerebro en el continuo aprendizaje del ser humano?<\/p>\n<h2 id=\"la-plasticidad-cerebral\" class=\"jsx-3692753319 jsx-2566528898 c--main-600  mt--x-big pt--normal\">La plasticidad cerebral<\/h2>\n<p class=\"jsx-4098198752 c--grey-neutral-800\"><strong>El cerebro tiene el potencial de modificarse, gracias a la\u00a0<a class=\"jsx-151512268 jsx-1474443579 default-a-link is--underline c--secondary-600 is--underline\" href=\"https:\/\/lamenteesmaravillosa.com\/neuroplasticidad-punto-flexible-cerebro\/\" target=\"_self\" rel=\"noopener\" data-with-google-events=\"true\" data-google-events=\"{&quot;data&quot;:{&quot;action&quot;:&quot;click&quot;,&quot;category&quot;:&quot;Content&quot;,&quot;label&quot;:&quot;Related \/dejamos-aprender-alguna-vez\/&quot;,&quot;value&quot;:&quot;https:\/\/lamenteesmaravillosa.com\/neuroplasticidad-punto-flexible-cerebro\/&quot;}}\">neuroplasticidad<\/a><\/strong>. Para entender c\u00f3mo lo hace, es necesario comprender las conexiones nerviosas que se presentan como consecuencia de la nueva informaci\u00f3n a procesar, por medio de la estimulaci\u00f3n sensorial, con todo lo que conlleva tener un componente afectivo subjetivo, inherente a la condici\u00f3n humana.<\/p>\n<p class=\"jsx-4098198752 c--grey-neutral-800\">La\u00a0<a class=\"jsx-151512268 jsx-1474443579 default-a-link is--underline c--secondary-600 is--underline\" href=\"https:\/\/www.redalyc.org\/pdf\/1342\/134225567007.pdf\" target=\"_blank\" rel=\"noopener\" data-with-google-events=\"true\" data-google-events=\"{&quot;data&quot;:{&quot;action&quot;:&quot;click&quot;,&quot;category&quot;:&quot;Content&quot;,&quot;label&quot;:&quot;Related \/dejamos-aprender-alguna-vez\/&quot;,&quot;value&quot;:&quot;https:\/\/www.redalyc.org\/pdf\/1342\/134225567007.pdf&quot;}}\">plasticidad cerebral<\/a>\u00a0o neuroplasticidad es un proceso constante de remodelaci\u00f3n de esquemas neurosin\u00e1pticos de corto, medio y largo plazo. Su funci\u00f3n es optimizar la actividad de las conexiones de las redes cerebrales, incluso, cuando el sistema nervioso recibe alg\u00fan tipo de da\u00f1o.<\/p>\n<p class=\"jsx-4098198752 c--grey-neutral-800\">La neuroplasticidad se asocia al aprendizaje de los infantes. Sin embargo, como mencionamos antes, tambi\u00e9n existe y juega un papel importante en todas las edades. Seg\u00fan\u00a0<a class=\"jsx-151512268 jsx-1474443579 default-a-link is--underline c--secondary-600 is--underline\" href=\"https:\/\/www.redalyc.org\/pdf\/2611\/261132141010.pdf\" target=\"_blank\" rel=\"noopener\" data-with-google-events=\"true\" data-google-events=\"{&quot;data&quot;:{&quot;action&quot;:&quot;click&quot;,&quot;category&quot;:&quot;Content&quot;,&quot;label&quot;:&quot;Related \/dejamos-aprender-alguna-vez\/&quot;,&quot;value&quot;:&quot;https:\/\/www.redalyc.org\/pdf\/2611\/261132141010.pdf&quot;}}\"><span class=\"span jsx-2433364571 c--grey-neutral-800\">Mar\u00eda Virginia y Juan Su\u00e1rez<\/span><\/a>: \u201cla neuroplasticidad que se da durante la ontogenia para la elaboraci\u00f3n de nuevos circuitos inducidos por el aprendizaje y el mantenimiento de las redes neuronales, tanto en el adulto como en el anciano, se denomina plasticidad natural\u201d.<\/p>\n<p class=\"jsx-4098198752 c--grey-neutral-800\">De forma global,\u00a0<strong>el cerebro experimenta cambios internos o externos, que obedecen a modificaciones reorganizacionales de las neuronas,\u00a0<\/strong>en especial, en la percepci\u00f3n y la cognici\u00f3n. Gracias a las nuevas conexiones neuronales, diversos componentes bioqu\u00edmicos y fisiol\u00f3gicos tienen como consecuencia diferentes reacciones biomoleculares qu\u00edmicas, gen\u00f3micas y prote\u00f3micas. De esta forma, gracias al cerebro, nunca dejamos de aprender.<\/p>\n<h2 id=\"que-podemos-seguir-aprendiendo\" class=\"jsx-3692753319 jsx-2566528898 c--main-600  mt--x-big pt--normal\">\u00bfQu\u00e9 podemos seguir aprendiendo?<\/h2>\n<p class=\"jsx-4098198752 c--grey-neutral-800\"><strong>Con frecuencia, lo que aprendemos est\u00e1 \u00edntimamente ligado con lo que deseamos<\/strong>. Ya sea de manera consciente o inconsciente, invertiremos recursos en este aprendizaje frente a otros potenciales.<\/p>\n<p class=\"jsx-4098198752 c--grey-neutral-800\">As\u00ed, nunca dejamos de aprender; la neuroplasticidad es prueba de ello. Ahora bien,\u00a0<strong>lo que aprendemos est\u00e1 \u00edntimamente ligado con lo que deseamos y con nuestra condici\u00f3n emocional,\u00a0<\/strong>m\u00e1s la auditor\u00eda que realice nuestra raz\u00f3n.<\/p>\n<p class=\"jsx-4098198752 c--grey-neutral-800\">Por ejemplo, si eres una persona apasionada por la m\u00fasica, no puedes pretender ser un genio en matem\u00e1ticas, siempre y cuando no sientas una fuerte inclinaci\u00f3n hacia ellas. Es fundamental para el aprendizaje saber en qu\u00e9 se tiene actitud y aptitud.<\/p>\n<p class=\"jsx-4098198752 c--grey-neutral-800\"><strong>Si tenemos claro qu\u00e9 es lo que queremos, \u00fanicamente la muerte es la que puede poner l\u00edmites a nuestro deseo de adquirir conocimiento<\/strong>. La clave est\u00e1 en la voluntad que poseamos para aprender, sin prescindir jam\u00e1s de la disciplina y la constancia, que son vitales para reforzar la experiencia del conocimiento.<\/p>\n<h2 id=\"la-emocion-y-el-aprendizaje\" class=\"jsx-3692753319 jsx-2566528898 c--main-600  mt--x-big pt--normal\">La emoci\u00f3n y el aprendizaje<\/h2>\n<p class=\"jsx-4098198752 c--grey-neutral-800\">Decir que \u201cdejamos de aprender\u201d es exagerado, ya que la percepci\u00f3n est\u00e1 siempre activa. Ahora bien,\u00a0<strong>las emociones y los afectos no tan conscientes tambi\u00e9n tienen el potencial de condicionar nuestra forma de adquirir conocimiento.<\/strong><\/p>\n<p class=\"jsx-4098198752 c--grey-neutral-800\">Por ejemplo, no es lo mismo estudiar para obtener una buena calificaci\u00f3n que para poder aplicar ese conocimiento en una futura pr\u00e1ctica profesional. Afortunadamente, las estrategias asociadas a la segunda motivaci\u00f3n tambi\u00e9n nos pueden ayudar a alcanzar el primer objetivo.<\/p>\n<p class=\"jsx-4098198752 c--grey-neutral-800\">El segundo caso merece un p\u00e1rrafo aparte. Los autodidactas, por ejemplo, son m\u00e1s constantes en el aprendizaje porque precisamente el seguimiento de este aprendizaje lo realiza una persona motivada que siempre est\u00e1 con ellos: ellos mismos.<\/p>\n<p class=\"jsx-4098198752 c--grey-neutral-800\">Otro ejemplo de motivaciones particulares lo encontramos en\u00a0<strong>personas bajo una condici\u00f3n cl\u00ednica significativa<\/strong>; con limitaciones impuestas precisamente por esa entidad cl\u00ednica, tienen que enfrentarse al desaf\u00edo de aprender precisamente para librarse de muchas de sus limitaciones.<\/p>\n<p><a class=\"jsx-151512268 jsx-1596958326 default-a-link is--underline c--grey-neutral-800  link-tool-tip jsx-2288154920 jsx-986712099\" href=\"https:\/\/lamenteesmaravillosa.com\/autor\/cristian-munoz-escobar\/\" target=\"_self\" rel=\"noopener\"><strong>Cristian Mu\u00f1oz Escobar<\/strong><\/a>\u2022<\/p>\n<div id=\"telet-172680812\" class=\"telet-despues-del-contenido telet-entity-placement\"><a target=\"_blank\" href=\"\/\/aff.lucushost.com\/resources\/click\/?n=gDxoXMAJ&aff=756\"><img decoding=\"async\" border=\"0\" alt=\"LucusHost, el mejor hosting\" src=\"\/\/aff.lucushost.com\/resources\/banners\/?zoneid=5123&n=gDxoXMAJ&aff=756\" \/><\/a><\/div>","protected":false},"excerpt":{"rendered":"<p>Desde que nacemos hasta que morimos, el aprendizaje est\u00e1 presente en nuestras vidas de diferentes formas. Nunca es tarde. \u00bfDejamos de aprender alguna vez? La respuesta es no. Nunca dejamos&hellip; <\/p>\n","protected":false},"author":1,"featured_media":4395,"comment_status":"open","ping_status":"open","sticky":false,"template":"","format":"standard","meta":{"_jetpack_memberships_contains_paid_content":false,"footnotes":"","_links_to":"","_links_to_target":""},"categories":[8],"tags":[15,14],"class_list":["post-8873","post","type-post","status-publish","format-standard","has-post-thumbnail","hentry","category-vida-social","tag-fuprisa","tag-jose-manuel-fuentes-prieto"],"nelio_content":{"autoShareEndMode":"never","automationSources":{"useCustomSentences":false,"customSentences":[]},"efiAlt":"","efiUrl":"","followers":[1],"highlights":[],"isAutoShareEnabled":true,"networkImageIds":[],"permalinkQueryArgs":[],"series":[],"suggestedReferences":[]},"jetpack_featured_media_url":"https:\/\/teletrabajoynegocios.com\/telesecretarias\/wp-content\/uploads\/sites\/2\/2021\/06\/telesecretaria.jpg","jetpack_sharing_enabled":true,"_links":{"self":[{"href":"https:\/\/teletrabajoynegocios.com\/telesecretarias\/wp-json\/wp\/v2\/posts\/8873","targetHints":{"allow":["GET"]}}],"collection":[{"href":"https:\/\/teletrabajoynegocios.com\/telesecretarias\/wp-json\/wp\/v2\/posts"}],"about":[{"href":"https:\/\/teletrabajoynegocios.com\/telesecretarias\/wp-json\/wp\/v2\/types\/post"}],"author":[{"embeddable":true,"href":"https:\/\/teletrabajoynegocios.com\/telesecretarias\/wp-json\/wp\/v2\/users\/1"}],"replies":[{"embeddable":true,"href":"https:\/\/teletrabajoynegocios.com\/telesecretarias\/wp-json\/wp\/v2\/comments?post=8873"}],"version-history":[{"count":2,"href":"https:\/\/teletrabajoynegocios.com\/telesecretarias\/wp-json\/wp\/v2\/posts\/8873\/revisions"}],"predecessor-version":[{"id":8880,"href":"https:\/\/teletrabajoynegocios.com\/telesecretarias\/wp-json\/wp\/v2\/posts\/8873\/revisions\/8880"}],"wp:featuredmedia":[{"embeddable":true,"href":"https:\/\/teletrabajoynegocios.com\/telesecretarias\/wp-json\/wp\/v2\/media\/4395"}],"wp:attachment":[{"href":"https:\/\/teletrabajoynegocios.com\/telesecretarias\/wp-json\/wp\/v2\/media?parent=8873"}],"wp:term":[{"taxonomy":"category","embeddable":true,"href":"https:\/\/teletrabajoynegocios.com\/telesecretarias\/wp-json\/wp\/v2\/categories?post=8873"},{"taxonomy":"post_tag","embeddable":true,"href":"https:\/\/teletrabajoynegocios.com\/telesecretarias\/wp-json\/wp\/v2\/tags?post=8873"}],"curies":[{"name":"wp","href":"https:\/\/api.w.org\/{rel}","templated":true}]}}