{"id":891,"date":"2020-04-23T11:58:47","date_gmt":"2020-04-23T09:58:47","guid":{"rendered":"https:\/\/teletrabajoynegocios.com\/telesecretarias\/?p=891"},"modified":"2020-06-16T08:42:26","modified_gmt":"2020-06-16T06:42:26","slug":"teletrabajo-con-ninos-es-posible","status":"publish","type":"post","link":"https:\/\/teletrabajoynegocios.com\/telesecretarias\/teletrabajo-con-ninos-es-posible\/","title":{"rendered":"Teletrabajo con ni\u00f1os, \u00bfes posible?"},"content":{"rendered":"<div id=\"telet-2275680801\" class=\"telet-antes-del-contenido telet-entity-placement\"><a href=\"https:\/\/quaderno.io\/?via=jose-manuel94\" aria-label=\"Quaderno General (Spanish) &#8211; 728&#215;90\"><img loading=\"lazy\" decoding=\"async\" src=\"https:\/\/teletrabajoynegocios.com\/telesecretarias\/wp-content\/uploads\/sites\/2\/2020\/11\/Quaderno-General-Spanish-728x90-1.png\" alt=\"\"  srcset=\"https:\/\/teletrabajoynegocios.com\/telesecretarias\/wp-content\/uploads\/sites\/2\/2020\/11\/Quaderno-General-Spanish-728x90-1.png 728w, https:\/\/teletrabajoynegocios.com\/telesecretarias\/wp-content\/uploads\/sites\/2\/2020\/11\/Quaderno-General-Spanish-728x90-1-300x37.png 300w\" sizes=\"(max-width: 728px) 100vw, 728px\" width=\"728\" height=\"90\"   \/><\/a><\/div><p>A muchas personas no nos queda m\u00e1s remedio que trabajar en casa estos d\u00edas. Ahora bien, \u00bfc\u00f3mo lograrlo con \u00e9xito cuando hay ni\u00f1os de por medio?<\/p>\n<p>Est\u00e1s en plena reuni\u00f3n de trabajo y, de repente, aparece tu hijo peque\u00f1o reclam\u00e1ndote, \u00abpap\u00e1, \u00bfme ayudas a buscar mi juguete?\u00bb. Le dices que espere un momento, pero \u00e9l insiste, \u00ab\u00a1no!, ahora\u00bb. Esta situaci\u00f3n puede generarte mucha frustraci\u00f3n y nerviosismo. As\u00ed, puede haber momentos en los que&nbsp;<strong>el teletrabajo con ni\u00f1os parezca imposible de compaginar<\/strong>; sin embargo, existen formas de evitar estos contratiempos y\/o gestionar con inteligencia la frustraci\u00f3n potencial.<\/p>\n<p>No obstante, es normal que durante los primeros d\u00edas te sientas un poco desorientado.&nbsp;<strong>El hogar se convierte, de repente, en trabajo y escuela<\/strong>.<\/p>\n<p>Por eso, conviene saber c\u00f3mo se puede gestionar esta situaci\u00f3n excepcional para que puedas cumplir con tus responsabilidades laborales, tener tiempo para&nbsp;<a href=\"https:\/\/lamenteesmaravillosa.com\/puedo-hijo-haga-los-deberes\/\" target=\"_blank\" rel=\"noopener noreferrer\">ayudar con los deberes a tus hijos<\/a>&nbsp;y poder cocinar, lavar la ropa, limpiar, etc.<\/p>\n<hr>\n<p><img decoding=\"async\" src=\"http:\/\/web.vallebro.biz\/wp-content\/uploads\/2020\/01\/articulos.png\"><\/p>\n<div class=\"wp-rss-template-container\" data-wpra-template=\"default\" data-template-ctx=\"W10=\">\n    <div class=\"wp-rss-aggregator wpra-list-template  \" data-page=\"1\">\n    \n    \n<ul class=\"wpra-item-list rss-aggregator wpra-item-list--bullets wpra-item-list--default\"\n    start=\"1\">\n                        <li class=\"wpra-item feed-item \">\n            \n            \n\n    <a  href=\"https:\/\/distritoemprendedores.com\/blog\/2026\/03\/16\/hello-world\/\" target=\"_blank\" rel=\"nofollow\" class=\"\">Hello world!<\/a>\n\n\n\n\n\n\n<div class=\"wprss-feed-meta\">\n            <span class=\"feed-source\">\n            Source:\n\n                            Distrito Emprendedores\n                    <\/span>\n    \n            <span class=\"feed-date\">\n            Published on 2026-03-16\n        <\/span>\n    \n    <\/div>\n\n\n\n\n\n            \n        <\/li>\n                    <li class=\"wpra-item feed-item \">\n            \n            \n\n    <a  href=\"https:\/\/www.dropbox.com\/scl\/fi\/b6csvpbfxu24vaezmo3es\/62bed0634df20e5ef35346439fdd423f_franquicias.pdf?rlkey=mfp2795s4n89mw35l0yeu2vl5&amp;e=2&amp;st=57kabuy0&amp;dl=0#new_tab\" target=\"_blank\" rel=\"nofollow\" class=\"\">Las franquicias espa\u00f1olas duplican su presencia en mercados for\u00e1neos<\/a>\n\n\n\n\n\n\n<div class=\"wprss-feed-meta\">\n            <span class=\"feed-source\">\n            Source:\n\n                            Distrito Emprendedores\n                    <\/span>\n    \n            <span class=\"feed-date\">\n            Published on 2026-03-11\n        <\/span>\n    \n    <\/div>\n\n\n\n\n\n            \n        <\/li>\n                    <li class=\"wpra-item feed-item \">\n            \n            \n\n    <a  href=\"https:\/\/distritoemprendedores.es\/blog\/5-errores-fatales-al-internacionalizar-tu-franquicia\/\" target=\"_blank\" rel=\"nofollow\" class=\"\">5 errores fatales al internacionalizar tu franquicia<\/a>\n\n\n\n\n\n\n<div class=\"wprss-feed-meta\">\n            <span class=\"feed-source\">\n            Source:\n\n                            Distrito Emprendedores\n                    <\/span>\n    \n            <span class=\"feed-date\">\n            Published on 2026-03-10\n        <\/span>\n    \n    <\/div>\n\n\n\n\n\n            \n        <\/li>\n                    <li class=\"wpra-item feed-item \">\n            \n            \n\n    <a  href=\"https:\/\/distritoemprendedores.es\/blog\/un-nuevo-prime-time-para-las-marcas-afterwork-tardeo-y-futbol-se-consolidan-como-los-grandes-motores-del-consumo-experiencial\/\" target=\"_blank\" rel=\"nofollow\" class=\"\">Un nuevo prime time para las marcas: afterwork, tardeo y f\u00fatbol se consolidan como los grandes motores del consumo experiencial<\/a>\n\n\n\n\n\n\n<div class=\"wprss-feed-meta\">\n            <span class=\"feed-source\">\n            Source:\n\n                            Distrito Emprendedores\n                    <\/span>\n    \n            <span class=\"feed-date\">\n            Published on 2026-03-09\n        <\/span>\n    \n    <\/div>\n\n\n\n\n\n            \n        <\/li>\n                    <li class=\"wpra-item feed-item \">\n            \n            \n\n    <a  href=\"https:\/\/distritoemprendedores.es\/blog\/la-ventaja-competitiva-esta-en-entender-como-pregunta-el-consumidor\/\" target=\"_blank\" rel=\"nofollow\" class=\"\">La ventaja competitiva est\u00e1 en entender c\u00f3mo pregunta el consumidor<\/a>\n\n\n\n\n\n\n<div class=\"wprss-feed-meta\">\n            <span class=\"feed-source\">\n            Source:\n\n                            Distrito Emprendedores\n                    <\/span>\n    \n            <span class=\"feed-date\">\n            Published on 2026-03-08\n        <\/span>\n    \n    <\/div>\n\n\n\n\n\n            \n        <\/li>\n                    <li class=\"wpra-item feed-item \">\n            \n            \n\n    <a  href=\"https:\/\/distritoemprendedores.es\/blog\/solo-el-7-de-los-espanoles-cree-a-las-marcas-cuando-comunican-sus-valores-con-hechos-demostrables\/\" target=\"_blank\" rel=\"nofollow\" class=\"\">Solo el 7% de los espa\u00f1oles cree a las marcas cuando comunican sus valores con hechos demostrables<\/a>\n\n\n\n\n\n\n<div class=\"wprss-feed-meta\">\n            <span class=\"feed-source\">\n            Source:\n\n                            Distrito Emprendedores\n                    <\/span>\n    \n            <span class=\"feed-date\">\n            Published on 2026-03-07\n        <\/span>\n    \n    <\/div>\n\n\n\n\n\n            \n        <\/li>\n                    <li class=\"wpra-item feed-item \">\n            \n            \n\n    <a  href=\"https:\/\/distritoemprendedores.es\/blog\/el-38-de-las-empresas-creadas-en-2019-ha-echado-ya-el-cierre\/\" target=\"_blank\" rel=\"nofollow\" class=\"\">El 38% de las empresas creadas en 2019 ha echado ya el cierre<\/a>\n\n\n\n\n\n\n<div class=\"wprss-feed-meta\">\n            <span class=\"feed-source\">\n            Source:\n\n                            Distrito Emprendedores\n                    <\/span>\n    \n            <span class=\"feed-date\">\n            Published on 2026-03-06\n        <\/span>\n    \n    <\/div>\n\n\n\n\n\n            \n        <\/li>\n                    <li class=\"wpra-item feed-item \">\n            \n            \n\n    <a  href=\"https:\/\/distritoemprendedores.es\/blog\/descubre-las-oportunidades-y-tendencias-en-el-mercado-de-la-franquicia-para-2026\/\" target=\"_blank\" rel=\"nofollow\" class=\"\">Descubre las oportunidades y tendencias en el mercado de la franquicia para 2026<\/a>\n\n\n\n\n\n\n<div class=\"wprss-feed-meta\">\n            <span class=\"feed-source\">\n            Source:\n\n                            Distrito Emprendedores\n                    <\/span>\n    \n            <span class=\"feed-date\">\n            Published on 2026-03-05\n        <\/span>\n    \n    <\/div>\n\n\n\n\n\n            \n        <\/li>\n                    <li class=\"wpra-item feed-item \">\n            \n            \n\n    <a  href=\"https:\/\/distritoemprendedores.es\/blog\/las-startups-de-salud-mas-punteras-del-mundo\/\" target=\"_blank\" rel=\"nofollow\" class=\"\">Las startups de salud m\u00e1s punteras del mundo<\/a>\n\n\n\n\n\n\n<div class=\"wprss-feed-meta\">\n            <span class=\"feed-source\">\n            Source:\n\n                            Distrito Emprendedores\n                    <\/span>\n    \n            <span class=\"feed-date\">\n            Published on 2026-03-04\n        <\/span>\n    \n    <\/div>\n\n\n\n\n\n            \n        <\/li>\n                    <li class=\"wpra-item feed-item \">\n            \n            \n\n    <a  href=\"https:\/\/distritoemprendedores.es\/blog\/puesta-en-marcha-de-un-negocio-primeros-pasos-para-validar-vender-y-controlar-la-tesoreria\/\" target=\"_blank\" rel=\"nofollow\" class=\"\">Puesta en marcha de un negocio: primeros pasos para validar, vender y controlar la tesorer\u00eda<\/a>\n\n\n\n\n\n\n<div class=\"wprss-feed-meta\">\n            <span class=\"feed-source\">\n            Source:\n\n                            Distrito Emprendedores\n                    <\/span>\n    \n            <span class=\"feed-date\">\n            Published on 2026-03-03\n        <\/span>\n    \n    <\/div>\n\n\n\n\n\n            \n        <\/li>\n                    <li class=\"wpra-item feed-item \">\n            \n            \n\n    <a  href=\"https:\/\/distritoemprendedores.es\/blog\/6-franquicias-sin-apenas-competencia-en-el-mercado\/\" target=\"_blank\" rel=\"nofollow\" class=\"\">6 franquicias sin apenas competencia en el mercado<\/a>\n\n\n\n\n\n\n<div class=\"wprss-feed-meta\">\n            <span class=\"feed-source\">\n            Source:\n\n                            Distrito Emprendedores\n                    <\/span>\n    \n            <span class=\"feed-date\">\n            Published on 2026-03-02\n        <\/span>\n    \n    <\/div>\n\n\n\n\n\n            \n        <\/li>\n                    <li class=\"wpra-item feed-item \">\n            \n            \n\n    <a  href=\"https:\/\/digistorage.es\/links\/71d78951-a420-4f5b-8de6-7b35ae7efc1c#new_tab\" target=\"_blank\" rel=\"nofollow\" class=\"\">Los algoritmos amenazan con filtrar las confesiones realizadas al abogado<\/a>\n\n\n\n\n\n\n<div class=\"wprss-feed-meta\">\n            <span class=\"feed-source\">\n            Source:\n\n                            Distrito Emprendedores\n                    <\/span>\n    \n            <span class=\"feed-date\">\n            Published on 2026-03-01\n        <\/span>\n    \n    <\/div>\n\n\n\n\n\n            \n        <\/li>\n                    <li class=\"wpra-item feed-item \">\n            \n            \n\n    <a  href=\"https:\/\/distritoemprendedores.es\/blog\/las-startups-que-mas-innovan-en-el-mundo\/\" target=\"_blank\" rel=\"nofollow\" class=\"\">Las startups que m\u00e1s innovan en el mundo<\/a>\n\n\n\n\n\n\n<div class=\"wprss-feed-meta\">\n            <span class=\"feed-source\">\n            Source:\n\n                            Distrito Emprendedores\n                    <\/span>\n    \n            <span class=\"feed-date\">\n            Published on 2026-02-28\n        <\/span>\n    \n    <\/div>\n\n\n\n\n\n            \n        <\/li>\n                    <li class=\"wpra-item feed-item \">\n            \n            \n\n    <a  href=\"https:\/\/distritoemprendedores.es\/blog\/tiktok-genera-31-000-millones-de-euros-para-las-empresas-europeas-y-3-000-millones-en-espana\/\" target=\"_blank\" rel=\"nofollow\" class=\"\">TikTok genera 31.000 millones de euros para las empresas europeas y 3.000 millones en Espa\u00f1a<\/a>\n\n\n\n\n\n\n<div class=\"wprss-feed-meta\">\n            <span class=\"feed-source\">\n            Source:\n\n                            Distrito Emprendedores\n                    <\/span>\n    \n            <span class=\"feed-date\">\n            Published on 2026-02-27\n        <\/span>\n    \n    <\/div>\n\n\n\n\n\n            \n        <\/li>\n                    <li class=\"wpra-item feed-item \">\n            \n            \n\n    <a  href=\"https:\/\/distritoemprendedores.es\/blog\/amazon-planea-un-marketplace-para-hacer-de-puente-entre-los-publishers-y-las-empresas-de-ia\/\" target=\"_blank\" rel=\"nofollow\" class=\"\">Amazon planea un \u00abmarketplace\u00bb para hacer de puente entre los \u00abpublishers\u00bb y las empresas de IA<\/a>\n\n\n\n\n\n\n<div class=\"wprss-feed-meta\">\n            <span class=\"feed-source\">\n            Source:\n\n                            Distrito Emprendedores\n                    <\/span>\n    \n            <span class=\"feed-date\">\n            Published on 2026-02-26\n        <\/span>\n    \n    <\/div>\n\n\n\n\n\n            \n        <\/li>\n        <\/ul>\n\n        \n<\/div>\n\n<\/div>\n\n<hr>\n<h2>Conviene fijar horarios, pero ser flexibles<\/h2>\n<p><strong>El teletrabajo con ni\u00f1os necesita un plan que respeten y cumplan todos<\/strong>. \u00bfCu\u00e1ndo debo conectarme para trabajar? \u00bfEn qu\u00e9 momento se despiertan los ni\u00f1os?<\/p>\n<p>Las respuestas a estas preguntas, y algunas m\u00e1s, te dar\u00e1n las pistas necesarias para organizar tus d\u00edas y evitar las interrupciones durante el tiempo que est\u00e9s trabajando. Sin embargo, estamos hablando de ni\u00f1os, por lo tanto, debes ser flexible.<\/p>\n<p>Por otro lado, puede que tu tengas claro el horario, pero con ni\u00f1os en casa y con un nivel bajo de control, lo normal es que aparezcan imprevistos y tengas que salir al rescate.&nbsp;<strong>Si los ni\u00f1os ya tienen una edad, puedes acordar con ellos cinco minutos cada hora para resolver dudas<\/strong>.<\/p>\n<p>Finalmente, aunque todo est\u00e9 hablado y los peque\u00f1os pongan toda su voluntad en cumplir con el horario, lo normal es que ocurra alguna interrupci\u00f3n imprevista. Aqu\u00ed estar\u00e1 el desaf\u00edo, la voluntad para mantener una&nbsp;<strong><a href=\"https:\/\/lamenteesmaravillosa.com\/como-mantener-una-actitud-positiva\/\" target=\"_blank\" rel=\"noopener noreferrer\">actitud positiva<\/a><\/strong>. En estos momentos, el control de la respiraci\u00f3n pude ser nuestro gran aliado.<\/p>\n<p>En el teletrabajo con ni\u00f1os&nbsp;<strong>no vas a poder tener una jornada de ocho horas seguidas<\/strong>. Tendr\u00e1s que adaptar el tiempo del que dispongas para trabajar a los horarios de tus hijos para evitar esas interrupciones. Quiz\u00e1s, te convenga levantarte antes para adelantar trabajo. Eso lo tendr\u00e1s que decidir t\u00fa conociendo c\u00f3mo oscila el nivel de activaci\u00f3n de los m\u00e1s peque\u00f1os a lo largo del d\u00eda.<\/p>\n<blockquote><p>\u00abLa clave no es dar prioridad a lo que est\u00e1 en tu horario, es hacer un horario para tus prioridades\u00bb.<\/p>\n<p>-Steven Covey-<\/p><\/blockquote>\n<h2>Hablar con los ni\u00f1os es fundamental<\/h2>\n<p>Este es otro punto indispensable. Para que el teletrabajo con ni\u00f1os pueda ser posible, hay que alcanzar un acuerdo. El libro&nbsp;<a href=\"https:\/\/books.google.es\/books?hl=es&amp;lr=&amp;id=RVUEbLy56nIC&amp;oi=fnd&amp;pg=PA97&amp;dq=los+ni%C3%B1os+entienden+todo&amp;ots=mQ3qayvscy&amp;sig=D2LeyRl5Pkmr4U00tabE5ruNf7o&amp;redir_esc=y#v=onepage&amp;q=entienden&amp;f=false\" target=\"_blank\" rel=\"noopener noreferrer\"><em>Gu\u00eda pr\u00e1ctica de salud mental en situaciones de desastres<\/em><\/a>&nbsp;deja algo muy claro:&nbsp;<strong>\u00ablos ni\u00f1os entienden que las situaciones son dif\u00edciles\u00bb<\/strong>. Es decir, funcioanan mejor cuando entienden qu\u00e9 est\u00e1 sucediendo y por qu\u00e9 es importante que ellos tambi\u00e9n pongan su granito de arena.<\/p>\n<p>Es necesario mantener con ellos una conversaci\u00f3n abierta,&nbsp;<a href=\"https:\/\/lamenteesmaravillosa.com\/como-hablar-con-los-ninos-de-las-tragedias-que-ven-en-los-medios\/\" target=\"_blank\" rel=\"noopener noreferrer\">explic\u00e1ndoles lo que ocurre<\/a>, por qu\u00e9 tienen que estar en casa y que hay momentos del d\u00eda en el que necesitas que hagan actividades tranquilas o poco propensas a necesitar tu ayuda.<\/p>\n<p>As\u00ed, aunque en alg\u00fan momento excepcional puedan reclamarte,<strong>&nbsp;ellos sabr\u00e1n que est\u00e1s trabajando y ser\u00e1n m\u00e1s cuidadosos a la hora de molestarte<\/strong>.<\/p>\n<h2>Separar los espacios<\/h2>\n<p>Separar los espacios es una excelente opci\u00f3n para que&nbsp;<strong>cada parte del hogar se dedique a una actividad en concreto<\/strong>. Por ejemplo, en la zona en la que t\u00fa vas a trabajar, en los horarios fijados no debe haber interrupciones. Tambi\u00e9n estar\u00e1 la parte de la casa en la que los ni\u00f1os estudiar\u00e1n y har\u00e1n sus deberes.<\/p>\n<p>En este punto&nbsp;<strong>puede adoptarse como una especie de juego en el que los ni\u00f1os se sientan involucrados<\/strong>. As\u00ed, dentro de la vivienda podr\u00e1n ser conscientes de d\u00f3nde est\u00e1 el trabajo de pap\u00e1 o de mam\u00e1, la escuela en la que deben concentrarse o la zona de juegos. Gracias a esto, el teletrabajo con ni\u00f1os ser\u00e1 mucho m\u00e1s f\u00e1cil.<\/p>\n<blockquote><p>\u00abTodos los aprendizajes m\u00e1s importantes de la vida se hacen jugando\u00bb.<\/p>\n<p>-Francesco Tonuci-<\/p><\/blockquote>\n<p>Adem\u00e1s de todo lo mencionado para poder sacar adelante el teletrabajo con ni\u00f1os, no podemos olvidarnos de que&nbsp;<strong>la separaci\u00f3n de espacios deben ayudarte a pasar tiempo de calidad con ellos<\/strong>. Esto quiere decir que puedes jugar con ellos, hablar,&nbsp;<a href=\"https:\/\/lamenteesmaravillosa.com\/beneficios-de-leer-cuentos-a-los-mas-pequenos\/\" target=\"_blank\" rel=\"noopener noreferrer\">leer un cuento juntos<\/a>\u2026 Es importante que esto lo lleves a cabo para que ellos se sientan atendidos.<\/p>\n<p>En el peri\u00f3dico&nbsp;<a href=\"https:\/\/www.lavanguardia.com\/participacion\/cartas\/20200324\/4856180825\/diario-nino-bosco-confinamiento-casa-covid-19-coronavirus-madre-abuela-experiencias.html\" target=\"_blank\" rel=\"noopener noreferrer\"><em>La Vanguardia<\/em><\/a>&nbsp;han compartido el diario que un ni\u00f1o de 8 a\u00f1os ha empezado desde que comenz\u00f3 el Estado de Alarma por el Covid-19. Esta actividad le permite dibujar sus sensaciones, experiencias,&nbsp;<strong>ponerle colores a sus sentimientos y emociones<\/strong>. Sin duda, un trabajo enriquecedor y que puede ser interesante que realices con tus hijos.<\/p>\n<p>\u00bfTeletrabajas con ni\u00f1os en casa? \u00bfC\u00f3mo lo has gestionado hasta el momento?<\/p>\n<p><a class=\"highlight utilitary-border\" href=\"https:\/\/lamenteesmaravillosa.com\/autor\/raquel-lemos-rodriguez\/\">Raquel Lemos Rodr\u00edguez<\/a><\/p>\n<div id=\"telet-2177413553\" class=\"telet-despues-del-contenido telet-entity-placement\"><a target=\"_blank\" href=\"\/\/aff.lucushost.com\/resources\/click\/?n=gDxoXMAJ&aff=756\"><img decoding=\"async\" border=\"0\" alt=\"LucusHost, el mejor hosting\" src=\"\/\/aff.lucushost.com\/resources\/banners\/?zoneid=5123&n=gDxoXMAJ&aff=756\" \/><\/a><\/div>","protected":false},"excerpt":{"rendered":"<p>A muchas personas no nos queda m\u00e1s remedio que trabajar en casa estos d\u00edas. Ahora bien, \u00bfc\u00f3mo lograrlo con \u00e9xito cuando hay ni\u00f1os de por medio? Est\u00e1s en plena reuni\u00f3n&hellip; <\/p>\n","protected":false},"author":1,"featured_media":898,"comment_status":"open","ping_status":"open","sticky":false,"template":"","format":"standard","meta":{"_jetpack_memberships_contains_paid_content":false,"footnotes":"","_links_to":"","_links_to_target":""},"categories":[1],"tags":[15,14],"class_list":["post-891","post","type-post","status-publish","format-standard","has-post-thumbnail","hentry","category-telesecretarias","tag-fuprisa","tag-jose-manuel-fuentes-prieto"],"nelio_content":{"autoShareEndMode":"never","automationSources":{"useCustomSentences":false,"customSentences":[]},"efiAlt":"","efiUrl":"","followers":[1],"highlights":[],"isAutoShareEnabled":true,"networkImageIds":[],"permalinkQueryArgs":[],"series":[],"suggestedReferences":[]},"jetpack_featured_media_url":"https:\/\/teletrabajoynegocios.com\/telesecretarias\/wp-content\/uploads\/sites\/2\/2020\/04\/madre-teletrabajando-hijo-saltando-cama.jpg","jetpack_sharing_enabled":true,"_links":{"self":[{"href":"https:\/\/teletrabajoynegocios.com\/telesecretarias\/wp-json\/wp\/v2\/posts\/891","targetHints":{"allow":["GET"]}}],"collection":[{"href":"https:\/\/teletrabajoynegocios.com\/telesecretarias\/wp-json\/wp\/v2\/posts"}],"about":[{"href":"https:\/\/teletrabajoynegocios.com\/telesecretarias\/wp-json\/wp\/v2\/types\/post"}],"author":[{"embeddable":true,"href":"https:\/\/teletrabajoynegocios.com\/telesecretarias\/wp-json\/wp\/v2\/users\/1"}],"replies":[{"embeddable":true,"href":"https:\/\/teletrabajoynegocios.com\/telesecretarias\/wp-json\/wp\/v2\/comments?post=891"}],"version-history":[{"count":1,"href":"https:\/\/teletrabajoynegocios.com\/telesecretarias\/wp-json\/wp\/v2\/posts\/891\/revisions"}],"predecessor-version":[{"id":899,"href":"https:\/\/teletrabajoynegocios.com\/telesecretarias\/wp-json\/wp\/v2\/posts\/891\/revisions\/899"}],"wp:featuredmedia":[{"embeddable":true,"href":"https:\/\/teletrabajoynegocios.com\/telesecretarias\/wp-json\/wp\/v2\/media\/898"}],"wp:attachment":[{"href":"https:\/\/teletrabajoynegocios.com\/telesecretarias\/wp-json\/wp\/v2\/media?parent=891"}],"wp:term":[{"taxonomy":"category","embeddable":true,"href":"https:\/\/teletrabajoynegocios.com\/telesecretarias\/wp-json\/wp\/v2\/categories?post=891"},{"taxonomy":"post_tag","embeddable":true,"href":"https:\/\/teletrabajoynegocios.com\/telesecretarias\/wp-json\/wp\/v2\/tags?post=891"}],"curies":[{"name":"wp","href":"https:\/\/api.w.org\/{rel}","templated":true}]}}