{"id":915,"date":"2020-04-27T12:53:50","date_gmt":"2020-04-27T10:53:50","guid":{"rendered":"https:\/\/teletrabajoynegocios.com\/telesecretarias\/?p=915"},"modified":"2020-06-16T08:44:31","modified_gmt":"2020-06-16T06:44:31","slug":"fuera-de-las-canchas-ellas-juegan-el-partido-de-la-vida","status":"publish","type":"post","link":"https:\/\/teletrabajoynegocios.com\/telesecretarias\/fuera-de-las-canchas-ellas-juegan-el-partido-de-la-vida\/","title":{"rendered":"Fuera de las canchas, ellas juegan el partido de la vida"},"content":{"rendered":"<div id=\"telet-1867503878\" class=\"telet-antes-del-contenido telet-entity-placement\"><a href=\"https:\/\/quaderno.io\/?via=jose-manuel94\" aria-label=\"Quaderno General (Spanish) &#8211; 728&#215;90\"><img loading=\"lazy\" decoding=\"async\" src=\"https:\/\/teletrabajoynegocios.com\/telesecretarias\/wp-content\/uploads\/sites\/2\/2020\/11\/Quaderno-General-Spanish-728x90-1.png\" alt=\"\"  srcset=\"https:\/\/teletrabajoynegocios.com\/telesecretarias\/wp-content\/uploads\/sites\/2\/2020\/11\/Quaderno-General-Spanish-728x90-1.png 728w, https:\/\/teletrabajoynegocios.com\/telesecretarias\/wp-content\/uploads\/sites\/2\/2020\/11\/Quaderno-General-Spanish-728x90-1-300x37.png 300w\" sizes=\"(max-width: 728px) 100vw, 728px\" width=\"728\" height=\"90\"   \/><\/a><\/div><p data-birdsend-par-index=\"0\">El f\u00fatbol es una de las actividades populares paralizadas por estos d\u00edas de confinamiento por el coronavirus. Sin embargo,&nbsp;<strong>hay quienes, sin ruido medi\u00e1tico, se juegan el partido de la vida. Es el caso de Ana Mar\u00eda Romero, Vicky Losada, M\u00f3nica Ayats, Olhana Aldai, Mar\u00eda Sanju\u00e1n y Ana S\u00e1nez de Pipa\u00f3n<\/strong>, que dejaron de un lado los botines y ahora lucen guantes de l\u00e1tex y mascarillas.<\/p>\n<p data-birdsend-par-index=\"1\"><strong>Espa\u00f1a ha sido uno de los pa\u00edses m\u00e1s golpeados por el COVID-19. Al 15 de abril registraba m\u00e1s de 177.000 contagiados y 18.579 decesos, cifra solo superada por Estados Unidos e Italia<\/strong>. Lo peor es que su sistema de salud se ha visto desbordado desde el comienzo de la pandemia y en todos los centros cl\u00ednicos, tanto de grandes ciudades como de poblaciones intermedias, hacen falta manos.<\/p>\n<p data-birdsend-par-index=\"2\">Tan pronto el gobierno determin\u00f3 el confinamiento, el f\u00fatbol paraliz\u00f3 sus actividades y los jugadores, hombres o mujeres, fueron enviados a sus casas para protegerse. Sin embargo,&nbsp;<strong>con el paso de los d\u00edas algunas de las estrellas m\u00e1s reconocidas de la Liga Iberdrola, como se conoce al campeonato femenino profesional, dieron un paso al frente<\/strong>&nbsp;y se sumaron al cuerpo m\u00e9dico activo.<\/p>\n<p data-birdsend-par-index=\"3\">A diferencia de lo que ocurre con la mayor\u00eda de sus colegas masculinos<strong>, las mujeres no viven del f\u00fatbol. Sus salarios son una m\u00ednima parte de los estratosf\u00e9ricos n\u00fameros de jugadores como Sergio Ramos, del Real Madrid o Lionel Messi, del FC Barcelona<\/strong>, dos de las m\u00e1s rutilantes figuras del f\u00fatbol espa\u00f1ol. Para ellas, para la gran mayor\u00eda de ellas, el f\u00fatbol es una pasi\u00f3n alterna.<\/p>\n<p data-birdsend-par-index=\"4\">Dadas las dificultades que enfrentan, especialmente por la falta de patrocinio y de difusi\u00f3n,&nbsp;<strong>los torneos femeninos tienen poca relevancia. As\u00ed, entonces, los nombre de sus principales jugadoras, algunas de las cuales juegan muy bien, son poco conocidos<\/strong>. Sus haza\u00f1as acaso trascienden las fronteras de su ciudad y la \u00e9lite, una pocas, gozan el privilegio del reconocimiento internacional.<\/p>\n<p data-birdsend-par-index=\"5\">Una de ellas es&nbsp;<strong>la sevillana Ana Mar\u00eda Romero, conocida en el \u00e1mbito deportivo como&nbsp;<em>Willy<\/em>. Es delantera, defiende los colores del Betis FC, uno de los dos equipos de la capital andaluza<\/strong>, y a los 32 a\u00f1os tiene una dilatada carrera en la que luci\u00f3 los colores del Sevilla FC, Espanyol, Barcelona y Valencia, en su pa\u00eds, adem\u00e1s de los del Ajax de Holanda. Tambi\u00e9n fue internacional con su pa\u00eds.<\/p>\n<p data-birdsend-par-index=\"6\"><em>Willy<\/em>, dicen los peri\u00f3dicos deportivos espa\u00f1oles, es una goleadora y, aunque como mencion\u00e9 los torneos est\u00e1n detenidos en este momento, ella sigue anotando goles. Recientemente,&nbsp;<strong>present\u00f3 el examen de M\u00e9dico Interno Residente (MIR) y los aprob\u00f3. Facultada, entonces, para ejercer la medicina, su otra pasi\u00f3n, su otra profesi\u00f3n, Romero se ofreci\u00f3<\/strong>&nbsp;para colaborar durante la crisis.<\/p>\n<p data-birdsend-par-index=\"7\">Le solicit\u00f3 permiso a su club para abandonar el confinamiento y fue asignada a un hospital de Sevilla, en el que ayuda en la atenci\u00f3n de los pacientes contagiados por coronavirus.&nbsp;<strong>Orgullosa, en su cuenta de Instagram public\u00f3 una foto en su nuevo sitio de trabajo.&nbsp;<em>\u201cMuy feliz por aportar mi peque\u00f1o granito de arena<\/em><\/strong><em>&nbsp;en la lucha contra el #Covid_19 formando parte de nuestro sistema sanitario\u201d<\/em>, afirm\u00f3.<\/p>\n<p data-birdsend-par-index=\"8\"><em>\u201cMi agradecimiento tambi\u00e9n al @realbetisbalompie por darme todas las facilidades en este camino. \u00a1Es el momento de arrimar el hombro!\u201d<\/em>, agreg\u00f3. Mientras, en Twitter public\u00f3 el siguiente mensaje:&nbsp;<strong><em>\u201cDisponible para lo que haga falta, donde se me necesite. Y como yo, seguro que somos muchos los dispuestos a ayudar cuando las necesidades de personal sanitario vayan aumentando\u201d<\/em><\/strong>.<\/p>\n<hr>\n<p data-birdsend-par-index=\"8\"><img decoding=\"async\" src=\"http:\/\/web.vallebro.biz\/wp-content\/uploads\/2020\/01\/articulos.png\"><\/p>\n<p data-birdsend-par-index=\"8\"><div class=\"wp-rss-template-container\" data-wpra-template=\"default\" data-template-ctx=\"W10=\">\n    <div class=\"wp-rss-aggregator wpra-list-template  \" data-page=\"1\">\n    \n    \n<ul class=\"wpra-item-list rss-aggregator wpra-item-list--bullets wpra-item-list--default\"\n    start=\"1\">\n                        <li class=\"wpra-item feed-item \">\n            \n            \n\n    <a  href=\"https:\/\/distritoemprendedores.com\/blog\/2026\/03\/16\/hello-world\/\" target=\"_blank\" rel=\"nofollow\" class=\"\">Hello world!<\/a>\n\n\n\n\n\n\n<div class=\"wprss-feed-meta\">\n            <span class=\"feed-source\">\n            Source:\n\n                            Distrito Emprendedores\n                    <\/span>\n    \n            <span class=\"feed-date\">\n            Published on 2026-03-16\n        <\/span>\n    \n    <\/div>\n\n\n\n\n\n            \n        <\/li>\n                    <li class=\"wpra-item feed-item \">\n            \n            \n\n    <a  href=\"https:\/\/www.dropbox.com\/scl\/fi\/b6csvpbfxu24vaezmo3es\/62bed0634df20e5ef35346439fdd423f_franquicias.pdf?rlkey=mfp2795s4n89mw35l0yeu2vl5&amp;e=2&amp;st=57kabuy0&amp;dl=0#new_tab\" target=\"_blank\" rel=\"nofollow\" class=\"\">Las franquicias espa\u00f1olas duplican su presencia en mercados for\u00e1neos<\/a>\n\n\n\n\n\n\n<div class=\"wprss-feed-meta\">\n            <span class=\"feed-source\">\n            Source:\n\n                            Distrito Emprendedores\n                    <\/span>\n    \n            <span class=\"feed-date\">\n            Published on 2026-03-11\n        <\/span>\n    \n    <\/div>\n\n\n\n\n\n            \n        <\/li>\n                    <li class=\"wpra-item feed-item \">\n            \n            \n\n    <a  href=\"https:\/\/distritoemprendedores.es\/blog\/5-errores-fatales-al-internacionalizar-tu-franquicia\/\" target=\"_blank\" rel=\"nofollow\" class=\"\">5 errores fatales al internacionalizar tu franquicia<\/a>\n\n\n\n\n\n\n<div class=\"wprss-feed-meta\">\n            <span class=\"feed-source\">\n            Source:\n\n                            Distrito Emprendedores\n                    <\/span>\n    \n            <span class=\"feed-date\">\n            Published on 2026-03-10\n        <\/span>\n    \n    <\/div>\n\n\n\n\n\n            \n        <\/li>\n                    <li class=\"wpra-item feed-item \">\n            \n            \n\n    <a  href=\"https:\/\/distritoemprendedores.es\/blog\/un-nuevo-prime-time-para-las-marcas-afterwork-tardeo-y-futbol-se-consolidan-como-los-grandes-motores-del-consumo-experiencial\/\" target=\"_blank\" rel=\"nofollow\" class=\"\">Un nuevo prime time para las marcas: afterwork, tardeo y f\u00fatbol se consolidan como los grandes motores del consumo experiencial<\/a>\n\n\n\n\n\n\n<div class=\"wprss-feed-meta\">\n            <span class=\"feed-source\">\n            Source:\n\n                            Distrito Emprendedores\n                    <\/span>\n    \n            <span class=\"feed-date\">\n            Published on 2026-03-09\n        <\/span>\n    \n    <\/div>\n\n\n\n\n\n            \n        <\/li>\n                    <li class=\"wpra-item feed-item \">\n            \n            \n\n    <a  href=\"https:\/\/distritoemprendedores.es\/blog\/la-ventaja-competitiva-esta-en-entender-como-pregunta-el-consumidor\/\" target=\"_blank\" rel=\"nofollow\" class=\"\">La ventaja competitiva est\u00e1 en entender c\u00f3mo pregunta el consumidor<\/a>\n\n\n\n\n\n\n<div class=\"wprss-feed-meta\">\n            <span class=\"feed-source\">\n            Source:\n\n                            Distrito Emprendedores\n                    <\/span>\n    \n            <span class=\"feed-date\">\n            Published on 2026-03-08\n        <\/span>\n    \n    <\/div>\n\n\n\n\n\n            \n        <\/li>\n                    <li class=\"wpra-item feed-item \">\n            \n            \n\n    <a  href=\"https:\/\/distritoemprendedores.es\/blog\/solo-el-7-de-los-espanoles-cree-a-las-marcas-cuando-comunican-sus-valores-con-hechos-demostrables\/\" target=\"_blank\" rel=\"nofollow\" class=\"\">Solo el 7% de los espa\u00f1oles cree a las marcas cuando comunican sus valores con hechos demostrables<\/a>\n\n\n\n\n\n\n<div class=\"wprss-feed-meta\">\n            <span class=\"feed-source\">\n            Source:\n\n                            Distrito Emprendedores\n                    <\/span>\n    \n            <span class=\"feed-date\">\n            Published on 2026-03-07\n        <\/span>\n    \n    <\/div>\n\n\n\n\n\n            \n        <\/li>\n                    <li class=\"wpra-item feed-item \">\n            \n            \n\n    <a  href=\"https:\/\/distritoemprendedores.es\/blog\/el-38-de-las-empresas-creadas-en-2019-ha-echado-ya-el-cierre\/\" target=\"_blank\" rel=\"nofollow\" class=\"\">El 38% de las empresas creadas en 2019 ha echado ya el cierre<\/a>\n\n\n\n\n\n\n<div class=\"wprss-feed-meta\">\n            <span class=\"feed-source\">\n            Source:\n\n                            Distrito Emprendedores\n                    <\/span>\n    \n            <span class=\"feed-date\">\n            Published on 2026-03-06\n        <\/span>\n    \n    <\/div>\n\n\n\n\n\n            \n        <\/li>\n                    <li class=\"wpra-item feed-item \">\n            \n            \n\n    <a  href=\"https:\/\/distritoemprendedores.es\/blog\/descubre-las-oportunidades-y-tendencias-en-el-mercado-de-la-franquicia-para-2026\/\" target=\"_blank\" rel=\"nofollow\" class=\"\">Descubre las oportunidades y tendencias en el mercado de la franquicia para 2026<\/a>\n\n\n\n\n\n\n<div class=\"wprss-feed-meta\">\n            <span class=\"feed-source\">\n            Source:\n\n                            Distrito Emprendedores\n                    <\/span>\n    \n            <span class=\"feed-date\">\n            Published on 2026-03-05\n        <\/span>\n    \n    <\/div>\n\n\n\n\n\n            \n        <\/li>\n                    <li class=\"wpra-item feed-item \">\n            \n            \n\n    <a  href=\"https:\/\/distritoemprendedores.es\/blog\/las-startups-de-salud-mas-punteras-del-mundo\/\" target=\"_blank\" rel=\"nofollow\" class=\"\">Las startups de salud m\u00e1s punteras del mundo<\/a>\n\n\n\n\n\n\n<div class=\"wprss-feed-meta\">\n            <span class=\"feed-source\">\n            Source:\n\n                            Distrito Emprendedores\n                    <\/span>\n    \n            <span class=\"feed-date\">\n            Published on 2026-03-04\n        <\/span>\n    \n    <\/div>\n\n\n\n\n\n            \n        <\/li>\n                    <li class=\"wpra-item feed-item \">\n            \n            \n\n    <a  href=\"https:\/\/distritoemprendedores.es\/blog\/puesta-en-marcha-de-un-negocio-primeros-pasos-para-validar-vender-y-controlar-la-tesoreria\/\" target=\"_blank\" rel=\"nofollow\" class=\"\">Puesta en marcha de un negocio: primeros pasos para validar, vender y controlar la tesorer\u00eda<\/a>\n\n\n\n\n\n\n<div class=\"wprss-feed-meta\">\n            <span class=\"feed-source\">\n            Source:\n\n                            Distrito Emprendedores\n                    <\/span>\n    \n            <span class=\"feed-date\">\n            Published on 2026-03-03\n        <\/span>\n    \n    <\/div>\n\n\n\n\n\n            \n        <\/li>\n                    <li class=\"wpra-item feed-item \">\n            \n            \n\n    <a  href=\"https:\/\/distritoemprendedores.es\/blog\/6-franquicias-sin-apenas-competencia-en-el-mercado\/\" target=\"_blank\" rel=\"nofollow\" class=\"\">6 franquicias sin apenas competencia en el mercado<\/a>\n\n\n\n\n\n\n<div class=\"wprss-feed-meta\">\n            <span class=\"feed-source\">\n            Source:\n\n                            Distrito Emprendedores\n                    <\/span>\n    \n            <span class=\"feed-date\">\n            Published on 2026-03-02\n        <\/span>\n    \n    <\/div>\n\n\n\n\n\n            \n        <\/li>\n                    <li class=\"wpra-item feed-item \">\n            \n            \n\n    <a  href=\"https:\/\/digistorage.es\/links\/71d78951-a420-4f5b-8de6-7b35ae7efc1c#new_tab\" target=\"_blank\" rel=\"nofollow\" class=\"\">Los algoritmos amenazan con filtrar las confesiones realizadas al abogado<\/a>\n\n\n\n\n\n\n<div class=\"wprss-feed-meta\">\n            <span class=\"feed-source\">\n            Source:\n\n                            Distrito Emprendedores\n                    <\/span>\n    \n            <span class=\"feed-date\">\n            Published on 2026-03-01\n        <\/span>\n    \n    <\/div>\n\n\n\n\n\n            \n        <\/li>\n                    <li class=\"wpra-item feed-item \">\n            \n            \n\n    <a  href=\"https:\/\/distritoemprendedores.es\/blog\/las-startups-que-mas-innovan-en-el-mundo\/\" target=\"_blank\" rel=\"nofollow\" class=\"\">Las startups que m\u00e1s innovan en el mundo<\/a>\n\n\n\n\n\n\n<div class=\"wprss-feed-meta\">\n            <span class=\"feed-source\">\n            Source:\n\n                            Distrito Emprendedores\n                    <\/span>\n    \n            <span class=\"feed-date\">\n            Published on 2026-02-28\n        <\/span>\n    \n    <\/div>\n\n\n\n\n\n            \n        <\/li>\n                    <li class=\"wpra-item feed-item \">\n            \n            \n\n    <a  href=\"https:\/\/distritoemprendedores.es\/blog\/tiktok-genera-31-000-millones-de-euros-para-las-empresas-europeas-y-3-000-millones-en-espana\/\" target=\"_blank\" rel=\"nofollow\" class=\"\">TikTok genera 31.000 millones de euros para las empresas europeas y 3.000 millones en Espa\u00f1a<\/a>\n\n\n\n\n\n\n<div class=\"wprss-feed-meta\">\n            <span class=\"feed-source\">\n            Source:\n\n                            Distrito Emprendedores\n                    <\/span>\n    \n            <span class=\"feed-date\">\n            Published on 2026-02-27\n        <\/span>\n    \n    <\/div>\n\n\n\n\n\n            \n        <\/li>\n                    <li class=\"wpra-item feed-item \">\n            \n            \n\n    <a  href=\"https:\/\/distritoemprendedores.es\/blog\/amazon-planea-un-marketplace-para-hacer-de-puente-entre-los-publishers-y-las-empresas-de-ia\/\" target=\"_blank\" rel=\"nofollow\" class=\"\">Amazon planea un \u00abmarketplace\u00bb para hacer de puente entre los \u00abpublishers\u00bb y las empresas de IA<\/a>\n\n\n\n\n\n\n<div class=\"wprss-feed-meta\">\n            <span class=\"feed-source\">\n            Source:\n\n                            Distrito Emprendedores\n                    <\/span>\n    \n            <span class=\"feed-date\">\n            Published on 2026-02-26\n        <\/span>\n    \n    <\/div>\n\n\n\n\n\n            \n        <\/li>\n        <\/ul>\n\n        \n<\/div>\n\n<\/div>\n<\/p>\n<hr>\n<p data-birdsend-par-index=\"10\">Ciertamente, Romero no es la \u00fanica futbolista que salt\u00f3 de los campos de juego a las salas de urgencias.&nbsp;<strong>Una de ellas es Oihana Aldai, portera del Pozoalbense, de C\u00f3rdoba (Andaluc\u00eda), que regres\u00f3 a al Pa\u00eds Vasco, en el norte, para ayudar<\/strong>.&nbsp;<em>\u201cPienso que esto se va a alargar un poco m\u00e1s, as\u00ed que es necesario que sigamos las recomendaciones que nos dan\u201d<\/em>, dice esta enfermera.<\/p>\n<p data-birdsend-par-index=\"11\">Otra que cambi\u00f3 los gruesos guantes de portera por los delgados de l\u00e1tex fue Mar\u00eda Sanju\u00e1n, jugadora del Villarreal.&nbsp;<strong>Por estos d\u00edas, est\u00e1 al servicio del Hospital La Fe de Valencia, donde pudo constatar la magnitud de la situaci\u00f3n<\/strong>.&nbsp;<em>\u201cTodo el personal sanitario est\u00e1 haciendo todo lo que puede en las actuales circunstancias. Tanto psicol\u00f3gica como f\u00edsicamente\u201d<\/em>, asegur\u00f3 la deportista.<\/p>\n<p data-birdsend-par-index=\"12\"><em>\u201cNing\u00fan sanitario estaba preparado para vivir lo que estamos viviendo, pero s\u00e9 que vamos a frenar la curva\u201d<\/em>, dice ilusionada esta enfermera que labora en turnos de 12 horas, de 8 a 8, y permanece a disposici\u00f3n las 24 horas.&nbsp;<strong><em>\u201cNo somos h\u00e9roes, es nuestra labor y nos debemos a ello. Tenemos que estar superorgullosos de lo hacemos, aunque echo un poco de menos entrenar\u201d<\/em><\/strong>, agreg\u00f3.<\/p>\n<p data-birdsend-par-index=\"13\">Como ella, la capitana del Girona de Catalu\u00f1a M\u00f3nica Ayats tambi\u00e9n se sum\u00f3 a la causa.&nbsp;<strong><em>\u201cAhora m\u00e1s que nunca soy enfermera\u201d<\/em>, dijo.&nbsp;<em>\u201cEs momento de sumar para que cuando esto pase tengamos la sensaci\u00f3n de que lo hemos dado todo\u201d<\/em>, complement\u00f3<\/strong>.&nbsp;<em>\u201cEsto es un llamamiento a la solidaridad. Ya est\u00e1 bien de quejarse porque creemos que podemos hacerlo mejor desde casa, de lamentarse porque no se puede salir\u201d<\/em>.<\/p>\n<p data-birdsend-par-index=\"14\">Ana S\u00e1enz de Pipa\u00f3n es, quiz\u00e1s, una de las m\u00e1s conocidas por la afici\u00f3n, por su trayectoria en la selecci\u00f3n nacional. En la actualidad es empleada de los Servicios M\u00e9dicos del Sporting de Gij\u00f3n.&nbsp;<strong>Ella solicit\u00f3 su incorporaci\u00f3n al Servicio Riojano de Salud, en virtud de las cifras de contagios en Logro\u00f1o, uno de los mayores focos de la enfermedad en el pa\u00eds<\/strong>, y sirve en Los Arcos (Navarra).<\/p>\n<p data-birdsend-par-index=\"15\">Otro caso es el de Vicky Losada, destacada jugadora del FC Barcelona con el que logr\u00f3 los t\u00edtulos de la Copa de la Reina y de la Liga de Campeones. Aunque no est\u00e1 en la primera l\u00ednea de atenci\u00f3n, como las dem\u00e1s, desde su casa aporta lo suyo.&nbsp;<strong>Promovi\u00f3 la creaci\u00f3n de la campa\u00f1a \u2018Juntas Venceremos\u2019, que ya aglutina a una buena parte de las futbolistas profesionales espa\u00f1olas<\/strong>.<\/p>\n<p data-birdsend-par-index=\"16\">\u00bfQu\u00e9 hace? A trav\u00e9s de la subasta de camisetas, guantes o botines,&nbsp;<strong>se ha dado a la tarea de recaudar fondos que luego se destinar\u00e1n a la adquisici\u00f3n de material cl\u00ednico y a la mejora de las condiciones de trabajo del personal sanitario<\/strong>. La meta es recolectar al menos 20.000 euros (unos 22.000 d\u00f3lares). M\u00e1s de 40 jugadoras ya se unieron y donaron implementos para el sorteo.<\/p>\n<p data-birdsend-par-index=\"17\">Lo mencion\u00e9 en una nota anterior: las crisis provocan que cada ser humano exponga su mejor versi\u00f3n y la peor, tambi\u00e9n. En este caso, mientras algunas megaestrellas masculinas posan para las redes sociales,&nbsp;<strong>mientras algunas hacen donaciones en dinero (que valen, por supuesto), mientras otros se quejan por el confinamiento, estas mujeres anotan el que, sin duda, ser\u00e1 el gol de su vida<\/strong>.<\/p>\n<p data-birdsend-par-index=\"18\"><strong>No son tan famosas como sus pares masculinos, no tienen el reconocimiento y los seguidores de la mayor\u00eda de ellos y no ganan en el campo de juego cifras similares<\/strong>. Sin embargo, estas mujeres dejan una huella imborrable en la sociedad con su vocaci\u00f3n de servicio y generosidad en esta \u00e9poca de crisis. Y servir, amigo m\u00edo, es el mejor negocio del mundo<\/p>\n<p data-birdsend-par-index=\"18\"><a href=\"https:\/\/mercadeoglobal.com\/\"><em>Alvaro Mendoza<\/em><\/a><\/p>\n<div id=\"telet-1296393708\" class=\"telet-despues-del-contenido telet-entity-placement\"><a target=\"_blank\" href=\"\/\/aff.lucushost.com\/resources\/click\/?n=gDxoXMAJ&aff=756\"><img decoding=\"async\" border=\"0\" alt=\"LucusHost, el mejor hosting\" src=\"\/\/aff.lucushost.com\/resources\/banners\/?zoneid=5123&n=gDxoXMAJ&aff=756\" \/><\/a><\/div>","protected":false},"excerpt":{"rendered":"<p>El f\u00fatbol es una de las actividades populares paralizadas por estos d\u00edas de confinamiento por el coronavirus. Sin embargo,&nbsp;hay quienes, sin ruido medi\u00e1tico, se juegan el partido de la vida.&hellip; <\/p>\n","protected":false},"author":1,"featured_media":916,"comment_status":"open","ping_status":"open","sticky":false,"template":"","format":"standard","meta":{"_jetpack_memberships_contains_paid_content":false,"footnotes":"","_links_to":"","_links_to_target":""},"categories":[8],"tags":[15,14],"class_list":["post-915","post","type-post","status-publish","format-standard","has-post-thumbnail","hentry","category-vida-social","tag-fuprisa","tag-jose-manuel-fuentes-prieto"],"nelio_content":{"autoShareEndMode":"never","automationSources":{"useCustomSentences":false,"customSentences":[]},"efiAlt":"","efiUrl":"","followers":[1],"highlights":[],"isAutoShareEnabled":true,"networkImageIds":[],"permalinkQueryArgs":[],"series":[],"suggestedReferences":[]},"jetpack_featured_media_url":"https:\/\/teletrabajoynegocios.com\/telesecretarias\/wp-content\/uploads\/sites\/2\/2020\/04\/spot.jpg","jetpack_sharing_enabled":true,"_links":{"self":[{"href":"https:\/\/teletrabajoynegocios.com\/telesecretarias\/wp-json\/wp\/v2\/posts\/915","targetHints":{"allow":["GET"]}}],"collection":[{"href":"https:\/\/teletrabajoynegocios.com\/telesecretarias\/wp-json\/wp\/v2\/posts"}],"about":[{"href":"https:\/\/teletrabajoynegocios.com\/telesecretarias\/wp-json\/wp\/v2\/types\/post"}],"author":[{"embeddable":true,"href":"https:\/\/teletrabajoynegocios.com\/telesecretarias\/wp-json\/wp\/v2\/users\/1"}],"replies":[{"embeddable":true,"href":"https:\/\/teletrabajoynegocios.com\/telesecretarias\/wp-json\/wp\/v2\/comments?post=915"}],"version-history":[{"count":1,"href":"https:\/\/teletrabajoynegocios.com\/telesecretarias\/wp-json\/wp\/v2\/posts\/915\/revisions"}],"predecessor-version":[{"id":917,"href":"https:\/\/teletrabajoynegocios.com\/telesecretarias\/wp-json\/wp\/v2\/posts\/915\/revisions\/917"}],"wp:featuredmedia":[{"embeddable":true,"href":"https:\/\/teletrabajoynegocios.com\/telesecretarias\/wp-json\/wp\/v2\/media\/916"}],"wp:attachment":[{"href":"https:\/\/teletrabajoynegocios.com\/telesecretarias\/wp-json\/wp\/v2\/media?parent=915"}],"wp:term":[{"taxonomy":"category","embeddable":true,"href":"https:\/\/teletrabajoynegocios.com\/telesecretarias\/wp-json\/wp\/v2\/categories?post=915"},{"taxonomy":"post_tag","embeddable":true,"href":"https:\/\/teletrabajoynegocios.com\/telesecretarias\/wp-json\/wp\/v2\/tags?post=915"}],"curies":[{"name":"wp","href":"https:\/\/api.w.org\/{rel}","templated":true}]}}