{"id":925,"date":"2020-04-29T12:10:20","date_gmt":"2020-04-29T10:10:20","guid":{"rendered":"https:\/\/teletrabajoynegocios.com\/telesecretarias\/?p=925"},"modified":"2020-07-20T10:27:42","modified_gmt":"2020-07-20T08:27:42","slug":"5-cosas-que-puedes-hacer-antes-de-las-9-de-la-manana","status":"publish","type":"post","link":"https:\/\/teletrabajoynegocios.com\/telesecretarias\/5-cosas-que-puedes-hacer-antes-de-las-9-de-la-manana\/","title":{"rendered":"5 cosas que puedes hacer antes de las 9 de la ma\u00f1ana"},"content":{"rendered":"<div id=\"telet-1549124801\" class=\"telet-antes-del-contenido telet-entity-placement\"><a href=\"https:\/\/quaderno.io\/?via=jose-manuel94\" aria-label=\"Quaderno General (Spanish) &#8211; 728&#215;90\"><img loading=\"lazy\" decoding=\"async\" src=\"https:\/\/teletrabajoynegocios.com\/telesecretarias\/wp-content\/uploads\/sites\/2\/2020\/11\/Quaderno-General-Spanish-728x90-1.png\" alt=\"\"  srcset=\"https:\/\/teletrabajoynegocios.com\/telesecretarias\/wp-content\/uploads\/sites\/2\/2020\/11\/Quaderno-General-Spanish-728x90-1.png 728w, https:\/\/teletrabajoynegocios.com\/telesecretarias\/wp-content\/uploads\/sites\/2\/2020\/11\/Quaderno-General-Spanish-728x90-1-300x37.png 300w\" sizes=\"(max-width: 728px) 100vw, 728px\" width=\"728\" height=\"90\"   \/><\/a><\/div><p>Muchas veces no se le da al comienzo del d\u00eda la importancia que se merece.&nbsp;<strong>Desafortunadamente, en diversas ocasiones iniciamos la jornada con estr\u00e9s<\/strong><strong>, premuras y angustia<\/strong>. El problema es que empleamos demasiada energ\u00eda sin ser necesario. Por eso hoy te traemos algunos consejos sobre las cosas que puedes hacer antes de las 9 de la ma\u00f1ana para sentirte mejor.<\/p>\n<p>\u00bfPor qu\u00e9 son importantes algunos h\u00e1bitos antes de iniciar la rutina de trabajo? Simplemente porque&nbsp;<strong>son una forma de crear cierta disposici\u00f3n positiva para ser m\u00e1s productivo<\/strong><strong>&nbsp;y equilibrado a lo largo de toda la jornada<\/strong>.<\/p>\n<blockquote><p>\u201c<em>5 cosas para hacer antes de salir de tu cama: da las gracias por un nuevo d\u00eda, piensa en tus intenciones del d\u00eda, toma 5 profundas respiraciones, sonr\u00ede sin raz\u00f3n alguna, y perd\u00f3nate por los errores cometidos ayer<\/em>\u201d.<\/p>\n<p>-Autor desconocido-<\/p><\/blockquote>\n<p><strong>Las cosas que puedes hacer antes de las 9 de la ma\u00f1ana son b\u00e1sicamente cinco<\/strong>: una&nbsp;<a href=\"https:\/\/lamenteesmaravillosa.com\/el-cuento-de-la-vaquita-cuando-la-rutina-nos-limita\/\" target=\"_blank\" rel=\"noopener noreferrer\">rutina<\/a>&nbsp;de ejercicio, nutrirte, meditar, ordenar tu espacio y hacer el plan del d\u00eda. Veamos cada una de estas acciones en detalle.<\/p>\n<h2><strong>1. El ejercicio es una de las cosas que puedes hacer antes de las 9 de la ma\u00f1ana<\/strong><\/h2>\n<p>Efectivamente, el ejercicio, s\u00ed o s\u00ed, es una de las cosas que puedes hacer antes de las 9 de la ma\u00f1ana. Es la mejor hora del d\u00eda para ejercitarte.&nbsp;<strong>No solamente es una gran contribuci\u00f3n a tu&nbsp;<a href=\"https:\/\/lamenteesmaravillosa.com\/como-afecta-trabajar-de-noche-a-tu-salud\/\" target=\"_blank\" rel=\"noopener noreferrer\">salud<\/a><\/strong><strong>&nbsp;f\u00edsica, sino tambi\u00e9n a tu salud mental<\/strong>.<\/p>\n<p>El ejercicio incide positivamente en el estado de \u00e1nimo.&nbsp;<strong>Activa tu circulaci\u00f3n, tus m\u00fasculos, articulaciones y&nbsp;<a href=\"https:\/\/es.wikipedia.org\/wiki\/Cerebro\" target=\"_blank\" rel=\"noopener noreferrer\">cerebro<\/a><\/strong>. Est\u00e1 plenamente comprobado que hacer ejercicio mejora la funci\u00f3n cerebral. Y qu\u00e9 mejor plan que comenzar el d\u00eda con la mente bien despierta y atenta a todo.<\/p>\n<h2><strong>2. Comer nutritivamente<\/strong><\/h2>\n<p><strong>Los m\u00e9dicos y los nutricionistas insisten en que el&nbsp;<a href=\"https:\/\/es.wikipedia.org\/wiki\/Desayuno\" target=\"_blank\" rel=\"noopener noreferrer\">desayuno<\/a><\/strong><strong>&nbsp;es la comida m\u00e1s importante del d\u00eda<\/strong>. Sin embargo, son muchos los que hacen o\u00eddos sordos a esta recomendaci\u00f3n. No son pocos los que acostumbran a tomar solo un caf\u00e9 y alguna comida ligera.<\/p>\n<p>Esto es muy negativo porque implica comenzar el d\u00eda con un d\u00e9ficit energ\u00e9tico. Lo ideal es que te puedas sentar a desayunar con calma, consumiendo suficientes alimentos nutritivos y&nbsp;<strong>proporcionando&nbsp;a tu cerebro y a todo tu organismo el impulso inicial para que tu jornada sea \u00f3ptima<\/strong>.<\/p>\n<hr>\n<p><img decoding=\"async\" src=\"http:\/\/web.vallebro.biz\/wp-content\/uploads\/2020\/01\/articulos.png\"><\/p>\n<div class=\"wp-rss-template-container\" data-wpra-template=\"default\" data-template-ctx=\"W10=\">\n    <div class=\"wp-rss-aggregator wpra-list-template  \" data-page=\"1\">\n    \n    \n<ul class=\"wpra-item-list rss-aggregator wpra-item-list--bullets wpra-item-list--default\"\n    start=\"1\">\n                        <li class=\"wpra-item feed-item \">\n            \n            \n\n    <a  href=\"https:\/\/distritoemprendedores.com\/blog\/2026\/03\/16\/hello-world\/\" target=\"_blank\" rel=\"nofollow\" class=\"\">Hello world!<\/a>\n\n\n\n\n\n\n<div class=\"wprss-feed-meta\">\n            <span class=\"feed-source\">\n            Source:\n\n                            Distrito Emprendedores\n                    <\/span>\n    \n            <span class=\"feed-date\">\n            Published on 2026-03-16\n        <\/span>\n    \n    <\/div>\n\n\n\n\n\n            \n        <\/li>\n                    <li class=\"wpra-item feed-item \">\n            \n            \n\n    <a  href=\"https:\/\/www.dropbox.com\/scl\/fi\/b6csvpbfxu24vaezmo3es\/62bed0634df20e5ef35346439fdd423f_franquicias.pdf?rlkey=mfp2795s4n89mw35l0yeu2vl5&amp;e=2&amp;st=57kabuy0&amp;dl=0#new_tab\" target=\"_blank\" rel=\"nofollow\" class=\"\">Las franquicias espa\u00f1olas duplican su presencia en mercados for\u00e1neos<\/a>\n\n\n\n\n\n\n<div class=\"wprss-feed-meta\">\n            <span class=\"feed-source\">\n            Source:\n\n                            Distrito Emprendedores\n                    <\/span>\n    \n            <span class=\"feed-date\">\n            Published on 2026-03-11\n        <\/span>\n    \n    <\/div>\n\n\n\n\n\n            \n        <\/li>\n                    <li class=\"wpra-item feed-item \">\n            \n            \n\n    <a  href=\"https:\/\/distritoemprendedores.es\/blog\/5-errores-fatales-al-internacionalizar-tu-franquicia\/\" target=\"_blank\" rel=\"nofollow\" class=\"\">5 errores fatales al internacionalizar tu franquicia<\/a>\n\n\n\n\n\n\n<div class=\"wprss-feed-meta\">\n            <span class=\"feed-source\">\n            Source:\n\n                            Distrito Emprendedores\n                    <\/span>\n    \n            <span class=\"feed-date\">\n            Published on 2026-03-10\n        <\/span>\n    \n    <\/div>\n\n\n\n\n\n            \n        <\/li>\n                    <li class=\"wpra-item feed-item \">\n            \n            \n\n    <a  href=\"https:\/\/distritoemprendedores.es\/blog\/un-nuevo-prime-time-para-las-marcas-afterwork-tardeo-y-futbol-se-consolidan-como-los-grandes-motores-del-consumo-experiencial\/\" target=\"_blank\" rel=\"nofollow\" class=\"\">Un nuevo prime time para las marcas: afterwork, tardeo y f\u00fatbol se consolidan como los grandes motores del consumo experiencial<\/a>\n\n\n\n\n\n\n<div class=\"wprss-feed-meta\">\n            <span class=\"feed-source\">\n            Source:\n\n                            Distrito Emprendedores\n                    <\/span>\n    \n            <span class=\"feed-date\">\n            Published on 2026-03-09\n        <\/span>\n    \n    <\/div>\n\n\n\n\n\n            \n        <\/li>\n                    <li class=\"wpra-item feed-item \">\n            \n            \n\n    <a  href=\"https:\/\/distritoemprendedores.es\/blog\/la-ventaja-competitiva-esta-en-entender-como-pregunta-el-consumidor\/\" target=\"_blank\" rel=\"nofollow\" class=\"\">La ventaja competitiva est\u00e1 en entender c\u00f3mo pregunta el consumidor<\/a>\n\n\n\n\n\n\n<div class=\"wprss-feed-meta\">\n            <span class=\"feed-source\">\n            Source:\n\n                            Distrito Emprendedores\n                    <\/span>\n    \n            <span class=\"feed-date\">\n            Published on 2026-03-08\n        <\/span>\n    \n    <\/div>\n\n\n\n\n\n            \n        <\/li>\n                    <li class=\"wpra-item feed-item \">\n            \n            \n\n    <a  href=\"https:\/\/distritoemprendedores.es\/blog\/solo-el-7-de-los-espanoles-cree-a-las-marcas-cuando-comunican-sus-valores-con-hechos-demostrables\/\" target=\"_blank\" rel=\"nofollow\" class=\"\">Solo el 7% de los espa\u00f1oles cree a las marcas cuando comunican sus valores con hechos demostrables<\/a>\n\n\n\n\n\n\n<div class=\"wprss-feed-meta\">\n            <span class=\"feed-source\">\n            Source:\n\n                            Distrito Emprendedores\n                    <\/span>\n    \n            <span class=\"feed-date\">\n            Published on 2026-03-07\n        <\/span>\n    \n    <\/div>\n\n\n\n\n\n            \n        <\/li>\n                    <li class=\"wpra-item feed-item \">\n            \n            \n\n    <a  href=\"https:\/\/distritoemprendedores.es\/blog\/el-38-de-las-empresas-creadas-en-2019-ha-echado-ya-el-cierre\/\" target=\"_blank\" rel=\"nofollow\" class=\"\">El 38% de las empresas creadas en 2019 ha echado ya el cierre<\/a>\n\n\n\n\n\n\n<div class=\"wprss-feed-meta\">\n            <span class=\"feed-source\">\n            Source:\n\n                            Distrito Emprendedores\n                    <\/span>\n    \n            <span class=\"feed-date\">\n            Published on 2026-03-06\n        <\/span>\n    \n    <\/div>\n\n\n\n\n\n            \n        <\/li>\n                    <li class=\"wpra-item feed-item \">\n            \n            \n\n    <a  href=\"https:\/\/distritoemprendedores.es\/blog\/descubre-las-oportunidades-y-tendencias-en-el-mercado-de-la-franquicia-para-2026\/\" target=\"_blank\" rel=\"nofollow\" class=\"\">Descubre las oportunidades y tendencias en el mercado de la franquicia para 2026<\/a>\n\n\n\n\n\n\n<div class=\"wprss-feed-meta\">\n            <span class=\"feed-source\">\n            Source:\n\n                            Distrito Emprendedores\n                    <\/span>\n    \n            <span class=\"feed-date\">\n            Published on 2026-03-05\n        <\/span>\n    \n    <\/div>\n\n\n\n\n\n            \n        <\/li>\n                    <li class=\"wpra-item feed-item \">\n            \n            \n\n    <a  href=\"https:\/\/distritoemprendedores.es\/blog\/las-startups-de-salud-mas-punteras-del-mundo\/\" target=\"_blank\" rel=\"nofollow\" class=\"\">Las startups de salud m\u00e1s punteras del mundo<\/a>\n\n\n\n\n\n\n<div class=\"wprss-feed-meta\">\n            <span class=\"feed-source\">\n            Source:\n\n                            Distrito Emprendedores\n                    <\/span>\n    \n            <span class=\"feed-date\">\n            Published on 2026-03-04\n        <\/span>\n    \n    <\/div>\n\n\n\n\n\n            \n        <\/li>\n                    <li class=\"wpra-item feed-item \">\n            \n            \n\n    <a  href=\"https:\/\/distritoemprendedores.es\/blog\/puesta-en-marcha-de-un-negocio-primeros-pasos-para-validar-vender-y-controlar-la-tesoreria\/\" target=\"_blank\" rel=\"nofollow\" class=\"\">Puesta en marcha de un negocio: primeros pasos para validar, vender y controlar la tesorer\u00eda<\/a>\n\n\n\n\n\n\n<div class=\"wprss-feed-meta\">\n            <span class=\"feed-source\">\n            Source:\n\n                            Distrito Emprendedores\n                    <\/span>\n    \n            <span class=\"feed-date\">\n            Published on 2026-03-03\n        <\/span>\n    \n    <\/div>\n\n\n\n\n\n            \n        <\/li>\n                    <li class=\"wpra-item feed-item \">\n            \n            \n\n    <a  href=\"https:\/\/distritoemprendedores.es\/blog\/6-franquicias-sin-apenas-competencia-en-el-mercado\/\" target=\"_blank\" rel=\"nofollow\" class=\"\">6 franquicias sin apenas competencia en el mercado<\/a>\n\n\n\n\n\n\n<div class=\"wprss-feed-meta\">\n            <span class=\"feed-source\">\n            Source:\n\n                            Distrito Emprendedores\n                    <\/span>\n    \n            <span class=\"feed-date\">\n            Published on 2026-03-02\n        <\/span>\n    \n    <\/div>\n\n\n\n\n\n            \n        <\/li>\n                    <li class=\"wpra-item feed-item \">\n            \n            \n\n    <a  href=\"https:\/\/digistorage.es\/links\/71d78951-a420-4f5b-8de6-7b35ae7efc1c#new_tab\" target=\"_blank\" rel=\"nofollow\" class=\"\">Los algoritmos amenazan con filtrar las confesiones realizadas al abogado<\/a>\n\n\n\n\n\n\n<div class=\"wprss-feed-meta\">\n            <span class=\"feed-source\">\n            Source:\n\n                            Distrito Emprendedores\n                    <\/span>\n    \n            <span class=\"feed-date\">\n            Published on 2026-03-01\n        <\/span>\n    \n    <\/div>\n\n\n\n\n\n            \n        <\/li>\n                    <li class=\"wpra-item feed-item \">\n            \n            \n\n    <a  href=\"https:\/\/distritoemprendedores.es\/blog\/las-startups-que-mas-innovan-en-el-mundo\/\" target=\"_blank\" rel=\"nofollow\" class=\"\">Las startups que m\u00e1s innovan en el mundo<\/a>\n\n\n\n\n\n\n<div class=\"wprss-feed-meta\">\n            <span class=\"feed-source\">\n            Source:\n\n                            Distrito Emprendedores\n                    <\/span>\n    \n            <span class=\"feed-date\">\n            Published on 2026-02-28\n        <\/span>\n    \n    <\/div>\n\n\n\n\n\n            \n        <\/li>\n                    <li class=\"wpra-item feed-item \">\n            \n            \n\n    <a  href=\"https:\/\/distritoemprendedores.es\/blog\/tiktok-genera-31-000-millones-de-euros-para-las-empresas-europeas-y-3-000-millones-en-espana\/\" target=\"_blank\" rel=\"nofollow\" class=\"\">TikTok genera 31.000 millones de euros para las empresas europeas y 3.000 millones en Espa\u00f1a<\/a>\n\n\n\n\n\n\n<div class=\"wprss-feed-meta\">\n            <span class=\"feed-source\">\n            Source:\n\n                            Distrito Emprendedores\n                    <\/span>\n    \n            <span class=\"feed-date\">\n            Published on 2026-02-27\n        <\/span>\n    \n    <\/div>\n\n\n\n\n\n            \n        <\/li>\n                    <li class=\"wpra-item feed-item \">\n            \n            \n\n    <a  href=\"https:\/\/distritoemprendedores.es\/blog\/amazon-planea-un-marketplace-para-hacer-de-puente-entre-los-publishers-y-las-empresas-de-ia\/\" target=\"_blank\" rel=\"nofollow\" class=\"\">Amazon planea un \u00abmarketplace\u00bb para hacer de puente entre los \u00abpublishers\u00bb y las empresas de IA<\/a>\n\n\n\n\n\n\n<div class=\"wprss-feed-meta\">\n            <span class=\"feed-source\">\n            Source:\n\n                            Distrito Emprendedores\n                    <\/span>\n    \n            <span class=\"feed-date\">\n            Published on 2026-02-26\n        <\/span>\n    \n    <\/div>\n\n\n\n\n\n            \n        <\/li>\n        <\/ul>\n\n        \n<\/div>\n\n<\/div>\n\n<hr>\n<h2><strong>3. Meditar 5 minutos<\/strong><\/h2>\n<p><strong>As\u00ed como los alimentos nutren el cuerpo, la&nbsp;<a href=\"https:\/\/lamenteesmaravillosa.com\/meditacion-y-otras-claves-para-ser-feliz\/\" target=\"_blank\" rel=\"noopener noreferrer\">meditaci\u00f3n<\/a>&nbsp;nutre el esp\u00edritu<\/strong>. Apenas cinco minutos diarios de meditaci\u00f3n, antes de las 9 de la ma\u00f1ana, pueden ser determinantes en tu d\u00eda a d\u00eda. Ese momento a solas contigo marca una gran diferencia.<\/p>\n<p><strong>Meditar es respirar, percibirte. Sentir tu cuerpo y despejar tu mente. Procesar esos pensamientos y sentimientos negativos<\/strong>&nbsp;o pesados que puedan estar desequilibr\u00e1ndote. Un verdadero regalo para ti mismo que te aportar\u00e1 un plus de armon\u00eda durante toda la jornada.<\/p>\n<h2><strong>4. Poner orden<\/strong><\/h2>\n<p><strong>Poner&nbsp;<a href=\"https:\/\/lamenteesmaravillosa.com\/el-metodo-marie-kondo-para-ordenar-la-vida-ordenando-la-casa\/\" target=\"_blank\" rel=\"noopener noreferrer\">orden<\/a>&nbsp;tiene que ver con resolver esas peque\u00f1as tareas dom\u00e9sticas cotidianas<\/strong>. Llevar la ropa a la lavander\u00eda, recoger el desorden, sacar a pasear el perro\u2026 son actividades que a veces se convierten en todo un problema cuando no se hacen a tiempo. Por eso, lo mejor es dejarlas hechas desde bien temprano.<\/p>\n<p><strong>Cuando dejas esas cosas para despu\u00e9s, es posible que se queden gravitando en tu mente<\/strong>. A veces como una preocupaci\u00f3n por lo que no se hizo, a veces como un cierto malestar o incomodidad, al saber que quedaron cosas por hacer. Si te acostumbras a resolver todas esas peque\u00f1eces bien temprano, tu mente va a estar disponible para cosas m\u00e1s importantes.<\/p>\n<h2><strong>5. Hacer un plan<\/strong><\/h2>\n<p>Siempre es bueno hacer un plan adecuado al comenzar el d\u00eda, en el que anotemos los&nbsp;<strong>asuntos relevantes y, por supuesto, aquellos realizables<\/strong>. Esto te ayudar\u00e1 a organizarte mentalmente y a distribuir tu tiempo de modo que el d\u00eda alcance para hacer todo lo que quieres y necesites hacer.<\/p>\n<p><strong>Uno de los aspectos m\u00e1s importantes de elaborar este plan es que te va a evitar muchos ratos de estr\u00e9s<\/strong>. Nada inquieta m\u00e1s que estar confusos sobre lo que hay que hacer y en qu\u00e9 orden llevarlo a cabo. Terminas llevando a cabo varias cosas a la vez, o dedic\u00e1ndole demasiado tiempo a algo que no es importante. Por lo tanto, el secreto de un buen plan est\u00e1 en saber priorizar y descartar.<\/p>\n<p>Por \u00faltimo, ten en cuenta que<strong>&nbsp;las cinco cosas que puedes hacer antes de las 9 de la ma\u00f1ana son medidas de autocuidado<\/strong>. Peque\u00f1os actos de amor propio que te sirven para llevar a cabo tus actividades adecuadamente, sin descuidar tu salud y protegiendo tu mente y tu estado de \u00e1nimo. Vale la pena que lo ensayes y concluyas por ti mismo si te sientes mejor.<\/p>\n<p><a class=\"highlight utilitary-border\" href=\"https:\/\/lamenteesmaravillosa.com\/autor\/edith-sanchez\/\">Edith S\u00e1nchez<\/a><\/p>\n<div id=\"telet-1729717243\" class=\"telet-despues-del-contenido telet-entity-placement\"><a target=\"_blank\" href=\"\/\/aff.lucushost.com\/resources\/click\/?n=gDxoXMAJ&aff=756\"><img decoding=\"async\" border=\"0\" alt=\"LucusHost, el mejor hosting\" src=\"\/\/aff.lucushost.com\/resources\/banners\/?zoneid=5123&n=gDxoXMAJ&aff=756\" \/><\/a><\/div>","protected":false},"excerpt":{"rendered":"<p>Muchas veces no se le da al comienzo del d\u00eda la importancia que se merece.&nbsp;Desafortunadamente, en diversas ocasiones iniciamos la jornada con estr\u00e9s, premuras y angustia. El problema es que&hellip; <\/p>\n","protected":false},"author":1,"featured_media":932,"comment_status":"open","ping_status":"open","sticky":false,"template":"","format":"standard","meta":{"_jetpack_memberships_contains_paid_content":false,"footnotes":"","_links_to":"","_links_to_target":""},"categories":[1],"tags":[15,14],"class_list":["post-925","post","type-post","status-publish","format-standard","has-post-thumbnail","hentry","category-telesecretarias","tag-fuprisa","tag-jose-manuel-fuentes-prieto"],"nelio_content":{"autoShareEndMode":"never","automationSources":{"useCustomSentences":false,"customSentences":[]},"efiAlt":"","efiUrl":"","followers":[1],"highlights":[],"isAutoShareEnabled":true,"networkImageIds":[],"permalinkQueryArgs":[],"series":[],"suggestedReferences":[]},"jetpack_featured_media_url":"https:\/\/teletrabajoynegocios.com\/telesecretarias\/wp-content\/uploads\/sites\/2\/2020\/04\/yoga-postura-del-nino.jpg","jetpack_sharing_enabled":true,"_links":{"self":[{"href":"https:\/\/teletrabajoynegocios.com\/telesecretarias\/wp-json\/wp\/v2\/posts\/925","targetHints":{"allow":["GET"]}}],"collection":[{"href":"https:\/\/teletrabajoynegocios.com\/telesecretarias\/wp-json\/wp\/v2\/posts"}],"about":[{"href":"https:\/\/teletrabajoynegocios.com\/telesecretarias\/wp-json\/wp\/v2\/types\/post"}],"author":[{"embeddable":true,"href":"https:\/\/teletrabajoynegocios.com\/telesecretarias\/wp-json\/wp\/v2\/users\/1"}],"replies":[{"embeddable":true,"href":"https:\/\/teletrabajoynegocios.com\/telesecretarias\/wp-json\/wp\/v2\/comments?post=925"}],"version-history":[{"count":2,"href":"https:\/\/teletrabajoynegocios.com\/telesecretarias\/wp-json\/wp\/v2\/posts\/925\/revisions"}],"predecessor-version":[{"id":934,"href":"https:\/\/teletrabajoynegocios.com\/telesecretarias\/wp-json\/wp\/v2\/posts\/925\/revisions\/934"}],"wp:featuredmedia":[{"embeddable":true,"href":"https:\/\/teletrabajoynegocios.com\/telesecretarias\/wp-json\/wp\/v2\/media\/932"}],"wp:attachment":[{"href":"https:\/\/teletrabajoynegocios.com\/telesecretarias\/wp-json\/wp\/v2\/media?parent=925"}],"wp:term":[{"taxonomy":"category","embeddable":true,"href":"https:\/\/teletrabajoynegocios.com\/telesecretarias\/wp-json\/wp\/v2\/categories?post=925"},{"taxonomy":"post_tag","embeddable":true,"href":"https:\/\/teletrabajoynegocios.com\/telesecretarias\/wp-json\/wp\/v2\/tags?post=925"}],"curies":[{"name":"wp","href":"https:\/\/api.w.org\/{rel}","templated":true}]}}