{"id":955,"date":"2020-05-04T12:29:12","date_gmt":"2020-05-04T10:29:12","guid":{"rendered":"https:\/\/teletrabajoynegocios.com\/telesecretarias\/?p=955"},"modified":"2020-06-16T08:41:55","modified_gmt":"2020-06-16T06:41:55","slug":"17-documentos-que-puedes-conseguir-sin-moverte-de-casa-si-tienes-certificado-digital","status":"publish","type":"post","link":"https:\/\/teletrabajoynegocios.com\/telesecretarias\/17-documentos-que-puedes-conseguir-sin-moverte-de-casa-si-tienes-certificado-digital\/","title":{"rendered":"17 documentos que puedes conseguir sin moverte de casa si tienes certificado digital"},"content":{"rendered":"<div id=\"telet-184897765\" class=\"telet-antes-del-contenido telet-entity-placement\"><a href=\"https:\/\/quaderno.io\/?via=jose-manuel94\" aria-label=\"Quaderno General (Spanish) &#8211; 728&#215;90\"><img loading=\"lazy\" decoding=\"async\" src=\"https:\/\/teletrabajoynegocios.com\/telesecretarias\/wp-content\/uploads\/sites\/2\/2020\/11\/Quaderno-General-Spanish-728x90-1.png\" alt=\"\"  srcset=\"https:\/\/teletrabajoynegocios.com\/telesecretarias\/wp-content\/uploads\/sites\/2\/2020\/11\/Quaderno-General-Spanish-728x90-1.png 728w, https:\/\/teletrabajoynegocios.com\/telesecretarias\/wp-content\/uploads\/sites\/2\/2020\/11\/Quaderno-General-Spanish-728x90-1-300x37.png 300w\" sizes=\"(max-width: 728px) 100vw, 728px\" width=\"728\" height=\"90\"   \/><\/a><\/div><p>Una de las cuestiones m\u00e1s tediosas que podemos afrontar son los tr\u00e1mites burocr\u00e1ticos. Tener que acudir a una administraci\u00f3n para llevar o que nos faciliten un documento supone perder la ma\u00f1ana. Si trabajamos tenemos que pedir permisos, utilizar un d\u00eda de vacaciones, etc. Tambi\u00e9n podemos delegar en una gestor\u00eda pero esto tiene un coste a\u00f1adido que muchos no se pueden permitir. Por eso vamos a ver un ejemplo de&nbsp;<strong>17 documentos que puedes conseguir sin moverte de casa si tienes certificado digital<\/strong>.<\/p>\n<p>En los casos en que sea posible obtenerlos con el&nbsp;<a href=\"https:\/\/www.pymesyautonomos.com\/tecnologia\/sistema-cl-ve-ahora-el-registro-mas-facil-para-ciudadanos-y-empresas\">sistema Cl@ve<\/a>, que cada vez se encuentra m\u00e1s extendido dentro de las administraciones lo mencionaremos. La ventaja de este servicio es que podemos ponerlo en marcha de forma c\u00f3moda sin tener que salir de casa, ya que nos env\u00edan una carta al domicilio que consta en la Seguridad Social como nuestra residencia.<\/p>\n<h2>Documentos de la administraci\u00f3n general del Estado<\/h2>\n<ul>\n<li><a href=\"https:\/\/www.agenciatributaria.es\/AEAT.internet\/Renta.shtml\">Borrador de la RENTA<\/a>&nbsp;ahora que estamos en plena&nbsp;<strong>campa\u00f1a de IRPF<\/strong>, es un tr\u00e1mite que es muy f\u00e1cil identificarnos para confirmar nuestro borrador.<\/li>\n<li><a href=\"https:\/\/www.agenciatributaria.gob.es\/AEAT.sede\/Inicio\/Procedimientos_y_Servicios\/Certificaciones\/Declaraciones_Tributarias\/Declaraciones_Tributarias.shtml\">Certificados tributarios<\/a>, que pueden ser de IRPF, que habitualmente&nbsp;<strong>se solicitan cuando se presenta documentaci\u00f3n<\/strong>&nbsp;para una ayuda de la administraci\u00f3n, pero que tambi\u00e9n pueden ser deI IVA, sobre Sociedades o el resumen del 190, por citar algunos ejemplos.<\/li>\n<\/ul>\n<div class=\"article-asset-summary article-asset-small\">\n<div class=\"asset-content\">\n<div class=\"article-asset-summary article-asset-normal\">\n<div class=\"asset-content\">\n<div class=\"sumario\">La Agencia Tributaria es una de las administraciones m\u00e1s avanzadas con la tramitaci\u00f3n telem\u00e1tica<\/div>\n<\/div>\n<\/div>\n<\/div>\n<\/div>\n<ul>\n<li><a href=\"https:\/\/www.agenciatributaria.gob.es\/AEAT.sede\/tramitacion\/RB01.shtml\">Aplazamiento y fraccionamiento de deudas,<\/a>&nbsp;algo que puede que muchos negocios y aut\u00f3nomos tengan que recurrir. Un ejemplo muy sencillo es cuando tenemos una&nbsp;<strong>multa que nos han puesto<\/strong>, no nos hemos enterado porque la direcci\u00f3n que tiene la DGT no es donde vivimos actualmente y nos llega por v\u00eda ejecutiva reclamando Hacienda. En este caso si es posible fraccionar el pago para que nos lo cobren en varias veces.<\/li>\n<li><a href=\"https:\/\/www.agenciatributaria.gob.es\/AEAT.sede\/procedimientoini\/ZP01.shtml\">Apoderamiento<\/a>&nbsp;para que un tercero act\u00fae ante la Agencia Tributaria en nuestro nombre, pero tambi\u00e9n para que nuestra gestor\u00eda se encargue de recibir nuestras notificaciones, por ejemplo. Puede ser total o solo para algunos tr\u00e1mites tributarios.<\/li>\n<li><a href=\"https:\/\/sede.seg-social.gob.es\/wps\/portal\/sede\/sede\/Ciudadanos\/informes%20y%20certificados\/!ut\/p\/z1\/04_Sj9CPykssy0xPLMnMz0vMAfIjo8zijQ3NTAwtDQx93A08XQ0cQ329Qy2NA43djcz0w_EpMLA00I8iRr8BDuBIUL8XIQVAHxgV-Tr7putHFSSWZOhm5qXl60eAyKLc1GKFSoXk1KKSzLTM5MSU_GKgc6LwGQj2EFgBHhcHpxbrF-SGRlT5pAUHpCsqAgCdzsc5\/dz\/d5\/L2dBISEvZ0FBIS9nQSEh\/\">Vida laboral<\/a>, de la Seguridad Social que tambi\u00e9n se puede obtener con Cl@ve. Nos da un&nbsp;<strong>registro en PDF de todas las empresas donde hemos trabajado<\/strong>&nbsp;y el tiempo que llevamos cotizado. Tambi\u00e9n se puede obtener por SMS si hemos facilitado nuestro tel\u00e9fono a la Seguridad Social.<\/li>\n<\/ul>\n<hr>\n<p><img decoding=\"async\" src=\"http:\/\/web.vallebro.biz\/wp-content\/uploads\/2020\/01\/articulos.png\"><\/p>\n<div class=\"wp-rss-template-container\" data-wpra-template=\"default\" data-template-ctx=\"W10=\">\n    <div class=\"wp-rss-aggregator wpra-list-template  \" data-page=\"1\">\n    \n    \n<ul class=\"wpra-item-list rss-aggregator wpra-item-list--bullets wpra-item-list--default\"\n    start=\"1\">\n                        <li class=\"wpra-item feed-item \">\n            \n            \n\n    <a  href=\"https:\/\/distritoemprendedores.com\/blog\/2026\/03\/16\/hello-world\/\" target=\"_blank\" rel=\"nofollow\" class=\"\">Hello world!<\/a>\n\n\n\n\n\n\n<div class=\"wprss-feed-meta\">\n            <span class=\"feed-source\">\n            Source:\n\n                            Distrito Emprendedores\n                    <\/span>\n    \n            <span class=\"feed-date\">\n            Published on 2026-03-16\n        <\/span>\n    \n    <\/div>\n\n\n\n\n\n            \n        <\/li>\n                    <li class=\"wpra-item feed-item \">\n            \n            \n\n    <a  href=\"https:\/\/www.dropbox.com\/scl\/fi\/b6csvpbfxu24vaezmo3es\/62bed0634df20e5ef35346439fdd423f_franquicias.pdf?rlkey=mfp2795s4n89mw35l0yeu2vl5&amp;e=2&amp;st=57kabuy0&amp;dl=0#new_tab\" target=\"_blank\" rel=\"nofollow\" class=\"\">Las franquicias espa\u00f1olas duplican su presencia en mercados for\u00e1neos<\/a>\n\n\n\n\n\n\n<div class=\"wprss-feed-meta\">\n            <span class=\"feed-source\">\n            Source:\n\n                            Distrito Emprendedores\n                    <\/span>\n    \n            <span class=\"feed-date\">\n            Published on 2026-03-11\n        <\/span>\n    \n    <\/div>\n\n\n\n\n\n            \n        <\/li>\n                    <li class=\"wpra-item feed-item \">\n            \n            \n\n    <a  href=\"https:\/\/distritoemprendedores.es\/blog\/5-errores-fatales-al-internacionalizar-tu-franquicia\/\" target=\"_blank\" rel=\"nofollow\" class=\"\">5 errores fatales al internacionalizar tu franquicia<\/a>\n\n\n\n\n\n\n<div class=\"wprss-feed-meta\">\n            <span class=\"feed-source\">\n            Source:\n\n                            Distrito Emprendedores\n                    <\/span>\n    \n            <span class=\"feed-date\">\n            Published on 2026-03-10\n        <\/span>\n    \n    <\/div>\n\n\n\n\n\n            \n        <\/li>\n                    <li class=\"wpra-item feed-item \">\n            \n            \n\n    <a  href=\"https:\/\/distritoemprendedores.es\/blog\/un-nuevo-prime-time-para-las-marcas-afterwork-tardeo-y-futbol-se-consolidan-como-los-grandes-motores-del-consumo-experiencial\/\" target=\"_blank\" rel=\"nofollow\" class=\"\">Un nuevo prime time para las marcas: afterwork, tardeo y f\u00fatbol se consolidan como los grandes motores del consumo experiencial<\/a>\n\n\n\n\n\n\n<div class=\"wprss-feed-meta\">\n            <span class=\"feed-source\">\n            Source:\n\n                            Distrito Emprendedores\n                    <\/span>\n    \n            <span class=\"feed-date\">\n            Published on 2026-03-09\n        <\/span>\n    \n    <\/div>\n\n\n\n\n\n            \n        <\/li>\n                    <li class=\"wpra-item feed-item \">\n            \n            \n\n    <a  href=\"https:\/\/distritoemprendedores.es\/blog\/la-ventaja-competitiva-esta-en-entender-como-pregunta-el-consumidor\/\" target=\"_blank\" rel=\"nofollow\" class=\"\">La ventaja competitiva est\u00e1 en entender c\u00f3mo pregunta el consumidor<\/a>\n\n\n\n\n\n\n<div class=\"wprss-feed-meta\">\n            <span class=\"feed-source\">\n            Source:\n\n                            Distrito Emprendedores\n                    <\/span>\n    \n            <span class=\"feed-date\">\n            Published on 2026-03-08\n        <\/span>\n    \n    <\/div>\n\n\n\n\n\n            \n        <\/li>\n                    <li class=\"wpra-item feed-item \">\n            \n            \n\n    <a  href=\"https:\/\/distritoemprendedores.es\/blog\/solo-el-7-de-los-espanoles-cree-a-las-marcas-cuando-comunican-sus-valores-con-hechos-demostrables\/\" target=\"_blank\" rel=\"nofollow\" class=\"\">Solo el 7% de los espa\u00f1oles cree a las marcas cuando comunican sus valores con hechos demostrables<\/a>\n\n\n\n\n\n\n<div class=\"wprss-feed-meta\">\n            <span class=\"feed-source\">\n            Source:\n\n                            Distrito Emprendedores\n                    <\/span>\n    \n            <span class=\"feed-date\">\n            Published on 2026-03-07\n        <\/span>\n    \n    <\/div>\n\n\n\n\n\n            \n        <\/li>\n                    <li class=\"wpra-item feed-item \">\n            \n            \n\n    <a  href=\"https:\/\/distritoemprendedores.es\/blog\/el-38-de-las-empresas-creadas-en-2019-ha-echado-ya-el-cierre\/\" target=\"_blank\" rel=\"nofollow\" class=\"\">El 38% de las empresas creadas en 2019 ha echado ya el cierre<\/a>\n\n\n\n\n\n\n<div class=\"wprss-feed-meta\">\n            <span class=\"feed-source\">\n            Source:\n\n                            Distrito Emprendedores\n                    <\/span>\n    \n            <span class=\"feed-date\">\n            Published on 2026-03-06\n        <\/span>\n    \n    <\/div>\n\n\n\n\n\n            \n        <\/li>\n                    <li class=\"wpra-item feed-item \">\n            \n            \n\n    <a  href=\"https:\/\/distritoemprendedores.es\/blog\/descubre-las-oportunidades-y-tendencias-en-el-mercado-de-la-franquicia-para-2026\/\" target=\"_blank\" rel=\"nofollow\" class=\"\">Descubre las oportunidades y tendencias en el mercado de la franquicia para 2026<\/a>\n\n\n\n\n\n\n<div class=\"wprss-feed-meta\">\n            <span class=\"feed-source\">\n            Source:\n\n                            Distrito Emprendedores\n                    <\/span>\n    \n            <span class=\"feed-date\">\n            Published on 2026-03-05\n        <\/span>\n    \n    <\/div>\n\n\n\n\n\n            \n        <\/li>\n                    <li class=\"wpra-item feed-item \">\n            \n            \n\n    <a  href=\"https:\/\/distritoemprendedores.es\/blog\/las-startups-de-salud-mas-punteras-del-mundo\/\" target=\"_blank\" rel=\"nofollow\" class=\"\">Las startups de salud m\u00e1s punteras del mundo<\/a>\n\n\n\n\n\n\n<div class=\"wprss-feed-meta\">\n            <span class=\"feed-source\">\n            Source:\n\n                            Distrito Emprendedores\n                    <\/span>\n    \n            <span class=\"feed-date\">\n            Published on 2026-03-04\n        <\/span>\n    \n    <\/div>\n\n\n\n\n\n            \n        <\/li>\n                    <li class=\"wpra-item feed-item \">\n            \n            \n\n    <a  href=\"https:\/\/distritoemprendedores.es\/blog\/puesta-en-marcha-de-un-negocio-primeros-pasos-para-validar-vender-y-controlar-la-tesoreria\/\" target=\"_blank\" rel=\"nofollow\" class=\"\">Puesta en marcha de un negocio: primeros pasos para validar, vender y controlar la tesorer\u00eda<\/a>\n\n\n\n\n\n\n<div class=\"wprss-feed-meta\">\n            <span class=\"feed-source\">\n            Source:\n\n                            Distrito Emprendedores\n                    <\/span>\n    \n            <span class=\"feed-date\">\n            Published on 2026-03-03\n        <\/span>\n    \n    <\/div>\n\n\n\n\n\n            \n        <\/li>\n                    <li class=\"wpra-item feed-item \">\n            \n            \n\n    <a  href=\"https:\/\/distritoemprendedores.es\/blog\/6-franquicias-sin-apenas-competencia-en-el-mercado\/\" target=\"_blank\" rel=\"nofollow\" class=\"\">6 franquicias sin apenas competencia en el mercado<\/a>\n\n\n\n\n\n\n<div class=\"wprss-feed-meta\">\n            <span class=\"feed-source\">\n            Source:\n\n                            Distrito Emprendedores\n                    <\/span>\n    \n            <span class=\"feed-date\">\n            Published on 2026-03-02\n        <\/span>\n    \n    <\/div>\n\n\n\n\n\n            \n        <\/li>\n                    <li class=\"wpra-item feed-item \">\n            \n            \n\n    <a  href=\"https:\/\/digistorage.es\/links\/71d78951-a420-4f5b-8de6-7b35ae7efc1c#new_tab\" target=\"_blank\" rel=\"nofollow\" class=\"\">Los algoritmos amenazan con filtrar las confesiones realizadas al abogado<\/a>\n\n\n\n\n\n\n<div class=\"wprss-feed-meta\">\n            <span class=\"feed-source\">\n            Source:\n\n                            Distrito Emprendedores\n                    <\/span>\n    \n            <span class=\"feed-date\">\n            Published on 2026-03-01\n        <\/span>\n    \n    <\/div>\n\n\n\n\n\n            \n        <\/li>\n                    <li class=\"wpra-item feed-item \">\n            \n            \n\n    <a  href=\"https:\/\/distritoemprendedores.es\/blog\/las-startups-que-mas-innovan-en-el-mundo\/\" target=\"_blank\" rel=\"nofollow\" class=\"\">Las startups que m\u00e1s innovan en el mundo<\/a>\n\n\n\n\n\n\n<div class=\"wprss-feed-meta\">\n            <span class=\"feed-source\">\n            Source:\n\n                            Distrito Emprendedores\n                    <\/span>\n    \n            <span class=\"feed-date\">\n            Published on 2026-02-28\n        <\/span>\n    \n    <\/div>\n\n\n\n\n\n            \n        <\/li>\n                    <li class=\"wpra-item feed-item \">\n            \n            \n\n    <a  href=\"https:\/\/distritoemprendedores.es\/blog\/tiktok-genera-31-000-millones-de-euros-para-las-empresas-europeas-y-3-000-millones-en-espana\/\" target=\"_blank\" rel=\"nofollow\" class=\"\">TikTok genera 31.000 millones de euros para las empresas europeas y 3.000 millones en Espa\u00f1a<\/a>\n\n\n\n\n\n\n<div class=\"wprss-feed-meta\">\n            <span class=\"feed-source\">\n            Source:\n\n                            Distrito Emprendedores\n                    <\/span>\n    \n            <span class=\"feed-date\">\n            Published on 2026-02-27\n        <\/span>\n    \n    <\/div>\n\n\n\n\n\n            \n        <\/li>\n                    <li class=\"wpra-item feed-item \">\n            \n            \n\n    <a  href=\"https:\/\/distritoemprendedores.es\/blog\/amazon-planea-un-marketplace-para-hacer-de-puente-entre-los-publishers-y-las-empresas-de-ia\/\" target=\"_blank\" rel=\"nofollow\" class=\"\">Amazon planea un \u00abmarketplace\u00bb para hacer de puente entre los \u00abpublishers\u00bb y las empresas de IA<\/a>\n\n\n\n\n\n\n<div class=\"wprss-feed-meta\">\n            <span class=\"feed-source\">\n            Source:\n\n                            Distrito Emprendedores\n                    <\/span>\n    \n            <span class=\"feed-date\">\n            Published on 2026-02-26\n        <\/span>\n    \n    <\/div>\n\n\n\n\n\n            \n        <\/li>\n        <\/ul>\n\n        \n<\/div>\n\n<\/div>\n\n<hr>\n<ul>\n<li><a href=\"https:\/\/sede-tu.seg-social.gob.es\/wps\/portal\/tussR\/tuss\/Login\/!ut\/p\/a1\/hY7NbsIwEISfhUOOjdfFiSxubkG0UQQXEMGXatMYY2TiyDbw-ri03EDdw2h_vtEskaQhssez0RiN69H-zLL84p_T8gOWUPPpgoN4o7Bi62I8B5aAbQLgSQn4z78h8obAnDFa8ddqSasZCFbWa7paUIDyDjyPqIjU1rW3d7eib8dcE-nVTnnl85NP632MQ5hkkEFQncqD0i_BfRu0uXZtrkIGlyHJ4HxE-wvd9d2cOuywd-m-w6OxBjOA4q99lLh3IZLmcRAZjg0cCnuuxWh0BaRRRnU!\/dl5\/d5\/L2dBISEvZ0FBIS9nQSEh\/\">Nacimiento y Cuidado de menor<\/a>, que nos permite&nbsp;<strong>solicitar la prestaci\u00f3n<\/strong>&nbsp;por Nacimiento y Cuidado de Menor, para disfrutar del periodo de descanso laboral correspondiente, por nacimiento, adopci\u00f3n, guarda con fines de adopci\u00f3n y acogimiento permanente o temporal superior a un a\u00f1o<\/li>\n<li>Muy \u00fatil tambi\u00e9n resulta un&nbsp;<a href=\"https:\/\/sede.seg-social.gob.es\/wps\/portal\/sede\/sede\/Ciudadanos\/informes%20y%20certificados\/!ut\/p\/z1\/04_Sj9CPykssy0xPLMnMz0vMAfIjo8zijQ3NTAwtDQx93A08XQ0cQ329Qy2NA43djcz0w_EpMLA00I8iRr8BDuBIUL8XIQVAHxgV-Tr7putHFSSWZOhm5qXl60eAyKLc1GKFSoXk1KKSzLTM5MSU_GKgc6LwGQj2EFgBHhcHpxbrF-SGRlT5pAUHpCsqAgCdzsc5\/dz\/d5\/L2dBISEvZ0FBIS9nQSEh\/\">Informe de bases de cotizaci\u00f3n<\/a>, sobre todo si nos vemos afectados por un ERTE, ya que nos pagan un 70% de nuestra base de cotizaci\u00f3n media de los \u00faltimos seis meses. Tambi\u00e9n podemos obtenerlo por Cl@ve o SMS.<\/li>\n<li>Si estamos pr\u00f3ximos a la edad de jubilaci\u00f3n podemos utilizar el&nbsp;<a href=\"https:\/\/sede.seg-social.gob.es\/wps\/portal\/sede\/sede\/Ciudadanos\/informes%20y%20certificados\/!ut\/p\/z1\/04_Sj9CPykssy0xPLMnMz0vMAfIjo8zijQ3NTAwtDQx93A08XQ0cQ329Qy2NA43djcz0w_EpMLA00I8iRr8BDuBIUL8XIQVAHxgV-Tr7putHFSSWZOhm5qXl60eAyKLc1GKFSoXk1KKSzLTM5MSU_GKgc6LwGQj2EFgBHhcHpxbrF-SGRlT5pAUHpCsqAgCdzsc5\/dz\/d5\/L2dBISEvZ0FBIS9nQSEh\/\">Simulador de Jubilaci\u00f3n<\/a>. Se trata de una opci\u00f3n interesante para los aut\u00f3nomos si quieren, y pueden, mejorar su base de cotizaci\u00f3n.<\/li>\n<li><a href=\"https:\/\/sede.seg-social.gob.es\/wps\/portal\/sede\/sede\/EmpresasyProfesionales\/informes%20y%20certificados\/01informes%20y%20certificados\/!ut\/p\/z1\/tVJNb4JAEP0rXjySGVg-5Egbq1WpMXYrcDELLLpGPgQi9d930UsvSI3p3mZn5r2ZNw8C8CDI2FnsWC3yjB1l7AfmlqimrtqoLib4PkaHunNqkxWZOAZs7hWgjRD8pR87ntPb_wUBBFFWF_Ue_IrHfBvlWc0zEefVENuPIfK0KHnFZCyyJC9TXg0ug4iXtUhExK6FqHakWvgiEjH4chwWahgpWoxE0fUwUWymh4qlhyqSMLIMg8Ds7rya2Qqqle6ru5OwrN4rLS14XeSblr5H32vBHQHXvAJfqmz9QpnTF4nytrR1amlyedicBW-AZnIKefX1g1tPsY-BPMlwgzeWI1RnqC3QdEfo2Ks1XXyoBC3rSfhZn80eO5vXbScJJA6nU-BI17ZG_a7B-w_bFiml6YgYx3MxbZrPZL9Lt-5YxodL8wPnBuNP\/dz\/d5\/L2dBISEvZ0FBIS9nQSEh\/#\">Certificado de estar al corriente con la Seguridad Social<\/a>, algo imprescindible si queremos&nbsp;<strong>acudir a una moratoria o aplazar pagos<\/strong>. En caso de tener deudas tambi\u00e9n podemos realizar el pago de forma telem\u00e1tica aunque en este caso lo ponen un poco m\u00e1s f\u00e1cil y ni siquiera se necesita certificado digital.<\/li>\n<li><a href=\"https:\/\/sede.seg-social.gob.es\/wps\/portal\/sede\/sede\/Inicio\/detalle\/!ut\/p\/z1\/rZPBcpswEIZfJT3kqO5KAoGOOHVJExM341AbLh4hhKNOwMQwTvv2FekhsTshaVMd0Cyz-rX69l_IYQV5o_Z2o3q7bdSdi7NcrDkVHpVIZzGdeBjR-Y1g51OKMcLyKAG_TDFKk8tU8muOEiF_y3l8YUWvnv8GOeS66dv-FrLOlGatt01vGltuu1Mcfpyiqdud6ZSLh71X2r3NuMg2XbdmH7k_aLTalpAJ4yMVEklIfUO8KtBEVlIQqQvqMy_Uwqvg4qiogzfHTAzU2C45SzZOVvW3xDbVFlbDd1eb7uTniTa73lZWK1elQ5CPCT5CfEwYozSuQGFhOsgc6-BZ0mU6cUmf59JLA4ZIYbm35gHSxpXper94wsJKVUpZGcK50cRDTUkRFiEJdKGZZxQtVAnn-NoN_J03_Jb35yHSC2QzFEmIkbxepLMryjEI3ik_3tfIf6Gvz00FKwwOY8js9_v7PHIuHYz5o4fVX9r0SPGY8eFIhCMQ3mTuUcbxWAv_aXb-GOj_AOxprts6TeuQ-3f7dlp9mlyR-KwIH26qevl1ViVT7m_qddJFH34BZui5tA!!\/dz\/d5\/L2dBISEvZ0FBIS9nQSEh\/\">Comunicaci\u00f3n de defunci\u00f3n de preceptor de prestaci\u00f3n<\/a>, algo lamentablemente muy com\u00fan en estos d\u00edas donde muchas personas mayores han fallecido y sus hijos tienen que realizarlo. Tambi\u00e9n podemos hacerlo con Cl@ve.<\/li>\n<li><a href=\"https:\/\/sede.mjusticia.gob.es\/cs\/Satellite\/Sede\/es\/tramites\/certificado-antecedentes\">Certificado de antecedentes penales<\/a>, emitido por el Ministerio de Justicia. Se suele solicitar para trabajar en determinadas profesiones as\u00ed como si queremos sacarnos una licencia de armas, por ejemplo.<\/li>\n<li><a href=\"https:\/\/sede.mjusticia.gob.es\/cs\/Satellite\/Sede\/es\/tramites\/certificado-registro-central\">Certificado de Delitos de Naturaleza Sexual<\/a>&nbsp;<strong>imprescindible si vamos a trabajar con menores<\/strong>, ya sea en un colegio, si somos monitores de tiempo libre o simplemente entrenamos a un equipo, por citar varios ejemplos.<\/li>\n<li><a href=\"https:\/\/sede.mjusticia.gob.es\/cs\/Satellite\/Sede\/es\/tramites\/certificado-nacimiento\">Certificado de nacimiento<\/a>, aqu\u00ed tenemos dos posibilidades: obtener los&nbsp;<strong>datos registrales de nuestro nacimiento<\/strong>, que es lo m\u00e1s habitual y adem\u00e1s del nuestro podemos obtener el de nuestros hijos, por ejemplo. Tambi\u00e9n podemos obtener un certificado como tal, pero en este caso solo en nombre propio.<\/li>\n<\/ul>\n<h2>Documentos de la administraci\u00f3n auton\u00f3mica y local<\/h2>\n<ul>\n<li><strong>Certificados de empadronamiento<\/strong>&nbsp;que se solicitan en el Ayuntamiento de residencia. Aqu\u00ed tambi\u00e9n se pueden encuadrar los certificados de viaje, que en las islas que tienen descuento para residente en vuelos y transporte mar\u00edtimo son necesarios. Como todos los tr\u00e1mites municipales dependen del grado de digitalizaci\u00f3n de nuestro Ayuntamiento, pero en la gran mayor\u00eda si se pueden obtener con certificado digital de forma inmediata.<\/li>\n<li><strong>Servicio de estacionamiento regulado<\/strong>, que permite aparcar en la zona ORA, fundamental si vivimos en una zona regulada por este servicio. En algunas ciudades tambi\u00e9n podemos necesitar alguna autorizaci\u00f3n para acceder a zonas del centro especialmente limitadas, como por ejemplo Madrid o Barcelona.<\/li>\n<\/ul>\n<div class=\"article-asset-summary article-asset-normal\">\n<div class=\"asset-content\">\n<div class=\"sumario\">Con la administraci\u00f3n auton\u00f3mica y local puede que no todos los tr\u00e1mites est\u00e9n disponibles en todos los municipios o comunidades<\/div>\n<\/div>\n<\/div>\n<ul>\n<li><strong>Solicitud de la tarjeta sanitaria<\/strong>, que se efect\u00faa en la autonom\u00eda en la que residimos. Hoy por hoy todas permiten hacer el tr\u00e1mite de forma telem\u00e1tico. Si lo que pretendemos es desplazarnos a otro pa\u00eds de Europa durante un tiempo, algo que ahora no suceder\u00e1, tendr\u00edamos que tener la tarjeta sanitaria europea, que expide la Seguridad Social.<\/li>\n<li>Impuesto de&nbsp;<strong>sucesiones y donaciones<\/strong>, que se paga en las comunidades aut\u00f3nomas. Lo complicado en muchas ocasiones no es presentar el impuesto, sino calcular cu\u00e1nto tenemos que pagar, por lo que muchos prefieren dejarlo en manos de un gestor acostumbrado a estos tr\u00e1mites para realizar todo el proceso. Se tiene que presentar en la Comunidad Aut\u00f3noma a la que pertenec\u00eda el finado.<\/li>\n<\/ul>\n<p>Esto solo respecto a las posibilidades que tenemos para realizar alguna gesti\u00f3n o tr\u00e1mite telem\u00e1tico con la administraci\u00f3n. Hay que recordar que la&nbsp;<strong>solicitud de un certificado electr\u00f3nico a la FNMT es gratuita<\/strong>, aunque el proceso de identificaci\u00f3n ahora mismo es complicado realizarlo y no lo podemos obtener. Pero en todo caso es una buena posibilidad, ya sea a trav\u00e9s de certificado de software o del certificado que tenemos en el DNIe, un recurso infrautilizado por la mayor\u00eda de los ciudadanos y aut\u00f3nomos.<\/p>\n<p><a class=\"article-author-link\" href=\"https:\/\/www.pymesyautonomos.com\/autor\/carlos-roberto\" rel=\"author\">CARLOS ROBERTO<\/a><\/p>\n<div id=\"telet-288245849\" class=\"telet-despues-del-contenido telet-entity-placement\"><a target=\"_blank\" href=\"\/\/aff.lucushost.com\/resources\/click\/?n=gDxoXMAJ&aff=756\"><img decoding=\"async\" border=\"0\" alt=\"LucusHost, el mejor hosting\" src=\"\/\/aff.lucushost.com\/resources\/banners\/?zoneid=5123&n=gDxoXMAJ&aff=756\" \/><\/a><\/div>","protected":false},"excerpt":{"rendered":"<p>Una de las cuestiones m\u00e1s tediosas que podemos afrontar son los tr\u00e1mites burocr\u00e1ticos. Tener que acudir a una administraci\u00f3n para llevar o que nos faciliten un documento supone perder la&hellip; <\/p>\n","protected":false},"author":1,"featured_media":970,"comment_status":"open","ping_status":"open","sticky":false,"template":"","format":"standard","meta":{"_jetpack_memberships_contains_paid_content":false,"footnotes":"","_links_to":"","_links_to_target":""},"categories":[9],"tags":[15,14],"class_list":["post-955","post","type-post","status-publish","format-standard","has-post-thumbnail","hentry","category-ofimatica","tag-fuprisa","tag-jose-manuel-fuentes-prieto"],"nelio_content":{"autoShareEndMode":"never","automationSources":{"useCustomSentences":false,"customSentences":[]},"efiAlt":"","efiUrl":"","followers":[1],"highlights":[],"isAutoShareEnabled":true,"networkImageIds":[],"permalinkQueryArgs":[],"series":[],"suggestedReferences":[]},"jetpack_featured_media_url":"https:\/\/teletrabajoynegocios.com\/telesecretarias\/wp-content\/uploads\/sites\/2\/2020\/05\/Tienda-Viirtual.png","jetpack_sharing_enabled":true,"_links":{"self":[{"href":"https:\/\/teletrabajoynegocios.com\/telesecretarias\/wp-json\/wp\/v2\/posts\/955","targetHints":{"allow":["GET"]}}],"collection":[{"href":"https:\/\/teletrabajoynegocios.com\/telesecretarias\/wp-json\/wp\/v2\/posts"}],"about":[{"href":"https:\/\/teletrabajoynegocios.com\/telesecretarias\/wp-json\/wp\/v2\/types\/post"}],"author":[{"embeddable":true,"href":"https:\/\/teletrabajoynegocios.com\/telesecretarias\/wp-json\/wp\/v2\/users\/1"}],"replies":[{"embeddable":true,"href":"https:\/\/teletrabajoynegocios.com\/telesecretarias\/wp-json\/wp\/v2\/comments?post=955"}],"version-history":[{"count":1,"href":"https:\/\/teletrabajoynegocios.com\/telesecretarias\/wp-json\/wp\/v2\/posts\/955\/revisions"}],"predecessor-version":[{"id":973,"href":"https:\/\/teletrabajoynegocios.com\/telesecretarias\/wp-json\/wp\/v2\/posts\/955\/revisions\/973"}],"wp:featuredmedia":[{"embeddable":true,"href":"https:\/\/teletrabajoynegocios.com\/telesecretarias\/wp-json\/wp\/v2\/media\/970"}],"wp:attachment":[{"href":"https:\/\/teletrabajoynegocios.com\/telesecretarias\/wp-json\/wp\/v2\/media?parent=955"}],"wp:term":[{"taxonomy":"category","embeddable":true,"href":"https:\/\/teletrabajoynegocios.com\/telesecretarias\/wp-json\/wp\/v2\/categories?post=955"},{"taxonomy":"post_tag","embeddable":true,"href":"https:\/\/teletrabajoynegocios.com\/telesecretarias\/wp-json\/wp\/v2\/tags?post=955"}],"curies":[{"name":"wp","href":"https:\/\/api.w.org\/{rel}","templated":true}]}}