{"id":997,"date":"2020-05-06T13:29:10","date_gmt":"2020-05-06T11:29:10","guid":{"rendered":"https:\/\/teletrabajoynegocios.com\/telesecretarias\/?p=997"},"modified":"2020-05-07T13:41:08","modified_gmt":"2020-05-07T11:41:08","slug":"como-usar-slack-para-coordinar-el-trabajo-en-equipo-el-tutorial-definitivo","status":"publish","type":"post","link":"https:\/\/teletrabajoynegocios.com\/telesecretarias\/como-usar-slack-para-coordinar-el-trabajo-en-equipo-el-tutorial-definitivo\/","title":{"rendered":"\u00bfC\u00d3MO USAR SLACK PARA COORDINAR EL TRABAJO EN EQUIPO? EL TUTORIAL DEFINITIVO\u2026"},"content":{"rendered":"<div id=\"telet-3422869339\" class=\"telet-antes-del-contenido telet-entity-placement\"><a href=\"https:\/\/quaderno.io\/?via=jose-manuel94\" aria-label=\"Quaderno General (Spanish) &#8211; 728&#215;90\"><img loading=\"lazy\" decoding=\"async\" src=\"https:\/\/teletrabajoynegocios.com\/telesecretarias\/wp-content\/uploads\/sites\/2\/2020\/11\/Quaderno-General-Spanish-728x90-1.png\" alt=\"\"  srcset=\"https:\/\/teletrabajoynegocios.com\/telesecretarias\/wp-content\/uploads\/sites\/2\/2020\/11\/Quaderno-General-Spanish-728x90-1.png 728w, https:\/\/teletrabajoynegocios.com\/telesecretarias\/wp-content\/uploads\/sites\/2\/2020\/11\/Quaderno-General-Spanish-728x90-1-300x37.png 300w\" sizes=\"(max-width: 728px) 100vw, 728px\" width=\"728\" height=\"90\"   \/><\/a><\/div><p>Hoy te voy a hablar de una super herramienta, que integra varias en una. Se trata de&nbsp;<a href=\"https:\/\/slack.com\/intl\/es-es\/lp\/three?\" target=\"_blank\" rel=\"noopener noreferrer\">Slack<\/a>, una potente aplicaci\u00f3n que facilita sobremanera la comunicaci\u00f3n interna en la empresa.<\/p>\n<p>\u00bfSabes que en mi equipo apenas enviamos correos electr\u00f3nicos entre nosotros? \u00bfNo me crees? Pues sigue leyendo porque te voy a mostrar c\u00f3mo nos organizamos gracias este software.<\/p>\n<p>Aqu\u00ed tienes el tutorial definitivo para dar tus primeros pasos con Slack.<\/p>\n<h2>\u00bfQU\u00c9 ES SLACK?<\/h2>\n<p><a href=\"https:\/\/slack.com\/intl\/es-es\/lp\/three?\" target=\"_blank\" rel=\"noopener noreferrer\">Slack<\/a>&nbsp;es el recurso m\u00e1s indicado para equipos que trabajan a distancia. Facilita la comunicaci\u00f3n constante entre sus miembros y el acceso a las herramientas. Todo en un s\u00f3lo lugar, siempre disponible y en cualquier situaci\u00f3n.<\/p>\n<p>No importa d\u00f3nde o c\u00f3mo se conecten los miembros del equipo. La productividad no se detendr\u00e1 porque todo estar\u00e1 agrupado en un mismo espacio.<\/p>\n<p>\u00bfC\u00f3mo se puede conseguir? Te lo explico y te voy a ayudar a configurar una cuenta y ponerte en marcha ya mismo.<\/p>\n<h2>PARA QU\u00c9 SIRVE SLACK<\/h2>\n<p>Para empezar, te dir\u00e9 que Slack ofrece cuatro grandes ventajas, que nosotros en el equipo exprimimos al m\u00e1ximo:<\/p>\n<h3>CENTRALIZAR LA COMUNICACI\u00d3N<\/h3>\n<p>La comunicaci\u00f3n y la informaci\u00f3n entre los miembros del grupo est\u00e1 centralizada y se puede organizar.<\/p>\n<p>Slack es una herramienta de mensajer\u00eda en tiempo real, pero que ofrece un valor a\u00f1adido: las conversaciones se pueden agrupar por tem\u00e1ticas, para que no se pierda nada.<\/p>\n<p>Se acab\u00f3 el estar buscando correos electr\u00f3nicos para saber cu\u00e1ndo se envi\u00f3 aquel documento; o qui\u00e9n del equipo envi\u00f3 un mensaje sobre un tema concreto.<\/p>\n<p>La propia organizaci\u00f3n de las conversaciones en Slack se agrupa en temas, denominados canales. As\u00ed, cada conversaci\u00f3n sobre un tema estar\u00e1 recogida en su canal correspondiente.<\/p>\n<p>F\u00e1cil y eficiente.<\/p>\n<h3>ACCESO INMEDIATO AL CONTENIDO Y DOCUMENTOS<\/h3>\n<p>El descargar documentos en equipos locales pas\u00f3 a la historia. Con Slack el contenido y los documentos est\u00e1n en un mismo lugar y se pueden buscar de manera r\u00e1pida y f\u00e1cil.<\/p>\n<p>Adem\u00e1s, Slack tiene varias versiones:<\/p>\n<ul>\n<li>Navegador web<\/li>\n<li>Aplicaciones de escritorio: Mac, Windows, Linux<\/li>\n<li>Aplicaciones para m\u00f3viles: iOs, Android<\/li>\n<\/ul>\n<h3>INTEGRACI\u00d3N DE HERRAMIENTAS<\/h3>\n<p>Por si fuera poco, en Slack se pueden integrar herramientas de terceros, como Drive, Office 365 y muchas m\u00e1s.<\/p>\n<p>Esto significa que tienes una herramienta que integra otros servicios, con lo que no tendr\u00e1s que estar saltando entre aplicaciones.<\/p>\n<h3>AHORRO DE TIEMPO<\/h3>\n<p>La consecuencia directa de todo esto es el ahorro de tiempo que se consigue.<\/p>\n<p>Primero, porque todo est\u00e1 a mano y organizado.<\/p>\n<p>Y segundo, porque gracias a Slack es m\u00e1s f\u00e1cil focalizar en lo que de verdad importa en cada momento: las conversaciones se agrupan por temas y as\u00ed se puede prestar atenci\u00f3n a lo necesario en cada ocasi\u00f3n.<\/p>\n<p>Se ahorra tiempo y se gana en productividad.<\/p>\n<h2>FUNCIONES DE SLACK<\/h2>\n<h3>CREAR CANALES<\/h3>\n<p>La potencia de Slack reside en que es una herramienta para la comunicaci\u00f3n a tiempo real, pero ofreciendo la ventaja de que las conversaciones o temas quedan organizados de tal manera que no se pierda nada.<\/p>\n<p>Esta forma de organizar conversaciones se denominan canales en Slack. Podemos decir que los canales de Slack son algo as\u00ed como los temas de conversaciones o las \u00e1reas de tu actividad, proyectos, etc.<\/p>\n<p>Es una forma de tener bien organizados las tareas, conversaciones y proyectos.<\/p>\n<p>Por lo tanto, el criterio para tomar la decisi\u00f3n de crear un canal vendr\u00e1 determinado por la necesidad de agrupar los contenidos sobre un tema espec\u00edfico. Puedes crear un canal por proyectos, por equipos, por clientes, etc.<\/p>\n<h3>MENSAJES<\/h3>\n<p>Podr\u00e1s comunicarte tambi\u00e9n por medio de mensajes privados con personas concretas que est\u00e9n en el equipo. Una funcionalidad muy \u00fatil para preguntarle algo a un empleado o pedirle algo urgente.<\/p>\n<h3>COMPARTIR ARCHIVOS<\/h3>\n<p>Los documentos que se suban a la plataforma quedar\u00e1n recogidos y accesibles para las personas miembros del equipo con las que se haya compartido.<\/p>\n<h3>HACER B\u00daSQUEDAS<\/h3>\n<p>Slack tiene un potente buscador, que encontrar\u00e1s siempre en la parte superior. Podr\u00e1s buscar mensajes, canales, personas y\/o archivos seg\u00fan los t\u00e9rminos que edites.<\/p>\n<h2><b>PLANES Y PRECIOS DE SLACK<\/b><\/h2>\n<p>Slack ofrece&nbsp;<a href=\"https:\/\/app.slack.com\/plans\/T8KJXQFCY\/\" target=\"_blank\" rel=\"noopener noreferrer\">cuatro planes diferentes<\/a>:<\/p>\n<ul>\n<li><b>Versi\u00f3n gratuita.&nbsp;<\/b>Cuenta con 10000 mensajes consultables, 10 aplicaciones e integraciones, videollamadas individuales y autenticaci\u00f3n de dos factores, permite a tu equipo acceder a las funciones b\u00e1sicas de Slack.<\/li>\n<li><strong>Est\u00e1ndar<\/strong>. 6,25 \u20ac por persona al mes, con facturaci\u00f3n anual. Para las peque\u00f1as y medianas empresas.<\/li>\n<li><strong>Plus<\/strong>. 11,75 \u20ac por persona al mes, con facturaci\u00f3n anual. Para las empresas de un tama\u00f1o un poco mayor o que buscan herramientas de administraci\u00f3n avanzadas.<\/li>\n<li><strong>Enterprise Grid<\/strong>. Presupuesto a medida. Para las grandes empresas o las que est\u00e1n en sectores altamente regulados.<\/li>\n<\/ul>\n<h2><b>PRIMEROS PASOS CON SLACK<\/b><\/h2>\n<p>Empecemos por crear una cuenta y dar los primeros pasos en Slack.<\/p>\n<p>Prep\u00e1rate porque la forma en la que gestionas tus proyectos va a cambiar.<\/p>\n<h3><b>CREAR UNA CUENTA<\/b><\/h3>\n<p>Para crear una cuenta en Slack, tan solo debes seguir los siguientes pasos:<\/p>\n<p>1. Te pregunta si tu equipo est\u00e1 o no en Slack.<\/p>\n<p>En caso afirmativo, solo tendr\u00e1s que poner el nombre de tu empresa.<\/p>\n<p>Si contestas que no, porque eres nuevo\/a en la aplicaci\u00f3n, ser\u00e1 suficiente introducir un correo electr\u00f3nico.<\/p>\n<p>Te llegar\u00e1 un mensaje de confirmaci\u00f3n con un c\u00f3digo.&nbsp; Lo a\u00f1ades y listo.<\/p>\n<p>2. Crea tu proyecto.<\/p>\n<p>3. Invitar a contactos o miembros de equipo. Este paso lo puedes hacer m\u00e1s tarde tambi\u00e9n.<\/p>\n<p>Y ya est\u00e1. Acabas de crear un perfil en Slack, asociado a un primer proyecto.<\/p>\n<p>As\u00ed se ver\u00e1 tu perfil.<\/p>\n<p>Ya puedes empezar a trabajar. A partir de este momento son muchas las opciones que tienes.<\/p>\n<p>Puedes a\u00f1adir en cualquier momento a nuevos miembros del equipo.<\/p>\n<p>En la parte de la izquierda tendr\u00e1s accesibles en todo momento los diferentes recursos: tu perfil, los canales y sus conversaciones, los miembros agregados, las aplicaciones, \u2026<\/p>\n<p>Empezaremos por crear canales, para que las conversaciones puedan ir ordenadas.<\/p>\n<h3><b>CREAR UN CANAL<\/b><\/h3>\n<p>Veamos c\u00f3mo se crea un canal.<\/p>\n<p>\u00bfRecuerdas que has iniciado tu actividad en Slack dando nombre a un proyecto? Pues eso que has hecho ha sido crear tu primer canal.<\/p>\n<p>Gracias a los canales podr\u00e1s tener organizada y registrada en todo momento, accesible para todos los miembros de tu equipo, la comunicaci\u00f3n sobre tus proyectos, \u00e1reas de trabajo, clientes, etc.<\/p>\n<p>\u00bfCu\u00e1l es el criterio para decidir crear una canal? La necesidad de tener agrupado el contenido sobre \u00e9l.<\/p>\n<p>Adem\u00e1s, en cada canal dar\u00e1s acceso a miembros concretos de tu equipo y, as\u00ed, cada uno estar\u00e1 implicado en las \u00e1reas que le incumben.<\/p>\n<p>Por ejemplo, las personas que tengan acceso al canal \u201csitio web\u201d ser\u00e1n diferentes a las que accedan a \u201ccontabilidad\u201d.<\/p>\n<p>\u00bfEmpiezas a entender el poder de Slack?<\/p>\n<p>Avancemos un poco m\u00e1s, \u00bfc\u00f3mo a\u00f1adir un nuevo canal?<\/p>\n<p>Es tan sencillo como hacer clic en el s\u00edmbolo + y elegir la opci\u00f3n de crear un nuevo canal.<\/p>\n<p>Le das un nombre.<\/p>\n<p>Le puedes a\u00f1adir una descripci\u00f3n, para que los miembros entiendan de qu\u00e9 va.<\/p>\n<p>Y puedes hacer que ese canal sea abierto para todas las personas que tienen acceso a la cuenta.<\/p>\n<p>O cerrado, caso en el que les tendr\u00e1s que invitar. Los canales creados como cerrados no se podr\u00e1n convertir en abiertos; tenlo en cuenta.<\/p>\n<p>Agrega miembros al canal, las personas que tendr\u00e1n acceso a ese espacio.<\/p>\n<p>Listo. Ya has creado un nuevo canal.<\/p>\n<hr>\n<p><img decoding=\"async\" src=\"http:\/\/web.vallebro.biz\/wp-content\/uploads\/2020\/01\/articulos.png\"><\/p>\n<div class=\"wp-rss-template-container\" data-wpra-template=\"default\" data-template-ctx=\"W10=\">\n    <div class=\"wp-rss-aggregator wpra-list-template  \" data-page=\"1\">\n    \n    \n<ul class=\"wpra-item-list rss-aggregator wpra-item-list--bullets wpra-item-list--default\"\n    start=\"1\">\n                        <li class=\"wpra-item feed-item \">\n            \n            \n\n    <a  href=\"https:\/\/distritoemprendedores.com\/blog\/2026\/03\/16\/hello-world\/\" target=\"_blank\" rel=\"nofollow\" class=\"\">Hello world!<\/a>\n\n\n\n\n\n\n<div class=\"wprss-feed-meta\">\n            <span class=\"feed-source\">\n            Source:\n\n                            Distrito Emprendedores\n                    <\/span>\n    \n            <span class=\"feed-date\">\n            Published on 2026-03-16\n        <\/span>\n    \n    <\/div>\n\n\n\n\n\n            \n        <\/li>\n                    <li class=\"wpra-item feed-item \">\n            \n            \n\n    <a  href=\"https:\/\/www.dropbox.com\/scl\/fi\/b6csvpbfxu24vaezmo3es\/62bed0634df20e5ef35346439fdd423f_franquicias.pdf?rlkey=mfp2795s4n89mw35l0yeu2vl5&amp;e=2&amp;st=57kabuy0&amp;dl=0#new_tab\" target=\"_blank\" rel=\"nofollow\" class=\"\">Las franquicias espa\u00f1olas duplican su presencia en mercados for\u00e1neos<\/a>\n\n\n\n\n\n\n<div class=\"wprss-feed-meta\">\n            <span class=\"feed-source\">\n            Source:\n\n                            Distrito Emprendedores\n                    <\/span>\n    \n            <span class=\"feed-date\">\n            Published on 2026-03-11\n        <\/span>\n    \n    <\/div>\n\n\n\n\n\n            \n        <\/li>\n                    <li class=\"wpra-item feed-item \">\n            \n            \n\n    <a  href=\"https:\/\/distritoemprendedores.es\/blog\/5-errores-fatales-al-internacionalizar-tu-franquicia\/\" target=\"_blank\" rel=\"nofollow\" class=\"\">5 errores fatales al internacionalizar tu franquicia<\/a>\n\n\n\n\n\n\n<div class=\"wprss-feed-meta\">\n            <span class=\"feed-source\">\n            Source:\n\n                            Distrito Emprendedores\n                    <\/span>\n    \n            <span class=\"feed-date\">\n            Published on 2026-03-10\n        <\/span>\n    \n    <\/div>\n\n\n\n\n\n            \n        <\/li>\n                    <li class=\"wpra-item feed-item \">\n            \n            \n\n    <a  href=\"https:\/\/distritoemprendedores.es\/blog\/un-nuevo-prime-time-para-las-marcas-afterwork-tardeo-y-futbol-se-consolidan-como-los-grandes-motores-del-consumo-experiencial\/\" target=\"_blank\" rel=\"nofollow\" class=\"\">Un nuevo prime time para las marcas: afterwork, tardeo y f\u00fatbol se consolidan como los grandes motores del consumo experiencial<\/a>\n\n\n\n\n\n\n<div class=\"wprss-feed-meta\">\n            <span class=\"feed-source\">\n            Source:\n\n                            Distrito Emprendedores\n                    <\/span>\n    \n            <span class=\"feed-date\">\n            Published on 2026-03-09\n        <\/span>\n    \n    <\/div>\n\n\n\n\n\n            \n        <\/li>\n                    <li class=\"wpra-item feed-item \">\n            \n            \n\n    <a  href=\"https:\/\/distritoemprendedores.es\/blog\/la-ventaja-competitiva-esta-en-entender-como-pregunta-el-consumidor\/\" target=\"_blank\" rel=\"nofollow\" class=\"\">La ventaja competitiva est\u00e1 en entender c\u00f3mo pregunta el consumidor<\/a>\n\n\n\n\n\n\n<div class=\"wprss-feed-meta\">\n            <span class=\"feed-source\">\n            Source:\n\n                            Distrito Emprendedores\n                    <\/span>\n    \n            <span class=\"feed-date\">\n            Published on 2026-03-08\n        <\/span>\n    \n    <\/div>\n\n\n\n\n\n            \n        <\/li>\n                    <li class=\"wpra-item feed-item \">\n            \n            \n\n    <a  href=\"https:\/\/distritoemprendedores.es\/blog\/solo-el-7-de-los-espanoles-cree-a-las-marcas-cuando-comunican-sus-valores-con-hechos-demostrables\/\" target=\"_blank\" rel=\"nofollow\" class=\"\">Solo el 7% de los espa\u00f1oles cree a las marcas cuando comunican sus valores con hechos demostrables<\/a>\n\n\n\n\n\n\n<div class=\"wprss-feed-meta\">\n            <span class=\"feed-source\">\n            Source:\n\n                            Distrito Emprendedores\n                    <\/span>\n    \n            <span class=\"feed-date\">\n            Published on 2026-03-07\n        <\/span>\n    \n    <\/div>\n\n\n\n\n\n            \n        <\/li>\n                    <li class=\"wpra-item feed-item \">\n            \n            \n\n    <a  href=\"https:\/\/distritoemprendedores.es\/blog\/el-38-de-las-empresas-creadas-en-2019-ha-echado-ya-el-cierre\/\" target=\"_blank\" rel=\"nofollow\" class=\"\">El 38% de las empresas creadas en 2019 ha echado ya el cierre<\/a>\n\n\n\n\n\n\n<div class=\"wprss-feed-meta\">\n            <span class=\"feed-source\">\n            Source:\n\n                            Distrito Emprendedores\n                    <\/span>\n    \n            <span class=\"feed-date\">\n            Published on 2026-03-06\n        <\/span>\n    \n    <\/div>\n\n\n\n\n\n            \n        <\/li>\n                    <li class=\"wpra-item feed-item \">\n            \n            \n\n    <a  href=\"https:\/\/distritoemprendedores.es\/blog\/descubre-las-oportunidades-y-tendencias-en-el-mercado-de-la-franquicia-para-2026\/\" target=\"_blank\" rel=\"nofollow\" class=\"\">Descubre las oportunidades y tendencias en el mercado de la franquicia para 2026<\/a>\n\n\n\n\n\n\n<div class=\"wprss-feed-meta\">\n            <span class=\"feed-source\">\n            Source:\n\n                            Distrito Emprendedores\n                    <\/span>\n    \n            <span class=\"feed-date\">\n            Published on 2026-03-05\n        <\/span>\n    \n    <\/div>\n\n\n\n\n\n            \n        <\/li>\n                    <li class=\"wpra-item feed-item \">\n            \n            \n\n    <a  href=\"https:\/\/distritoemprendedores.es\/blog\/las-startups-de-salud-mas-punteras-del-mundo\/\" target=\"_blank\" rel=\"nofollow\" class=\"\">Las startups de salud m\u00e1s punteras del mundo<\/a>\n\n\n\n\n\n\n<div class=\"wprss-feed-meta\">\n            <span class=\"feed-source\">\n            Source:\n\n                            Distrito Emprendedores\n                    <\/span>\n    \n            <span class=\"feed-date\">\n            Published on 2026-03-04\n        <\/span>\n    \n    <\/div>\n\n\n\n\n\n            \n        <\/li>\n                    <li class=\"wpra-item feed-item \">\n            \n            \n\n    <a  href=\"https:\/\/distritoemprendedores.es\/blog\/puesta-en-marcha-de-un-negocio-primeros-pasos-para-validar-vender-y-controlar-la-tesoreria\/\" target=\"_blank\" rel=\"nofollow\" class=\"\">Puesta en marcha de un negocio: primeros pasos para validar, vender y controlar la tesorer\u00eda<\/a>\n\n\n\n\n\n\n<div class=\"wprss-feed-meta\">\n            <span class=\"feed-source\">\n            Source:\n\n                            Distrito Emprendedores\n                    <\/span>\n    \n            <span class=\"feed-date\">\n            Published on 2026-03-03\n        <\/span>\n    \n    <\/div>\n\n\n\n\n\n            \n        <\/li>\n                    <li class=\"wpra-item feed-item \">\n            \n            \n\n    <a  href=\"https:\/\/distritoemprendedores.es\/blog\/6-franquicias-sin-apenas-competencia-en-el-mercado\/\" target=\"_blank\" rel=\"nofollow\" class=\"\">6 franquicias sin apenas competencia en el mercado<\/a>\n\n\n\n\n\n\n<div class=\"wprss-feed-meta\">\n            <span class=\"feed-source\">\n            Source:\n\n                            Distrito Emprendedores\n                    <\/span>\n    \n            <span class=\"feed-date\">\n            Published on 2026-03-02\n        <\/span>\n    \n    <\/div>\n\n\n\n\n\n            \n        <\/li>\n                    <li class=\"wpra-item feed-item \">\n            \n            \n\n    <a  href=\"https:\/\/digistorage.es\/links\/71d78951-a420-4f5b-8de6-7b35ae7efc1c#new_tab\" target=\"_blank\" rel=\"nofollow\" class=\"\">Los algoritmos amenazan con filtrar las confesiones realizadas al abogado<\/a>\n\n\n\n\n\n\n<div class=\"wprss-feed-meta\">\n            <span class=\"feed-source\">\n            Source:\n\n                            Distrito Emprendedores\n                    <\/span>\n    \n            <span class=\"feed-date\">\n            Published on 2026-03-01\n        <\/span>\n    \n    <\/div>\n\n\n\n\n\n            \n        <\/li>\n                    <li class=\"wpra-item feed-item \">\n            \n            \n\n    <a  href=\"https:\/\/distritoemprendedores.es\/blog\/las-startups-que-mas-innovan-en-el-mundo\/\" target=\"_blank\" rel=\"nofollow\" class=\"\">Las startups que m\u00e1s innovan en el mundo<\/a>\n\n\n\n\n\n\n<div class=\"wprss-feed-meta\">\n            <span class=\"feed-source\">\n            Source:\n\n                            Distrito Emprendedores\n                    <\/span>\n    \n            <span class=\"feed-date\">\n            Published on 2026-02-28\n        <\/span>\n    \n    <\/div>\n\n\n\n\n\n            \n        <\/li>\n                    <li class=\"wpra-item feed-item \">\n            \n            \n\n    <a  href=\"https:\/\/distritoemprendedores.es\/blog\/tiktok-genera-31-000-millones-de-euros-para-las-empresas-europeas-y-3-000-millones-en-espana\/\" target=\"_blank\" rel=\"nofollow\" class=\"\">TikTok genera 31.000 millones de euros para las empresas europeas y 3.000 millones en Espa\u00f1a<\/a>\n\n\n\n\n\n\n<div class=\"wprss-feed-meta\">\n            <span class=\"feed-source\">\n            Source:\n\n                            Distrito Emprendedores\n                    <\/span>\n    \n            <span class=\"feed-date\">\n            Published on 2026-02-27\n        <\/span>\n    \n    <\/div>\n\n\n\n\n\n            \n        <\/li>\n                    <li class=\"wpra-item feed-item \">\n            \n            \n\n    <a  href=\"https:\/\/distritoemprendedores.es\/blog\/amazon-planea-un-marketplace-para-hacer-de-puente-entre-los-publishers-y-las-empresas-de-ia\/\" target=\"_blank\" rel=\"nofollow\" class=\"\">Amazon planea un \u00abmarketplace\u00bb para hacer de puente entre los \u00abpublishers\u00bb y las empresas de IA<\/a>\n\n\n\n\n\n\n<div class=\"wprss-feed-meta\">\n            <span class=\"feed-source\">\n            Source:\n\n                            Distrito Emprendedores\n                    <\/span>\n    \n            <span class=\"feed-date\">\n            Published on 2026-02-26\n        <\/span>\n    \n    <\/div>\n\n\n\n\n\n            \n        <\/li>\n        <\/ul>\n\n        \n<\/div>\n\n<\/div>\n\n<hr>\n<h3><b>COMUN\u00cdCATE CON TU EQUIPO<\/b><\/h3>\n<p>Ya tienes lo b\u00e1sico para arrancar en Slack: miembros con quien comunicarte y temas organizados sobre los que conversar.<\/p>\n<p>Ahora se trata de escribir los mensajes en la caja habilitada para ello.<\/p>\n<p>Tienes adem\u00e1s diferentes recursos de ayuda:<\/p>\n<ul>\n<li>Nombrar a miembros en las conversaciones, poniendo delante el s\u00edmbolo @<\/li>\n<li>A\u00f1adir estilos y emoticonos en el contenido.<\/li>\n<li>Adjuntar archivos.<\/li>\n<li>A\u00f1adir accesos directos a las acciones y aplicaciones que m\u00e1s utilices.<\/li>\n<\/ul>\n<p>\u00a1Empieza a escribir mensajes a tu equipo!<\/p>\n<h3><b>A\u00d1ADIR APLICACIONES<\/b><\/h3>\n<p>Como ya te he dicho, la potencia de Slack es todav\u00eda mayor si le a\u00f1ades aplicaciones.<\/p>\n<p>Tendr\u00e1s acceso a un amplio directorio de aplicaciones externas, con las que podr\u00e1s desarrollar un sinf\u00edn de acciones, como:<\/p>\n<ul>\n<li>Conectar herramientas del d\u00eda a d\u00eda: calendario, correo electr\u00f3nico, \u2026<\/li>\n<li>Sistema de gesti\u00f3n de archivos<\/li>\n<li>Gesti\u00f3n de tareas<\/li>\n<li>Aplicaciones de voz y v\u00eddeo<\/li>\n<li>Herramientas de productividad<\/li>\n<li>Redes sociales<\/li>\n<li>&nbsp;\u2026<\/li>\n<\/ul>\n<p>Pincha en la opci\u00f3n Aplicaciones y ver\u00e1s todas las posibilidades que ofrece.<\/p>\n<p>S\u00f3lo tienes que elegir una, pinchar el bot\u00f3n e iniciar la sesi\u00f3n en ella para que se te agregue a la cuenta de Slack.<\/p>\n<h3><b>LAS B\u00daSQUEDAS<\/b><\/h3>\n<p>En Slack no se pierde nada.<\/p>\n<p>Tienes un buscador, siempre activo en la parte de arriba, que encontrar\u00e1 todo lo que en la cuenta exista bajo el t\u00e9rmino que busques.<\/p>\n<h2><b>LA COMUNICACI\u00d3N CON MI EQUIPO ES EFECTIVA GRACIAS A SLACK<\/b><\/h2>\n<p>Como ves, Slack es una soluci\u00f3n perfecta para equipos como el m\u00edo, descentralizado y aut\u00f3nomo.<\/p>\n<p>En mi equipo no trabajamos con correos electr\u00f3nicos; funcionamos con Slack. Compartimos documentos e informaci\u00f3n a trav\u00e9s de esta herramienta.<\/p>\n<p>Todos los miembros del equipo tenemos la informaci\u00f3n accesible en cualquier momento. As\u00ed, durante nuestra jornada de trabajo, podemos focalizar y centrarnos en nuestras tareas y evitar interrupciones por la llegada constante de correos; o buscando la informaci\u00f3n que compartimos en determinado momento.<\/p>\n<p>Llevamos el&nbsp;<a href=\"https:\/\/latransformateca.com\/consejos-para-lograr-tus-metas\/\" target=\"_blank\" rel=\"noopener noreferrer\">foco<\/a>&nbsp;hasta el \u00faltimo t\u00e9rmino con este m\u00e9todo de trabajo. Un m\u00e9todo que nos funciona: todos trabajamos con este sistema.<\/p>\n<p>Recuerda, para conseguir los objetivos que te hayas marcado con tu negocio digital tienes que aplicar sistemas. Estos sistemas te permitir\u00e1n&nbsp;<a href=\"https:\/\/www.lifestylealcuadrado.com\/conseguir-objetivos\/\" target=\"_blank\" rel=\"noopener noreferrer\">cumplir con las tareas que te hayas marcado<\/a>, siguiendo una planificaci\u00f3n.<\/p>\n<p>Y para planificarte y ser m\u00e1s efectivo te tienes que hacer con herramientas como estas, que te ahorran tiempo y dinero.<\/p>\n<p>Empieza a organizar la comunicaci\u00f3n de forma efectiva con tu equipo.<\/p>\n<p><a href=\"https:\/\/latransformateca.com\/\"><em>Franck SCIPION<\/em><\/a><\/p>\n<div id=\"telet-3407146590\" class=\"telet-despues-del-contenido telet-entity-placement\"><a target=\"_blank\" href=\"\/\/aff.lucushost.com\/resources\/click\/?n=gDxoXMAJ&aff=756\"><img decoding=\"async\" border=\"0\" alt=\"LucusHost, el mejor hosting\" src=\"\/\/aff.lucushost.com\/resources\/banners\/?zoneid=5123&n=gDxoXMAJ&aff=756\" \/><\/a><\/div>","protected":false},"excerpt":{"rendered":"<p>Hoy te voy a hablar de una super herramienta, que integra varias en una. Se trata de&nbsp;Slack, una potente aplicaci\u00f3n que facilita sobremanera la comunicaci\u00f3n interna en la empresa. \u00bfSabes&hellip; <\/p>\n","protected":false},"author":1,"featured_media":1002,"comment_status":"open","ping_status":"open","sticky":false,"template":"","format":"standard","meta":{"_jetpack_memberships_contains_paid_content":false,"footnotes":"","_links_to":"","_links_to_target":""},"categories":[9],"tags":[15,14],"class_list":["post-997","post","type-post","status-publish","format-standard","has-post-thumbnail","hentry","category-ofimatica","tag-fuprisa","tag-jose-manuel-fuentes-prieto"],"nelio_content":{"autoShareEndMode":"never","automationSources":{"useCustomSentences":false,"customSentences":[]},"efiAlt":"","efiUrl":"","followers":[1],"highlights":[],"isAutoShareEnabled":true,"networkImageIds":[],"permalinkQueryArgs":[],"series":[],"suggestedReferences":[]},"jetpack_featured_media_url":"https:\/\/teletrabajoynegocios.com\/telesecretarias\/wp-content\/uploads\/sites\/2\/2020\/05\/despertador.jpg","jetpack_sharing_enabled":true,"_links":{"self":[{"href":"https:\/\/teletrabajoynegocios.com\/telesecretarias\/wp-json\/wp\/v2\/posts\/997","targetHints":{"allow":["GET"]}}],"collection":[{"href":"https:\/\/teletrabajoynegocios.com\/telesecretarias\/wp-json\/wp\/v2\/posts"}],"about":[{"href":"https:\/\/teletrabajoynegocios.com\/telesecretarias\/wp-json\/wp\/v2\/types\/post"}],"author":[{"embeddable":true,"href":"https:\/\/teletrabajoynegocios.com\/telesecretarias\/wp-json\/wp\/v2\/users\/1"}],"replies":[{"embeddable":true,"href":"https:\/\/teletrabajoynegocios.com\/telesecretarias\/wp-json\/wp\/v2\/comments?post=997"}],"version-history":[{"count":1,"href":"https:\/\/teletrabajoynegocios.com\/telesecretarias\/wp-json\/wp\/v2\/posts\/997\/revisions"}],"predecessor-version":[{"id":1003,"href":"https:\/\/teletrabajoynegocios.com\/telesecretarias\/wp-json\/wp\/v2\/posts\/997\/revisions\/1003"}],"wp:featuredmedia":[{"embeddable":true,"href":"https:\/\/teletrabajoynegocios.com\/telesecretarias\/wp-json\/wp\/v2\/media\/1002"}],"wp:attachment":[{"href":"https:\/\/teletrabajoynegocios.com\/telesecretarias\/wp-json\/wp\/v2\/media?parent=997"}],"wp:term":[{"taxonomy":"category","embeddable":true,"href":"https:\/\/teletrabajoynegocios.com\/telesecretarias\/wp-json\/wp\/v2\/categories?post=997"},{"taxonomy":"post_tag","embeddable":true,"href":"https:\/\/teletrabajoynegocios.com\/telesecretarias\/wp-json\/wp\/v2\/tags?post=997"}],"curies":[{"name":"wp","href":"https:\/\/api.w.org\/{rel}","templated":true}]}}