{"id":14015,"date":"2023-04-07T09:51:45","date_gmt":"2023-04-07T07:51:45","guid":{"rendered":"https:\/\/teletrabajoynegocios.com\/teletrabajador\/?p=14015"},"modified":"2023-05-22T09:55:02","modified_gmt":"2023-05-22T07:55:02","slug":"profesionales-libres-la-vision-dinamica-de-la-vida","status":"publish","type":"post","link":"https:\/\/teletrabajoynegocios.com\/teletrabajador\/profesionales-libres-la-vision-dinamica-de-la-vida\/","title":{"rendered":"Profesionales Libres. La visi\u00f3n din\u00e1mica de la vida"},"content":{"rendered":"<div id=\"telet-1104854253\" class=\"telet-antes-del-contenido telet-entity-placement\"><a href=\"https:\/\/quaderno.io\/?via=jose-manuel94\" aria-label=\"Quaderno General (Spanish) &#8211; 728&#215;90\"><img loading=\"lazy\" decoding=\"async\" src=\"https:\/\/teletrabajoynegocios.com\/teletrabajador\/wp-content\/uploads\/sites\/3\/2020\/11\/Quaderno-General-Spanish-728x90-1.png\" alt=\"\"  srcset=\"https:\/\/teletrabajoynegocios.com\/teletrabajador\/wp-content\/uploads\/sites\/3\/2020\/11\/Quaderno-General-Spanish-728x90-1.png 728w, https:\/\/teletrabajoynegocios.com\/teletrabajador\/wp-content\/uploads\/sites\/3\/2020\/11\/Quaderno-General-Spanish-728x90-1-300x37.png 300w\" sizes=\"(max-width: 728px) 100vw, 728px\" width=\"728\" height=\"90\"   \/><\/a><\/div><p>Cuando me junto con amigos o familiares es cuando me doy cuenta de que soy el \u00fanico que ha decidido ir por libre. Bueno, realmente la decisi\u00f3n que me llev\u00f3 a no volver a trabajar como \u00abcuentajenado\u00bb la tom\u00f3 otro hace diecinueve a\u00f1os, pero yo la asum\u00ed con gusto. Y aqu\u00ed seguimos.<\/p>\n<p>Como te dec\u00eda, en esas ocasiones en las que yo soy el bicho raro, se producen algunos fen\u00f3menos interesantes. Te cuento algunos.<\/p>\n<h4 class=\"wp-block-heading\">La jubilaci\u00f3n<\/h4>\n<p>Cuando en esas reuniones o quedadas nos vemos amigos de toda la vida, significa que la jubilaci\u00f3n deber\u00eda producirse para la mayor\u00eda de ellos dentro de una d\u00e9cada aproximadamente. Alguno incluso ya est\u00e1 prejubilado.<\/p>\n<p>Hablan de jubilarse con una mezcla de preocupaci\u00f3n por lo que les puede \u00abquedar\u00bb de pensi\u00f3n y de esperanza para poder dedicarse, por fin, a lo que les apetece.<\/p>\n<p>En esos momentos yo casi me retiro y me callo la boca porque lo que puedo decir siempre les parece extra\u00f1o, como algo que no va con ellos.<\/p>\n<p>De hecho, percibo que me miran y me tratan con una cierta condescendencia y compasi\u00f3n porque piensan que mi futuro es m\u00e1s incierto. Como si a estas alturas alguien pudiese decir que tendr\u00e1 la pensi\u00f3n asegurada.<\/p>\n<p>Lo cierto es que a mi no me preocupa demasiado lo que pueda cobrar cuando me jubile porque no tengo intenci\u00f3n ni obsesi\u00f3n por dejar de hacer lo que estoy haciendo. No estoy deseando llegar a los 65 para que se me caiga el bol\u00edgrafo o apagar el ordenador. Todo lo contrario, lo que me preocupa es no tener m\u00e1s tiempo para seguir haciendo cosas.<\/p>\n<p>Y eso lo conecta con su otra preocupaci\u00f3n, la de dedicarse \u00abpor fin\u00bb a lo que les gusta. Yo ya no les digo nada, pero es que yo ya estoy haciendo eso desde los 37. En ese sentido es como si me hubiese jubilado hace casi veinte a\u00f1os.<\/p>\n<p>Si, ya s\u00e9 que eso de trabajar en lo que te gusta es casi un mito, pero se puede intentar.<\/p>\n<h4 class=\"wp-block-heading\">Visi\u00f3n est\u00e1tica o din\u00e1mica de la vida<\/h4>\n<p>Otra gran diferencia entre los Profesionales Libres y el resto es la forma de ver el futuro y los problemas, los inconvenientes y los imponderables que surgen en un trayectoria de trabajo o de vida.<\/p>\n<p>Para un Profesional Libre, el mundo es algo cambiante, as\u00ed que siempre asumimos que lo que hoy funciona, ma\u00f1ana puede que no. O que un proyecto puede fallar o incluso no arrancar jam\u00e1s. Y no pasa nada. Bueno, si pasa, que inmediatamente vemos formas de cambiar, mejorar, modificar o abandonar para pasar al siguiente. Funcionamos de un modo muy din\u00e1mico.<\/p>\n<p>Para un Profesional \u00abcuentajenado\u00bb, un empleado o un funcionario. La vida es mucho m\u00e1s est\u00e1tica. Y quiz\u00e1s eso es lo que les gusta, la predictibilidad, la falta de sorpresas (siempre las hay), el intento in\u00fatil de eliminar el riesgo, la n\u00f3mina a fin de mes y la paga de verano y Navidad.<\/p>\n<p>Por eso percibo que esos amigos y familiares sufren (mucho m\u00e1s que yo) cuando piensan en mi trabajo. Lo que piensan es que si un d\u00eda alg\u00fan proyecto no sale como se esperaba (como suele ocurrir) todo se acaba. Sin embargo, desde mi punto de vista, eso s\u00f3lo significa que hay que hacer cambios o empezar nuevos proyectos. Lo que para ellos es una desgracia, para un Profesional Libre es estimulante.<\/p>\n<p>Conozco personas cercanas que llevan a\u00f1os sufriendo en un trabajo que detestan y que les quita la salud, pero que siguen ah\u00ed porque perder\u00edan indemnizaciones y finiquitos que pueden ser importantes. Y lo entiendo, pero \u00bfQu\u00e9 clase de vida es esa? por eso es importante tomar medidas mucho antes de que eso suceda. Ah, y no poner todos los huevos en una misma cesta, no ser monocliente.<\/p>\n<h4 class=\"wp-block-heading\">Creas tus planes o trabajas para los de otros<\/h4>\n<p>Soy una de esas personas a las que les gusta tener un cierto control de las cosas. Alguien me dijo que por eso me asusta volar, porque pongo mi vida en manos de otros.<\/p>\n<p>Odio que me digan lo que tengo que hacer, incluso que me den consejos\u2026 aunque sean \u00fatiles. Pero eso es algo muy personal y otros pueden tener un punto de vista distinto.<\/p>\n<p>Creo que un Profesional Libre prefiere decidir por s\u00ed mismo, aunque se equivoque. Muchos amigos me dicen que deber\u00eda hacer esto o lo otro, pero son incapaces de entender (o yo soy incapaz de explicar) que mi visi\u00f3n de un proyecto o de una idea es completamente diferente a lo que ellos perciben.<\/p>\n<p>A veces, lo m\u00e1s complicado de hacer entender a los profesionales est\u00e1ticos no son los m\u00e9todos sino los valores. Si decides no hacer algo que ha demostrado su utilidad quiz\u00e1s es porque hay algo que no encaja con tus prioridades, tus gustos o tu personalidad, aunque sepas que funciona. Y por eso buscas formas de hacerlo que encajen con la persona que eres.<\/p>\n<p>Un Profesional Libre no quiere una vida IKEA, sino una vida LEGO. No se conforma con montar un futuro prefabricado. Prefiere coger ladrillos m\u00e1s peque\u00f1os, que se pueden recombinar y ampliar, incluso destruir para reconstruir. O incluso una vida de artesano en la que las piezas te las creas t\u00fa mismo.<\/p>\n<p>Creo que el futuro es de los Profesionales Libres, es decir, aquellos que venden su trabajo a quienes quieran comprarlo, independientemente de que lo hagas como empleado, empresario, emprendedor o \u00abfreelance\u00bb. Pero todav\u00eda queda mucho por cambiar en la mentalidad de la mayor\u00eda de la gente.<\/p>\n<p><a href=\"https:\/\/www.andresperezortega.com\"><em>Andres Perez Ortega<\/em><\/a><\/p>\n<div id=\"telet-1595828483\" class=\"telet-despues-del-contenido telet-entity-placement\"><a target=\"_blank\" href=\"\/\/aff.lucushost.com\/resources\/click\/?n=gDxoXMAJ&aff=756\"><img decoding=\"async\" border=\"0\" alt=\"LucusHost, el mejor hosting\" src=\"\/\/aff.lucushost.com\/resources\/banners\/?zoneid=5123&n=gDxoXMAJ&aff=756\" \/><\/a><\/div>","protected":false},"excerpt":{"rendered":"<p>Cuando me junto con amigos o familiares es cuando me doy cuenta de que soy el \u00fanico que ha decidido ir por libre. Bueno, realmente la decisi\u00f3n que me llev\u00f3&hellip; <\/p>\n","protected":false},"author":1,"featured_media":14016,"comment_status":"open","ping_status":"open","sticky":false,"template":"","format":"standard","meta":{"footnotes":"","jetpack_post_was_ever_published":false,"_links_to":"","_links_to_target":""},"categories":[6],"tags":[20,19],"class_list":["post-14015","post","type-post","status-publish","format-standard","has-post-thumbnail","hentry","category-marca-personal","tag-fuprisa","tag-jose-manuel-fuentes-prieto"],"nelio_content":{"autoShareEndMode":"never","automationSources":{"useCustomSentences":false,"customSentences":[]},"efiAlt":"","efiUrl":"","followers":[1],"highlights":[],"isAutoShareEnabled":true,"networkImageIds":[],"permalinkQueryArgs":[],"series":[],"suggestedReferences":[]},"jetpack_featured_media_url":"https:\/\/teletrabajoynegocios.com\/teletrabajador\/wp-content\/uploads\/sites\/3\/2023\/05\/selina-schwarzenbacher.jpg","_links":{"self":[{"href":"https:\/\/teletrabajoynegocios.com\/teletrabajador\/wp-json\/wp\/v2\/posts\/14015","targetHints":{"allow":["GET"]}}],"collection":[{"href":"https:\/\/teletrabajoynegocios.com\/teletrabajador\/wp-json\/wp\/v2\/posts"}],"about":[{"href":"https:\/\/teletrabajoynegocios.com\/teletrabajador\/wp-json\/wp\/v2\/types\/post"}],"author":[{"embeddable":true,"href":"https:\/\/teletrabajoynegocios.com\/teletrabajador\/wp-json\/wp\/v2\/users\/1"}],"replies":[{"embeddable":true,"href":"https:\/\/teletrabajoynegocios.com\/teletrabajador\/wp-json\/wp\/v2\/comments?post=14015"}],"version-history":[{"count":2,"href":"https:\/\/teletrabajoynegocios.com\/teletrabajador\/wp-json\/wp\/v2\/posts\/14015\/revisions"}],"predecessor-version":[{"id":14018,"href":"https:\/\/teletrabajoynegocios.com\/teletrabajador\/wp-json\/wp\/v2\/posts\/14015\/revisions\/14018"}],"wp:featuredmedia":[{"embeddable":true,"href":"https:\/\/teletrabajoynegocios.com\/teletrabajador\/wp-json\/wp\/v2\/media\/14016"}],"wp:attachment":[{"href":"https:\/\/teletrabajoynegocios.com\/teletrabajador\/wp-json\/wp\/v2\/media?parent=14015"}],"wp:term":[{"taxonomy":"category","embeddable":true,"href":"https:\/\/teletrabajoynegocios.com\/teletrabajador\/wp-json\/wp\/v2\/categories?post=14015"},{"taxonomy":"post_tag","embeddable":true,"href":"https:\/\/teletrabajoynegocios.com\/teletrabajador\/wp-json\/wp\/v2\/tags?post=14015"}],"curies":[{"name":"wp","href":"https:\/\/api.w.org\/{rel}","templated":true}]}}