{"id":14050,"date":"2023-04-13T08:57:35","date_gmt":"2023-04-13T06:57:35","guid":{"rendered":"https:\/\/teletrabajoynegocios.com\/teletrabajador\/?p=14050"},"modified":"2023-05-24T09:02:07","modified_gmt":"2023-05-24T07:02:07","slug":"marca-personal-es-personal-no-personalista","status":"publish","type":"post","link":"https:\/\/teletrabajoynegocios.com\/teletrabajador\/marca-personal-es-personal-no-personalista\/","title":{"rendered":"Marca Personal. Es Personal no Personalista"},"content":{"rendered":"<div id=\"telet-2381425130\" class=\"telet-antes-del-contenido telet-entity-placement\"><a href=\"https:\/\/quaderno.io\/?via=jose-manuel94\" aria-label=\"Quaderno General (Spanish) &#8211; 728&#215;90\"><img loading=\"lazy\" decoding=\"async\" src=\"https:\/\/teletrabajoynegocios.com\/teletrabajador\/wp-content\/uploads\/sites\/3\/2020\/11\/Quaderno-General-Spanish-728x90-1.png\" alt=\"\"  srcset=\"https:\/\/teletrabajoynegocios.com\/teletrabajador\/wp-content\/uploads\/sites\/3\/2020\/11\/Quaderno-General-Spanish-728x90-1.png 728w, https:\/\/teletrabajoynegocios.com\/teletrabajador\/wp-content\/uploads\/sites\/3\/2020\/11\/Quaderno-General-Spanish-728x90-1-300x37.png 300w\" sizes=\"(max-width: 728px) 100vw, 728px\" width=\"728\" height=\"90\"   \/><\/a><\/div><p>\u00bfTe imaginas que las empresas se dedicasen a hablar de ellas mismas constantemente? \u00bfQue dedicasen su presupuesto publicitario a mostrarnos su maquinaria o sus oficinas? \u00bfQue se pasasen todo el tiempo contando lo \u00abchulos\u00bb que son sus directivos? Parece absurdo porque lo que queremos es saber lo que pueden ofrecernos, no que nos hablen de ellas.<\/p>\n<p>Pues bien, cuando hablamos de Marca Personal a nivel profesional parece que esta idea no se ha entendido. Hay demasiados profesionales que hace tiempo que dejaron de contarnos lo que pueden hacer por otros para centrarse en mostrarnos sus actividades, especialmente de ocio.<\/p>\n<p>Creo que el problema est\u00e1 en el t\u00e9rmino PERSONAL que tantos problemas nos ha dado a quienes nos dedicamos a esto. En cuanto relacionamos Marca y Persona, muchos se confunden o quieren ser confundidos.<\/p>\n<p>Las personas no somos marcas ni productos. Las personas no somos ni tenemos marca, sino que la DEJAMOS. Las personas no somos Productos, el producto es lo que hacemos y ofrecemos y eso es lo que nos permite ocupar un espacio mental en otros.<\/p>\n<p>El concepto de Marca Personal no nos \u00abcosifica\u00bb ni nos deshumaniza sino que pretende justo lo contrario, destacar nuestra individualidad. Por eso gusta tan poco a quienes quieren meternos a saco en alg\u00fan grupo social y que diluyamos nuestra identidad.<\/p>\n<h4 class=\"wp-block-heading\">Es Personal porque no es Empresarial o Corporativa<\/h4>\n<p>Pero volviendo al t\u00e9rmino PERSONAL, lo que no se ha entendido es que surge como forma de diferenciar la Marca PERSONAL de la Empresarial o de Producto. No es Personal porque est\u00e9 relacionada con tu vida personal o privada sino porque la deja una persona y no una organizaci\u00f3n.<\/p>\n<p>Eso tambi\u00e9n sirve para aclarar esa idea que trata de diferenciar Marca Personal y Marca Profesional. En realidad ambas se refieren a la Huella o Marca que dejamos en los dem\u00e1s, la \u00fanica diferencia es que la Marca Profesional se centra en un \u00e1mbito laboral.<\/p>\n<p>Por eso podemos decir que Steve Jobs dej\u00f3 una Marca Personal y Apple una Marca Corporativa. En ambos casos las acciones de uno y de la otra generan un impacto, pero en un caso es una persona y en otra una empresa.<\/p>\n<p>Me gustar\u00eda utilizar m\u00e1s ejemplos cercanos, pero desgraciadamente parece que entre los empresarios y emprendedores espa\u00f1oles y latinoamericanos hay poca costumbre de hacerse visibles a diferencia de los Musk, Bezos o Gates. Aunque eso refuerza lo que digo.<\/p>\n<p>Por ejemplo, de Amancio Ortega o de Juan Roig sabemos poco de su vida personal, especialmente del primero. Sin embargo, el efecto de su Marca Personal es evidente.<\/p>\n<h4 class=\"wp-block-heading\">Marca Personal no es marca privada<\/h4>\n<p>Aunque es un poco cansino lo que voy a decir, lo repetir\u00e9 porque siempre hay alg\u00fan ofendidito. En dospuntocerolandia puedes hacer lo que te de la gana. Puedes mostrar lo que te apetezca y puedes exponerte lo que consideres oportuno asumiendo las consecuencias.<\/p>\n<p>Dicho esto, lo que trato de decirte es que una huella, una Marca Personal potente es aquella que produce un efecto, un cambio, que consigue que ocurran cosas o que alguien se transforme de alg\u00fan modo.<\/p>\n<p>Est\u00e1 bien, incluso es recomendable que, como profesional, utilices las redes para mostrar algo de ti, de tus aficiones, valores o cualidades igual que, de vez en cuando una empresa hace un publirreportaje para hablar de ella o de sus profesionales. Eso te hace m\u00e1s humano y cercano y redondea tu imagen. Pero el\/la protagonista no eres t\u00fa, simplemente eres un medio para producir ese cambio, generar ese impacto.<\/p>\n<p>Llevado al extremo y buscando una pureza imposible, podr\u00edamos decir que la Marca Personal perfecta es la de aquella persona que deja huella sin que pr\u00e1cticamente se sepa nada de ella. El ejemplo t\u00edpico es el de J.D.Salinger, autor de El guardi\u00e1n entre el centeno que tanto influy\u00f3 en algunas generaciones, pero que estuvo desaparecido durante casi toda su vida.<\/p>\n<p>Porque la Marca Personal se refiere al efecto no a quien lo produce.<\/p>\n<h4 class=\"wp-block-heading\">El egocentrismo o el narcisismo no caracteriza a la Marca Personal<\/h4>\n<p>Esto nos lleva a otro de los grandes errores de quienes critican la Marca Personal.<\/p>\n<p>Quienes dicen que la Marca Personal es para ego\u00edstas, divos o narcisistas siguen pensando que la Marca Personal va de quien la deja y no de aquellos en los que la deja.<\/p>\n<p>No digo que un egoc\u00e9ntrico no pueda dejar una Marca Personal, una huella estupenda (o terrible), pero eso s\u00f3lo ocurrir\u00e1 si este individuo hace algo que cambie las cosas.<\/p>\n<p>Es verdad que un libro, un blog, un podcast o incluso LinkedIn son canales m\u00e1s apropiados para dejar huella que un Instagram o TikTok. Quiz\u00e1s porque en los primeros lo importante es el contenido y el creador es s\u00f3lo un medio. Mientras que en los canales y redes m\u00e1s visuales, se da la vuelta y el protagonista es m\u00e1s importante que el contenido. Pero la Marca Personal que dejan estos \u00faltimos es mucho m\u00e1s vol\u00e1til y, normalmente, fr\u00edvola.<\/p>\n<p>Podr\u00eda decirse que ha habido muchas personas humildes y que apenas se han centrado en si mismas que han dejado huella, pero no es por esa caracter\u00edstica de mantenerse ocultas o discretas sino por lo que han aportado.<\/p>\n<p>Por lo tanto, no confundas la Marca Personal (huella) con la Marca Personalista (yo, me, mi, conmigo) y mucho menos con la Marca de Personaje (imagen falsa, ficticia, artificial, creada). Y recuerda que si hablamos de Marca Personal es para diferenciar nuestra oferta, de la de una empresa, organizaci\u00f3n o compa\u00f1\u00eda.<\/p>\n<p><a href=\"https:\/\/www.andresperezortega.com\"><em>Andres Perez Ortega<\/em><\/a><\/p>\n<div id=\"telet-2019536321\" class=\"telet-despues-del-contenido telet-entity-placement\"><a target=\"_blank\" href=\"\/\/aff.lucushost.com\/resources\/click\/?n=gDxoXMAJ&aff=756\"><img decoding=\"async\" border=\"0\" alt=\"LucusHost, el mejor hosting\" src=\"\/\/aff.lucushost.com\/resources\/banners\/?zoneid=5123&n=gDxoXMAJ&aff=756\" \/><\/a><\/div>","protected":false},"excerpt":{"rendered":"<p>\u00bfTe imaginas que las empresas se dedicasen a hablar de ellas mismas constantemente? \u00bfQue dedicasen su presupuesto publicitario a mostrarnos su maquinaria o sus oficinas? \u00bfQue se pasasen todo el&hellip; <\/p>\n","protected":false},"author":1,"featured_media":14051,"comment_status":"open","ping_status":"open","sticky":false,"template":"","format":"standard","meta":{"footnotes":"","jetpack_post_was_ever_published":false,"_links_to":"","_links_to_target":""},"categories":[6],"tags":[20,19],"class_list":["post-14050","post","type-post","status-publish","format-standard","has-post-thumbnail","hentry","category-marca-personal","tag-fuprisa","tag-jose-manuel-fuentes-prieto"],"nelio_content":{"autoShareEndMode":"never","automationSources":{"useCustomSentences":false,"customSentences":[]},"efiAlt":"","efiUrl":"","followers":[1],"highlights":[],"isAutoShareEnabled":true,"networkImageIds":[],"permalinkQueryArgs":[],"series":[],"suggestedReferences":[]},"jetpack_featured_media_url":"https:\/\/teletrabajoynegocios.com\/teletrabajador\/wp-content\/uploads\/sites\/3\/2023\/05\/gente-calle-tiendas.jpg","_links":{"self":[{"href":"https:\/\/teletrabajoynegocios.com\/teletrabajador\/wp-json\/wp\/v2\/posts\/14050","targetHints":{"allow":["GET"]}}],"collection":[{"href":"https:\/\/teletrabajoynegocios.com\/teletrabajador\/wp-json\/wp\/v2\/posts"}],"about":[{"href":"https:\/\/teletrabajoynegocios.com\/teletrabajador\/wp-json\/wp\/v2\/types\/post"}],"author":[{"embeddable":true,"href":"https:\/\/teletrabajoynegocios.com\/teletrabajador\/wp-json\/wp\/v2\/users\/1"}],"replies":[{"embeddable":true,"href":"https:\/\/teletrabajoynegocios.com\/teletrabajador\/wp-json\/wp\/v2\/comments?post=14050"}],"version-history":[{"count":1,"href":"https:\/\/teletrabajoynegocios.com\/teletrabajador\/wp-json\/wp\/v2\/posts\/14050\/revisions"}],"predecessor-version":[{"id":14052,"href":"https:\/\/teletrabajoynegocios.com\/teletrabajador\/wp-json\/wp\/v2\/posts\/14050\/revisions\/14052"}],"wp:featuredmedia":[{"embeddable":true,"href":"https:\/\/teletrabajoynegocios.com\/teletrabajador\/wp-json\/wp\/v2\/media\/14051"}],"wp:attachment":[{"href":"https:\/\/teletrabajoynegocios.com\/teletrabajador\/wp-json\/wp\/v2\/media?parent=14050"}],"wp:term":[{"taxonomy":"category","embeddable":true,"href":"https:\/\/teletrabajoynegocios.com\/teletrabajador\/wp-json\/wp\/v2\/categories?post=14050"},{"taxonomy":"post_tag","embeddable":true,"href":"https:\/\/teletrabajoynegocios.com\/teletrabajador\/wp-json\/wp\/v2\/tags?post=14050"}],"curies":[{"name":"wp","href":"https:\/\/api.w.org\/{rel}","templated":true}]}}