{"id":14326,"date":"2023-06-16T10:36:52","date_gmt":"2023-06-16T08:36:52","guid":{"rendered":"https:\/\/teletrabajoynegocios.com\/teletrabajador\/?p=14326"},"modified":"2023-06-13T09:43:32","modified_gmt":"2023-06-13T07:43:32","slug":"el-negocio-de-ser-tu-crea-una-marca-personal-magnetica-y-monetizable","status":"publish","type":"post","link":"https:\/\/teletrabajoynegocios.com\/teletrabajador\/el-negocio-de-ser-tu-crea-una-marca-personal-magnetica-y-monetizable\/","title":{"rendered":"El Negocio de Ser T\u00fa: Crea una marca personal magn\u00e9tica y monetizable"},"content":{"rendered":"<div id=\"telet-2257330061\" class=\"telet-antes-del-contenido telet-entity-placement\"><a href=\"https:\/\/quaderno.io\/?via=jose-manuel94\" aria-label=\"Quaderno General (Spanish) &#8211; 728&#215;90\"><img loading=\"lazy\" decoding=\"async\" src=\"https:\/\/teletrabajoynegocios.com\/teletrabajador\/wp-content\/uploads\/sites\/3\/2020\/11\/Quaderno-General-Spanish-728x90-1.png\" alt=\"\"  srcset=\"https:\/\/teletrabajoynegocios.com\/teletrabajador\/wp-content\/uploads\/sites\/3\/2020\/11\/Quaderno-General-Spanish-728x90-1.png 728w, https:\/\/teletrabajoynegocios.com\/teletrabajador\/wp-content\/uploads\/sites\/3\/2020\/11\/Quaderno-General-Spanish-728x90-1-300x37.png 300w\" sizes=\"(max-width: 728px) 100vw, 728px\" width=\"728\" height=\"90\"   \/><\/a><\/div><p>Tu marca personal puede cambiar el mundo. \u00a1Y te lo digo por experiencia! La m\u00eda me ha permitido cumplir sue\u00f1os en tiempo r\u00e9cord, mientras ayudo a miles de personas a transformar sus propias vidas.<\/p>\n<p>El crecimiento y progreso de mi marca personal me ha regalado las satisfacciones m\u00e1s grandes de mi vida. \u00a1De eso no me cabe la menor duda!<\/p>\n<p>Pero tambi\u00e9n me ha permitido escalar un negocio muy importante: el de ser yo misma.<\/p>\n<p>S\u00ed, cuando te digo que ser aut\u00e9ntico y real es vital para construir una marca personal magn\u00e9tica y monetizable no estoy exagerando.<\/p>\n<p>Me gustar\u00eda que dejaras atr\u00e1s el miedo, silencies el S\u00edndrome del Impostor que pudiera estar saboteando tu \u00e9xito y te atrevas a impulsar el negocio de ser t\u00fa.<\/p>\n<p>No voy a mentir. Construir una marca capaz de influir en miles de personas me ha tomado a\u00f1os, pero yo no cambiar\u00eda ning\u00fan cap\u00edtulo de esta historia.<\/p>\n<p>Porque todo este tiempo de evoluci\u00f3n, autoconocimiento y aprendizaje, me ha preparado para ayudarte a alcanzar tu propia definici\u00f3n de \u00e9xito con tu marca personal.<\/p>\n<p>La Vilma de ahora tiene una gran misi\u00f3n: Democratizar la educaci\u00f3n y ayudar a millones de emprendedores a trav\u00e9s del conocimiento.<\/p>\n<p>Y para ello me he asegurado de aprender de grandes mentores: \u00a1Ismael Cala es uno de ellos!<\/p>\n<p>Durante la evoluci\u00f3n de mi marca personal he tenido la fortuna de asociarme con Ismael y de aprender de \u00e9l profundamente; y eso me ha ayudado a duplicar mi nivel de influencia.<\/p>\n<p>Juntos queremos cambiar el mundo, y aunque suene un poco fantasioso, quiero que sepas que lo estamos logrando con nuestros negocios y vocaci\u00f3n.<\/p>\n<h2><b>\u00a1Lanza tu marca personal y monet\u00edzala!<\/b><\/h2>\n<p>Si est\u00e1s convencido de que naciste para servir o quieres poner tus talentos al servicio de otros, es momento de lanzar tu marca personal.<\/p>\n<p>Porque ese ser\u00e1 el canal que te permitir\u00e1 ganar autoridad, demostrar experticia, construir credibilidad, confianza y reputaci\u00f3n de marca y posicionarte con \u00e9xito tanto en tu industria, como en la mente de todas esas personas que deseas ayudar e impactar.<\/p>\n<p>Tu marca personal podr\u00eda convertirse en tu negocio m\u00e1s influyente, poderoso y rentable (siempre y cuando te asegures de diversificarla de forma estrat\u00e9gica y desarrolles un plan de negocios que sea estable y escalable).<\/p>\n<h3><b>Dale estructura y formalidad a tu marca personal<\/b><\/h3>\n<p>Las marcas personales necesitan estructura. Es decir, debes trabajar en su branding y en todos sus elementos gr\u00e1ficos.<\/p>\n<p>Piensa en su logotipo e isotipo, as\u00ed como en sus tipograf\u00edas o en su paleta de colores.<\/p>\n<p>\u00bfPor qu\u00e9 te digo esto? En el 2012, despu\u00e9s de dise\u00f1ar yo misma el primer logo de mi marca, pude cerrar mi primer contrato de servicios por 2 500 d\u00f3lares. \u00a1Esa an\u00e9cdota no la olvidar\u00e9 jam\u00e1s!<\/p>\n<p>El logo con el coraz\u00f3n rojo marc\u00f3 un antes y un despu\u00e9s en mi vida y luego con el primer logo de <i>Convierte M\u00e1s<\/i> pude atraer a mis dos primeros socios: Ismael Cala y Nutrillermo.<\/p>\n<p>Lanzar tu marca personal te puede brindar un sinf\u00edn de oportunidades que quiz\u00e1s no imaginaste que pod\u00edas aprovechar.<\/p>\n<p>Por eso me encantar\u00eda que inviertas en la tuya con mucha pasi\u00f3n y sobre todo, con la plena convicci\u00f3n de que te esperan cosas muy buenas.<\/p>\n<p>La Vilma del 2023 no es la misma del 2012 y eso se refleja perfectamente en el logo de mi marca y en toda la l\u00ednea gr\u00e1fica que manejo ahora mismo.<\/p>\n<p>Ser\u00e9 honesta: No conseguir\u00e1s el \u00e9xito con tu marca personal de la noche a la ma\u00f1ana, pero tampoco tienes que esperar a\u00f1os para rentabilizarla.<\/p>\n<p>Ismael y yo queremos ayudarte a acortar la brecha que existe entre el lanzamiento de una marca personal y sus primeros hitos de monetizaci\u00f3n.<\/p>\n<p>Es muy lindo vivir de nuestras pasiones. Pero tambi\u00e9n debemos invertir nuestro tiempo, esfuerzo y conocimientos en acciones que nos permitan tener una mejor calidad de vida y abandonar el modo supervivencia.<\/p>\n<p>Y si tienes un negocio, eres un fundador o quieres emprender tu proyecto so\u00f1ado, tambi\u00e9n queremos evitarte el camino empedrado del ensayo y el error.<\/p>\n<p>Ismael y yo estamos listos para ayudarte a dar ese salto de fe que podr\u00eda cambiar tu vida para siempre.<\/p>\n<p>Queremos ser tus mentores para ayudarte a alcanzar tus objetivos m\u00e1s r\u00e1pido y con una visi\u00f3n m\u00e1s clara.<\/p>\n<p>\u00a1Porque al final no se trata solamente de lo que sabes, sino de lo que haces con lo que sabes! Y nosotros queremos catapultarte al \u00e9xito con una marca personal magn\u00e9tica o un negocio pr\u00f3spero y escalable.<\/p>\n<h2><b>\u00bfC\u00f3mo lanzar una marca personal o impulsar un negocio rentable?<\/b><\/h2>\n<p>Lo primero que quiero decirte es que mi marca personal se ha convertido en mi mejor plan de negocios y marketing.<\/p>\n<p>Este a\u00f1o, la agenda de la marca Vilma ha estado copada de eventos, consultor\u00edas, viajes, negocios, clientes, nuevos contratos y sobre todo, de mucha, pero mucha influencia.<\/p>\n<p>Hablar de este tema me apasiona mucho; por eso te comparto las pr\u00f3ximas l\u00edneas con una emoci\u00f3n tremenda.<\/p>\n<p>Esto es lo que debes hacer para lanzar una marca personal magn\u00e9tica o un negocio rentable:<\/p>\n<h3><b>1. Identifica tus talentos<\/b><\/h3>\n<p>Para vivir de una marca personal magn\u00e9tica necesitas un plan de acci\u00f3n. De lo contrario, avanzar\u00e1s sin rumbo fijo y prolongar\u00e1s tu escalada al \u00e9xito.<\/p>\n<p>Por eso, el punto de partida consiste en identificar tus talentos.<\/p>\n<p>\u00bfQu\u00e9 es eso que se te da muy bien naturalmente? \u00bfEn qu\u00e9 eres bueno? \u00bfC\u00f3mo has impactado la vida de otros a trav\u00e9s de tus palabras, acciones o ejemplos?<\/p>\n<p>Si te apasiona ense\u00f1ar, entonces podr\u00edas construir un negocio o una marca personal que te permita vivir de eso.<\/p>\n<p>Y si te apasiona escribir, hablar, asesorar o mentorear a otros, tambi\u00e9n podr\u00edas convertir esa vocaci\u00f3n en un negocio.<\/p>\n<p>El Negocio de Ser T\u00fa significa serle fiel a lo que eres, a lo que te apasiona y a tu misi\u00f3n de vida.<\/p>\n<p>Para lanzar una marca personal magn\u00e9tica tienes que ser aut\u00e9ntico, real y fiel a ti mismo. Porque debe existir una coherencia entre lo que eres y lo que proyectas.<\/p>\n<h3><b>2. Trabaja en tu posicionamiento\u00a0<\/b><b><\/b><\/h3>\n<p>El posicionamiento est\u00e1 anclado a un conjunto de acciones que te permiten consolidar la imagen de tu marca personal o comercial en la mente de tus clientes.<\/p>\n<p>Ahora mismo hay un sinf\u00edn de marcas personales vinculadas al nicho del humor o del entretenimiento.<\/p>\n<p>Pero no todas tienen el mismo poder de influencia. La raz\u00f3n por la que unas son m\u00e1s populares e influyentes que otras es porque han trabajado muy bien su posicionamiento de marca.<\/p>\n<p>Eso hace que los clientes las recuerden y las elijan, en lugar de elegir otras marcas personales que convergen en la misma industria.<\/p>\n<p>Si quieres que tu negocio o marca personal crezca, florezca y prospere, tienes que invertir y reforzar su posicionamiento.<\/p>\n<h4><b>Audita tu posicionamiento<\/b><\/h4>\n<p>Te invito a auditar el posicionamiento de tu marca personal o comercial con estas preguntas clave:<\/p>\n<ol>\n<li aria-level=\"1\"><strong>\u00bfCu\u00e1l es tu vocaci\u00f3n?<\/strong> La m\u00eda es aprender, hacer y compartir.<\/li>\n<li aria-level=\"1\"><strong>\u00bfA qu\u00e9 te dedicas?<\/strong> \u00bfTu vocaci\u00f3n est\u00e1 alineada con lo que haces? \u00a1Debe existir coherencia entre ellas!<\/li>\n<li aria-level=\"1\"><strong>\u00bfA qui\u00e9n ayudas?<\/strong> Yo ayudo a emprendedores y due\u00f1os de negocios a alcanzar su m\u00e1ximo potencial y a vivir de sus m\u00faltiples talentos.<\/li>\n<li aria-level=\"1\"><strong>\u00bfQu\u00e9 vendes?<\/strong> Yo vendo conocimientos y estrategias.<\/li>\n<\/ol>\n<p>Te garantizo que las respuestas a esas preguntas te permitir\u00e1n auditar el posicionamiento de tu marca de una forma sencilla y efectiva.<\/p>\n<h3><b>3. Profundiza tu negocio o marca personal<\/b><\/h3>\n<p>Si tu marca fuera una persona, \u00bfc\u00f3mo ser\u00edan estas respuestas?:<\/p>\n<ul>\n<li aria-level=\"1\">\n<h4><b>\u00bfC\u00f3mo describes su actitud?<\/b><\/h4>\n<\/li>\n<\/ul>\n<p>Mi liderazgo antiguo no era el mejor, porque mi actitud estaba anclada al miedo.<\/p>\n<p>Por fortuna, hoy soy una mejor l\u00edder gracias a los libros y conocimientos de John Maxwell. \u00c9l me cambi\u00f3 la vida.\u00a0<b><\/b><\/p>\n<ul>\n<li aria-level=\"1\">\n<h4><b>\u00bfCu\u00e1l es su mayor temor?\u00a0<\/b><\/h4>\n<\/li>\n<\/ul>\n<p>Te confesar\u00e9 algo: Cuando empec\u00e9 a monetizar muy bien mi marca personal, mi mayor temor era que el dinero dejara de llegar.<b><\/b><\/p>\n<ul>\n<li aria-level=\"1\">\n<h4><b>\u00bfCu\u00e1l es tu objetivo?<\/b><\/h4>\n<\/li>\n<\/ul>\n<p>El objetivo de mi marca personal (uno de mis negocios m\u00e1s lucrativos y apasionantes), es aumentar mi influencia.<\/p>\n<p>Estoy comprometida con ser cada vez m\u00e1s aut\u00e9ntica y real porque de esa forma ejercer\u00e9 m\u00e1s influencia en los dem\u00e1s.<\/p>\n<ul>\n<li aria-level=\"1\">\n<h4><b>\u00bfCu\u00e1l ser\u00e1 tu estrategia principal?<\/b><\/h4>\n<\/li>\n<\/ul>\n<p>La estrategia que implementar\u00e9 para duplicar mi influencia y alcanzar ese objetivo con mi marca personal ser\u00e1 volver a mis ra\u00edces.<\/p>\n<p>Cuando empec\u00e9 a invertir el 100 % de mi tiempo en mi marca personal, hac\u00eda muchos webinars y lead magnets de alto valor. \u00a1Retomar\u00e9 eso y ayudar\u00e9 a muchos emprendedores en el camino!<\/p>\n<p>Al principio te dije que puedes cambiar el mundo con tu marca personal. \u00bfLo recuerdas?<\/p>\n<p>\u00a1Pues estas son las acciones que nos permiten marcar una verdadera diferencia!<\/p>\n<p>La clave para impulsar una marca personal magn\u00e9tica y monetizable es ser 100 % <i>customer-centric<\/i> y no dejarnos llevar por el egocentrismo.<\/p>\n<p>Yo no quiero escalar la marca de Vilma para satisfacer a mi ego. Mi misi\u00f3n es servir, educar y ayudar a otros, mientras mejoro mi calidad de vida y la de mis seres queridos. \u00a1Porque eso es lo que realmente trasciende e importa!<\/p>\n<h2><b>El plan de negocios de una marca personal<\/b><\/h2>\n<p>Cuando entend\u00ed que mi marca personal era mi mejor plan de marketing y negocios, mi vida cambi\u00f3.<\/p>\n<p>Quiero compartirte el<i> Business Plan<\/i> que he creado para Vilma y que se est\u00e1 manifestando con mucho \u00e9xito durante el 2023:<b><\/b><\/p>\n<h3><b>1. Lanzamiento de tres libros<\/b><b><\/b><\/h3>\n<p>Este a\u00f1o impulsar\u00e9 con fuerza el pilar editorial de mi marca. \u00a1Me propuse lanzar tres libros en el 2023 y s\u00e9 que voy a conseguirlo!<\/p>\n<p>De hecho, falta poco para lanzar un libro autoeditado sobre marca personal e influencia digital.<\/p>\n<p>Tambi\u00e9n lanzar\u00e9 un libro sobre el \u00e9xito y me siento honrada porque estoy recibiendo el mentoring de Charlie Wetzel; el coautor de un centenar de libros de John Maxwell.<\/p>\n<p>Y conjuntamente con mi equipo y varios socios de <i>Convierte M\u00e1s<\/i> lanzaremos un libro de marketing.<\/p>\n<p>\u00a1S\u00e9 que me servir\u00e1 de mucho al momento de abrirme paso en el mundo corporativo!<\/p>\n<h3><b>2. Experiencias y eventos<\/b><b><\/b><\/h3>\n<p>Estoy muy ilusionada por todas las experiencias y eventos que se vienen en los pr\u00f3ximos meses. Haremos cosas geniales y de mucho impacto y valor.<\/p>\n<h3><b>3. Membres\u00eda<\/b><b><\/b><\/h3>\n<p>Hace poco anunci\u00e9 p\u00fablicamente que lanzar\u00e9 una membres\u00eda para CEO y fundadores y que este proyecto lo compartir\u00e9 con mi esposo y socio, Jose Villalobos.<\/p>\n<p>Esta es una l\u00ednea de diversificaci\u00f3n que he postergado por a\u00f1os, porque el S\u00edndrome del Impostor me acechaba con mucha fuerza.<\/p>\n<p>Pero ha llegado el momento de pasar a la acci\u00f3n. Por fin me siento lista para dejar el alma y el coraz\u00f3n en este proyecto y ser\u00e1 un gran honor lanzarlo y verlo crecer al lado de Jose.<\/p>\n<h3><b>4. Consultor\u00edas<\/b><b><\/b><\/h3>\n<p>Las consultor\u00edas me apasionan. Cada a\u00f1o invierto m\u00e1s de seis cifras en mentores y <i>masterminds <\/i>que me permiten crecer y ser una mejor consultora de marketing y negocios.<\/p>\n<p>Y este a\u00f1o no ser\u00e1 la excepci\u00f3n. He trabajado mucho el \u00e1rea de las consultor\u00edas y quiero seguir haci\u00e9ndolo para servir a miles de emprendedores.<\/p>\n<p>El plan de negocios de mi marca personal es m\u00e1s extenso. Pero incluso con estos cuatro pilares de monetizaci\u00f3n que acabo de compartirte podr\u00edas hacerte una idea de su nivel de rentabilidad e influencia.<\/p>\n<p>Te confesar\u00e9 algo m\u00e1s: Mi meta es facturar un mill\u00f3n de d\u00f3lares como <i>speaker<\/i> (y esa es solo una fuente de facturaci\u00f3n de mi marca personal).<\/p>\n<p><a href=\"https:\/\/vilmanunez.com\/\"><em>Vilma N\u00fa\u00f1ez<\/em><\/a><\/p>\n<div id=\"telet-4181339940\" class=\"telet-despues-del-contenido telet-entity-placement\"><a target=\"_blank\" href=\"\/\/aff.lucushost.com\/resources\/click\/?n=gDxoXMAJ&aff=756\"><img decoding=\"async\" border=\"0\" alt=\"LucusHost, el mejor hosting\" src=\"\/\/aff.lucushost.com\/resources\/banners\/?zoneid=5123&n=gDxoXMAJ&aff=756\" \/><\/a><\/div>","protected":false},"excerpt":{"rendered":"<p>Tu marca personal puede cambiar el mundo. \u00a1Y te lo digo por experiencia! La m\u00eda me ha permitido cumplir sue\u00f1os en tiempo r\u00e9cord, mientras ayudo a miles de personas a&hellip; <\/p>\n","protected":false},"author":1,"featured_media":14327,"comment_status":"open","ping_status":"open","sticky":false,"template":"","format":"standard","meta":{"footnotes":"","_links_to":"","_links_to_target":""},"categories":[6],"tags":[20,19],"class_list":["post-14326","post","type-post","status-publish","format-standard","has-post-thumbnail","hentry","category-marca-personal","tag-fuprisa","tag-jose-manuel-fuentes-prieto"],"nelio_content":{"autoShareEndMode":"never","automationSources":{"useCustomSentences":false,"customSentences":[]},"efiAlt":"","efiUrl":"","followers":[1],"highlights":[],"isAutoShareEnabled":true,"networkImageIds":[],"permalinkQueryArgs":[],"series":[],"suggestedReferences":[]},"jetpack_featured_media_url":"https:\/\/teletrabajoynegocios.com\/teletrabajador\/wp-content\/uploads\/sites\/3\/2023\/06\/Turismo-apto-viajero.jpg","_links":{"self":[{"href":"https:\/\/teletrabajoynegocios.com\/teletrabajador\/wp-json\/wp\/v2\/posts\/14326","targetHints":{"allow":["GET"]}}],"collection":[{"href":"https:\/\/teletrabajoynegocios.com\/teletrabajador\/wp-json\/wp\/v2\/posts"}],"about":[{"href":"https:\/\/teletrabajoynegocios.com\/teletrabajador\/wp-json\/wp\/v2\/types\/post"}],"author":[{"embeddable":true,"href":"https:\/\/teletrabajoynegocios.com\/teletrabajador\/wp-json\/wp\/v2\/users\/1"}],"replies":[{"embeddable":true,"href":"https:\/\/teletrabajoynegocios.com\/teletrabajador\/wp-json\/wp\/v2\/comments?post=14326"}],"version-history":[{"count":1,"href":"https:\/\/teletrabajoynegocios.com\/teletrabajador\/wp-json\/wp\/v2\/posts\/14326\/revisions"}],"predecessor-version":[{"id":14328,"href":"https:\/\/teletrabajoynegocios.com\/teletrabajador\/wp-json\/wp\/v2\/posts\/14326\/revisions\/14328"}],"wp:featuredmedia":[{"embeddable":true,"href":"https:\/\/teletrabajoynegocios.com\/teletrabajador\/wp-json\/wp\/v2\/media\/14327"}],"wp:attachment":[{"href":"https:\/\/teletrabajoynegocios.com\/teletrabajador\/wp-json\/wp\/v2\/media?parent=14326"}],"wp:term":[{"taxonomy":"category","embeddable":true,"href":"https:\/\/teletrabajoynegocios.com\/teletrabajador\/wp-json\/wp\/v2\/categories?post=14326"},{"taxonomy":"post_tag","embeddable":true,"href":"https:\/\/teletrabajoynegocios.com\/teletrabajador\/wp-json\/wp\/v2\/tags?post=14326"}],"curies":[{"name":"wp","href":"https:\/\/api.w.org\/{rel}","templated":true}]}}