{"id":15363,"date":"2023-12-27T13:02:10","date_gmt":"2023-12-27T12:02:10","guid":{"rendered":"https:\/\/teletrabajoynegocios.com\/teletrabajador\/?p=15363"},"modified":"2023-12-27T13:02:10","modified_gmt":"2023-12-27T12:02:10","slug":"tribus-dime-con-quien-andas","status":"publish","type":"post","link":"https:\/\/teletrabajoynegocios.com\/teletrabajador\/tribus-dime-con-quien-andas\/","title":{"rendered":"Tribus. Dime con qui\u00e9n andas"},"content":{"rendered":"<div id=\"telet-157305220\" class=\"telet-antes-del-contenido telet-entity-placement\"><a href=\"https:\/\/quaderno.io\/?via=jose-manuel94\" aria-label=\"Quaderno General (Spanish) &#8211; 728&#215;90\"><img loading=\"lazy\" decoding=\"async\" src=\"https:\/\/teletrabajoynegocios.com\/teletrabajador\/wp-content\/uploads\/sites\/3\/2020\/11\/Quaderno-General-Spanish-728x90-1.png\" alt=\"\"  srcset=\"https:\/\/teletrabajoynegocios.com\/teletrabajador\/wp-content\/uploads\/sites\/3\/2020\/11\/Quaderno-General-Spanish-728x90-1.png 728w, https:\/\/teletrabajoynegocios.com\/teletrabajador\/wp-content\/uploads\/sites\/3\/2020\/11\/Quaderno-General-Spanish-728x90-1-300x37.png 300w\" sizes=\"(max-width: 728px) 100vw, 728px\" width=\"728\" height=\"90\"   \/><\/a><\/div><p>Cuando se habla de Marca Personal hay un aspecto que no se suele tener muy en cuenta, pero que tiene su influencia. Me refiero a lo que yo denomino TRIBUS y que se refiere a aquellos con los que nos juntamos y con los que nos asocian.<\/p>\n<p>Si eres un alto directivo en una gran empresa, pero los fines de semana te pones tu chupa de cuero, te vas con tus colegas moteros y lo muestras en tus redes, est\u00e1s lanzando un mensaje. Eres m\u00e1s moderno, un rebelde, un ejecutivo entre semana y un tipo enrollado en tus momentos de ocio.<\/p>\n<p>Puedes juntarte con frikis de La guerra de las galaxias, con aficionados al p\u00e1del o con voluntarios en actividades solidarias. Cada uno de esos grupos est\u00e1 reforzando tu identidad.<\/p>\n<h4 class=\"wp-block-heading\">Coger algo de la esencia de los otros<\/h4>\n<p>En redes es muy habitual compartir las fotos que nos hacemos con aquellos con los que realizamos algunas actividades, asistimos a eventos o nos juntamos para pasar un buen rato. Esas im\u00e1genes pueden tener m\u00e1s impacto que una l\u00ednea en un curr\u00edculo. Especialmente si se utilizan con frecuencia.<\/p>\n<p>Si esa persona con la que aparecemos en una foto es alguien \u00abimportante\u00bb en tu sector, entonces es como si estuvi\u00e9semos absorbiendo algo de su carisma o de su relevancia. Est\u00e1 relacionado con lo que los psic\u00f3logos denominan <a href=\"https:\/\/es.wikipedia.org\/wiki\/Efecto_halo\" target=\"_blank\" rel=\"noreferrer noopener\">Efecto halo<\/a>. Deducimos que si esa persona est\u00e1 con un grupo de gente reconocida y reconocible, entonces algo tendr\u00e1, por algo ser\u00e1.<\/p>\n<p>Es el cl\u00e1sico, \u00abdime con qui\u00e9n andas y te dir\u00e9 quien eres\u00bb. Por eso hay ciertas profesiones en las que \u00abdebes estar\u00bb en determinados sitios y realizar ciertas actividades\u2026 y contarlo, por supuesto.<\/p>\n<h4 class=\"wp-block-heading\">No es s\u00f3lo para famosos<\/h4>\n<p>Desde que empec\u00e9 a trabajar en empresas y hasta que me convert\u00ed en Profesional Libre, vi como r\u00e1pidamente se establece una jerarqu\u00eda, una especie de clases sociales en el ecosistema de las organizaciones.<\/p>\n<p>No me refiero al organigrama o a los cargos que aparecen en las tarjetas de visita, es algo m\u00e1s sutil, pero posiblemente mucho m\u00e1s efectivo. Se trata del lugar en el que se coloca cada cual.<\/p>\n<p>En las empresas ves como hay personas que, al poco tiempo de entrar, saben colocarse. Se relacionan bien con los que mandan y pronto forman parte de la tribu de los influyentes.<\/p>\n<p>Hay otros que prefieren juntarse con colegas menos importantes, pero con los que se lo pasa bien, van a comer juntos al bar de al lado o quedan los domingos por la ma\u00f1ana a echar un partido de futbito.<\/p>\n<p>Quiz\u00e1s ambos est\u00e1n igual de cualificados, pero uno de ellos tendr\u00e1 una progresi\u00f3n m\u00e1s r\u00e1pida que el otro.<\/p>\n<h4 class=\"wp-block-heading\">Tu tribu forma parte de tu envoltorio<\/h4>\n<p>S\u00e9 que esto suena fatal, pero en mi modelo de Estrategia Personal, el factor TRIBU lo inclu\u00ed, desde el primer momento, en el grupo de cuestiones relacionadas con la Presencia, es decir, con todo lo relacionado con la imagen como el Aspecto, las fotos o los v\u00eddeos que compartimos, los documentos de presentaci\u00f3n como el curr\u00edculo o el \u00abportfolio\u00bb o los colores, las fuentes o los logos que ponemos en nuestras plataformas de Internet.<\/p>\n<p>La mayor\u00eda ni nos planteamos con quien vamos porque nos juntamos con quienes nos apetece. Pero hay personas que se empe\u00f1a en estar con qui\u00e9n m\u00e1s le conviene para alcanzar sus objetivos. No me refiero a lo que puedan obtener de ellos (contactos, financiaci\u00f3n, informaci\u00f3n,\u2026) sino al efecto que el prestigio de otros pueden tener en ellos.<\/p>\n<p>En muchas pel\u00edculas hemos visto personajes que consiguen medrar por estar con quien les conviene. Aunque tambi\u00e9n hemos visto como su vida queda asociada con aquellos y si ese grupo cae en desgracia y no ha saltado a otro con tiempo suficiente, puede verse arrastrado con ellos.<\/p>\n<p>Como te digo, este es un asunto que puede sonar raro o manipulador, pero no por ello deja de existir. Creo que muchos lo hemos vivido, sufrido y quiz\u00e1s algunos, disfrutado. Lo importante es saber que tiene su influencia en tu Estrategia Personal y hay que saber manejarlo.<\/p>\n<p><a href=\"https:\/\/www.andresperezortega.com\"><em>Andres Perez Ortega<\/em><\/a><\/p>\n<div id=\"telet-1846040163\" class=\"telet-despues-del-contenido telet-entity-placement\"><a target=\"_blank\" href=\"\/\/aff.lucushost.com\/resources\/click\/?n=gDxoXMAJ&aff=756\"><img decoding=\"async\" border=\"0\" alt=\"LucusHost, el mejor hosting\" src=\"\/\/aff.lucushost.com\/resources\/banners\/?zoneid=5123&n=gDxoXMAJ&aff=756\" \/><\/a><\/div>","protected":false},"excerpt":{"rendered":"<p>Cuando se habla de Marca Personal hay un aspecto que no se suele tener muy en cuenta, pero que tiene su influencia. Me refiero a lo que yo denomino TRIBUS&hellip; <\/p>\n","protected":false},"author":1,"featured_media":15364,"comment_status":"open","ping_status":"open","sticky":false,"template":"","format":"standard","meta":{"footnotes":"","_links_to":"","_links_to_target":""},"categories":[6],"tags":[20,19],"class_list":["post-15363","post","type-post","status-publish","format-standard","has-post-thumbnail","hentry","category-marca-personal","tag-fuprisa","tag-jose-manuel-fuentes-prieto"],"nelio_content":{"autoShareEndMode":"never","automationSources":{"useCustomSentences":false,"customSentences":[]},"efiAlt":"","efiUrl":"","followers":[1],"highlights":[],"isAutoShareEnabled":true,"networkImageIds":[],"permalinkQueryArgs":[],"series":[],"suggestedReferences":[]},"jetpack_featured_media_url":"https:\/\/teletrabajoynegocios.com\/teletrabajador\/wp-content\/uploads\/sites\/3\/2023\/12\/companeros-sonriendo-pc.jpg","_links":{"self":[{"href":"https:\/\/teletrabajoynegocios.com\/teletrabajador\/wp-json\/wp\/v2\/posts\/15363","targetHints":{"allow":["GET"]}}],"collection":[{"href":"https:\/\/teletrabajoynegocios.com\/teletrabajador\/wp-json\/wp\/v2\/posts"}],"about":[{"href":"https:\/\/teletrabajoynegocios.com\/teletrabajador\/wp-json\/wp\/v2\/types\/post"}],"author":[{"embeddable":true,"href":"https:\/\/teletrabajoynegocios.com\/teletrabajador\/wp-json\/wp\/v2\/users\/1"}],"replies":[{"embeddable":true,"href":"https:\/\/teletrabajoynegocios.com\/teletrabajador\/wp-json\/wp\/v2\/comments?post=15363"}],"version-history":[{"count":1,"href":"https:\/\/teletrabajoynegocios.com\/teletrabajador\/wp-json\/wp\/v2\/posts\/15363\/revisions"}],"predecessor-version":[{"id":15365,"href":"https:\/\/teletrabajoynegocios.com\/teletrabajador\/wp-json\/wp\/v2\/posts\/15363\/revisions\/15365"}],"wp:featuredmedia":[{"embeddable":true,"href":"https:\/\/teletrabajoynegocios.com\/teletrabajador\/wp-json\/wp\/v2\/media\/15364"}],"wp:attachment":[{"href":"https:\/\/teletrabajoynegocios.com\/teletrabajador\/wp-json\/wp\/v2\/media?parent=15363"}],"wp:term":[{"taxonomy":"category","embeddable":true,"href":"https:\/\/teletrabajoynegocios.com\/teletrabajador\/wp-json\/wp\/v2\/categories?post=15363"},{"taxonomy":"post_tag","embeddable":true,"href":"https:\/\/teletrabajoynegocios.com\/teletrabajador\/wp-json\/wp\/v2\/tags?post=15363"}],"curies":[{"name":"wp","href":"https:\/\/api.w.org\/{rel}","templated":true}]}}