{"id":15366,"date":"2023-12-28T11:02:58","date_gmt":"2023-12-28T10:02:58","guid":{"rendered":"https:\/\/teletrabajoynegocios.com\/teletrabajador\/?p=15366"},"modified":"2023-12-27T13:12:02","modified_gmt":"2023-12-27T12:12:02","slug":"sin-empatia-no-hay-solidaridad-y-no-se-pueden-solucionar-los-problemas-rethink-the-game","status":"publish","type":"post","link":"https:\/\/teletrabajoynegocios.com\/teletrabajador\/sin-empatia-no-hay-solidaridad-y-no-se-pueden-solucionar-los-problemas-rethink-the-game\/","title":{"rendered":"Sin empat\u00eda no hay solidaridad y no se pueden solucionar los problemas&#8230; Rethink the game"},"content":{"rendered":"<div id=\"telet-4105265417\" class=\"telet-antes-del-contenido telet-entity-placement\"><a href=\"https:\/\/quaderno.io\/?via=jose-manuel94\" aria-label=\"Quaderno General (Spanish) &#8211; 728&#215;90\"><img loading=\"lazy\" decoding=\"async\" src=\"https:\/\/teletrabajoynegocios.com\/teletrabajador\/wp-content\/uploads\/sites\/3\/2020\/11\/Quaderno-General-Spanish-728x90-1.png\" alt=\"\"  srcset=\"https:\/\/teletrabajoynegocios.com\/teletrabajador\/wp-content\/uploads\/sites\/3\/2020\/11\/Quaderno-General-Spanish-728x90-1.png 728w, https:\/\/teletrabajoynegocios.com\/teletrabajador\/wp-content\/uploads\/sites\/3\/2020\/11\/Quaderno-General-Spanish-728x90-1-300x37.png 300w\" sizes=\"(max-width: 728px) 100vw, 728px\" width=\"728\" height=\"90\"   \/><\/a><\/div><div class=\"prose_prose__d7bcC default_col-1__o8qlH default_content___ctRp\">\n<p>La <strong>empat\u00eda<\/strong> es la capacidad de comprender y compartir los sentimientos de otra persona. Se considera una herramienta fundamental para la solidaridad y la construcci\u00f3n de conexiones significativas entre individuos y comunidades. Estos son algunos de los aspectos clave sobre la empat\u00eda como <strong>herramienta de solidaridad<\/strong>:<\/p>\n<p><strong>Conexi\u00f3n emocional:<\/strong> La empat\u00eda fomenta una conexi\u00f3n emocional entre las personas al permitirles comprender las experiencias y sentimientos de los dem\u00e1s. Esto es fundamental para construir relaciones s\u00f3lidas y solidarias.<\/p>\n<p><iframe loading=\"lazy\" title=\"&quot;El futuro que nos mueve&quot; - Empat\u00eda (Ep.9)\" width=\"1110\" height=\"624\" src=\"https:\/\/www.youtube.com\/embed\/cfCQhtbCVhY?feature=oembed\" frameborder=\"0\" allow=\"accelerometer; autoplay; clipboard-write; encrypted-media; gyroscope; picture-in-picture; web-share\" allowfullscreen><\/iframe><\/p>\n<p><strong>Promoci\u00f3n de la comprensi\u00f3n:<\/strong> Al ponerse en el lugar de otra persona, se desarrolla una comprensi\u00f3n m\u00e1s profunda de sus desaf\u00edos, luchas y alegr\u00edas. Esta comprensi\u00f3n es esencial para ofrecer apoyo significativo y solidario.<\/p>\n<p><strong>Reducci\u00f3n de la discriminaci\u00f3n: <\/strong>La empat\u00eda puede ayudar a reducir la discriminaci\u00f3n y el prejuicio al permitir que las personas vean m\u00e1s all\u00e1 de las diferencias superficiales y comprendan las experiencias \u00fanicas de los dem\u00e1s.<\/p>\n<p><strong>Generaci\u00f3n de compasi\u00f3n:<\/strong> La empat\u00eda lleva a la generaci\u00f3n de compasi\u00f3n, lo que puede traducirse en acciones solidarias. Comprender los desaf\u00edos de los dem\u00e1s motiva a las personas a ayudar y apoyar en lugar de juzgar.<\/p>\n<p><strong>Fortalecimiento de comunidades:<\/strong> En comunidades donde la empat\u00eda es valorada, se construyen lazos m\u00e1s fuertes entre los miembros. Las personas tienden a colaborar y trabajar juntas para abordar problemas comunes y apoyarse mutuamente.<\/p>\n<p><strong>Resoluci\u00f3n de conflictos<\/strong>: La empat\u00eda tambi\u00e9n es una herramienta valiosa para la resoluci\u00f3n de conflictos. Al comprender los sentimientos y perspectivas de todas las partes involucradas, se pueden encontrar soluciones m\u00e1s equitativas y satisfactorias.<\/p>\n<p><strong>Cambio social: <\/strong>La empat\u00eda puede ser un motor para el cambio social. Al comprender las injusticias y desaf\u00edos que enfrentan otras personas, aquellos que son emp\u00e1ticos a menudo se convierten en defensores de cambios positivos y equitativos.<\/p>\n<p>Dale al <em>play<\/em> y disfruta de esta nueva e interesante entrega de <a title=\"El futuro que nos mueve, by BMW Group Espa\u00f1a\" href=\"https:\/\/www.businessinsider.es\/jovenes-no-tienen-valores-verdad-rethink-game-1308050\">&#8216;El futuro que nos mueve&#8217; <\/a>\u2013la iniciativa impulsada por <strong>BMW Group Espa\u00f1a<\/strong> para lanzar un mensaje de confianza y esperanza con respecto de los j\u00f3venes\u2013 en la que <strong>Marta Ib\u00e1\u00f1ez<\/strong>, investigadora en la <strong>Fundaci\u00f3n CRIS<\/strong> contra el c\u00e1ncer, y <strong>Guillermo Mart\u00ednez<\/strong>, fundador de <strong>Ay\u00fadame3D<\/strong> \u2013entidad espa\u00f1ola que dise\u00f1a, fabrica y entrega tr\u00e9sdesis (brazos impresos en 3D), conversan acerca de la<strong> empat\u00eda <\/strong>como base de la tecnolog\u00eda y de la resoluci\u00f3n de problemas.<\/p>\n<\/div>\n<p><a href=\"https:\/\/www.businessinsider.es\"><em>Business Solutions en colaboraci\u00f3n con BMW Group<\/em><\/a><\/p>\n<div id=\"telet-42281645\" class=\"telet-despues-del-contenido telet-entity-placement\"><a target=\"_blank\" href=\"\/\/aff.lucushost.com\/resources\/click\/?n=gDxoXMAJ&aff=756\"><img decoding=\"async\" border=\"0\" alt=\"LucusHost, el mejor hosting\" src=\"\/\/aff.lucushost.com\/resources\/banners\/?zoneid=5123&n=gDxoXMAJ&aff=756\" \/><\/a><\/div>","protected":false},"excerpt":{"rendered":"<p>La empat\u00eda es la capacidad de comprender y compartir los sentimientos de otra persona. Se considera una herramienta fundamental para la solidaridad y la construcci\u00f3n de conexiones significativas entre individuos&hellip; <\/p>\n","protected":false},"author":1,"featured_media":15367,"comment_status":"open","ping_status":"open","sticky":false,"template":"","format":"standard","meta":{"footnotes":"","_links_to":"","_links_to_target":""},"categories":[4],"tags":[20,19],"class_list":["post-15366","post","type-post","status-publish","format-standard","has-post-thumbnail","hentry","category-coaching","tag-fuprisa","tag-jose-manuel-fuentes-prieto"],"nelio_content":{"autoShareEndMode":"never","automationSources":{"useCustomSentences":false,"customSentences":[]},"efiAlt":"","efiUrl":"","followers":[1],"highlights":[],"isAutoShareEnabled":true,"networkImageIds":[],"permalinkQueryArgs":[],"series":[],"suggestedReferences":[]},"jetpack_featured_media_url":"https:\/\/teletrabajoynegocios.com\/teletrabajador\/wp-content\/uploads\/sites\/3\/2023\/12\/musico-sofa.jpg","_links":{"self":[{"href":"https:\/\/teletrabajoynegocios.com\/teletrabajador\/wp-json\/wp\/v2\/posts\/15366","targetHints":{"allow":["GET"]}}],"collection":[{"href":"https:\/\/teletrabajoynegocios.com\/teletrabajador\/wp-json\/wp\/v2\/posts"}],"about":[{"href":"https:\/\/teletrabajoynegocios.com\/teletrabajador\/wp-json\/wp\/v2\/types\/post"}],"author":[{"embeddable":true,"href":"https:\/\/teletrabajoynegocios.com\/teletrabajador\/wp-json\/wp\/v2\/users\/1"}],"replies":[{"embeddable":true,"href":"https:\/\/teletrabajoynegocios.com\/teletrabajador\/wp-json\/wp\/v2\/comments?post=15366"}],"version-history":[{"count":1,"href":"https:\/\/teletrabajoynegocios.com\/teletrabajador\/wp-json\/wp\/v2\/posts\/15366\/revisions"}],"predecessor-version":[{"id":15368,"href":"https:\/\/teletrabajoynegocios.com\/teletrabajador\/wp-json\/wp\/v2\/posts\/15366\/revisions\/15368"}],"wp:featuredmedia":[{"embeddable":true,"href":"https:\/\/teletrabajoynegocios.com\/teletrabajador\/wp-json\/wp\/v2\/media\/15367"}],"wp:attachment":[{"href":"https:\/\/teletrabajoynegocios.com\/teletrabajador\/wp-json\/wp\/v2\/media?parent=15366"}],"wp:term":[{"taxonomy":"category","embeddable":true,"href":"https:\/\/teletrabajoynegocios.com\/teletrabajador\/wp-json\/wp\/v2\/categories?post=15366"},{"taxonomy":"post_tag","embeddable":true,"href":"https:\/\/teletrabajoynegocios.com\/teletrabajador\/wp-json\/wp\/v2\/tags?post=15366"}],"curies":[{"name":"wp","href":"https:\/\/api.w.org\/{rel}","templated":true}]}}