{"id":3846,"date":"2021-04-09T11:19:22","date_gmt":"2021-04-09T09:19:22","guid":{"rendered":"https:\/\/teletrabajoynegocios.com\/teletrabajador\/?p=3846"},"modified":"2021-05-27T09:52:10","modified_gmt":"2021-05-27T07:52:10","slug":"3-cosas-que-siempre-hago-para-terminar-bien-mi-dia-de-trabajo","status":"publish","type":"post","link":"https:\/\/teletrabajoynegocios.com\/teletrabajador\/3-cosas-que-siempre-hago-para-terminar-bien-mi-dia-de-trabajo\/","title":{"rendered":"3 COSAS QUE SIEMPRE HAGO PARA TERMINAR BIEN MI D\u00cdA DE TRABAJO"},"content":{"rendered":"<div id=\"telet-3467570438\" class=\"telet-antes-del-contenido telet-entity-placement\"><a href=\"https:\/\/quaderno.io\/?via=jose-manuel94\" aria-label=\"Quaderno General (Spanish) &#8211; 728&#215;90\"><img loading=\"lazy\" decoding=\"async\" src=\"https:\/\/teletrabajoynegocios.com\/teletrabajador\/wp-content\/uploads\/sites\/3\/2020\/11\/Quaderno-General-Spanish-728x90-1.png\" alt=\"\"  srcset=\"https:\/\/teletrabajoynegocios.com\/teletrabajador\/wp-content\/uploads\/sites\/3\/2020\/11\/Quaderno-General-Spanish-728x90-1.png 728w, https:\/\/teletrabajoynegocios.com\/teletrabajador\/wp-content\/uploads\/sites\/3\/2020\/11\/Quaderno-General-Spanish-728x90-1-300x37.png 300w\" sizes=\"(max-width: 728px) 100vw, 728px\" width=\"728\" height=\"90\"   \/><\/a><\/div><p>Al hablar de Gesti\u00f3n Personal yo siempre insisto en la importancia de cuidar el inicio del d\u00eda. Y es as\u00ed. Es la clave de todo lo que pasa despu\u00e9s. Pero cada vez m\u00e1s le doy m\u00e1s importancia a c\u00f3mo termino el d\u00eda. Para m\u00ed el \u00e9xito de cada d\u00eda empieza a forjarse el d\u00eda anterior. Por eso cada vez cuido m\u00e1s mi ritual al terminar el d\u00eda. Te cuento c\u00f3mo lo hago.<br \/>\n<span id=\"more-11618\"><\/span><\/p>\n<h3>Recojo y limpio mi zona de trabajo<\/h3>\n<p>Una vez hechas todas las cosas que tienen que ver con la&nbsp;<a class=\"broken_link\" href=\"https:\/\/thinkwasabi.com\/2012\/11\/tres-pasos-esenciales-antes-de-construir-mi-dia\/\">planificaci\u00f3n de ma\u00f1ana<\/a>, recojo y ordeno mi zona de trabajo. Empiezo por el Escritorio de mi ordenador para luego pasar a mi mesa de trabajo. Tiro, clasifico o guardo papeles, bol\u00edgrafos y todo el material utilizado durante el d\u00eda. De esta forma intento borrar todo rastro de actividad para que ma\u00f1ana me encuentre un entorno limpio y ordenado. Es mi forma de \u00abresetear\u00bb todo rastro del d\u00eda.<\/p>\n<hr>\n<p><img decoding=\"async\" src=\"https:\/\/teletrabajoynegocios.com\/teletrabajador\/wp-content\/uploads\/sites\/3\/2020\/07\/articulos.png\"><\/p>\n<p>[wp-rss-aggregator]<\/p>\n<hr>\n<h3>\u00abSaboreo\u00bb el trabajo hecho hoy<\/h3>\n<p>Una parte esencial de la Revisi\u00f3n diaria que hago es pararme a ver lo que he conseguido con mi esfuerzo. Repaso todo lo completado y me paro a ser m\u00e1s consciente y saborear lo que he conseguido. No es que todos los d\u00edas haga grandes cosas, pero s\u00ed lo son para m\u00ed y mis proyectos. Reconocer lo conseguido es hacer a mi esfuerzo, tomar conciencia de los avances, y medir mejor lo que voy o no voy a hacer ma\u00f1ana.<\/p>\n<p>Reconozco que en este aspecto soy una persona poco com\u00fan. Pero todo esto me ayuda a trabajar de un modo m\u00e1s inteligente ma\u00f1ana. Me niego cerrar el d\u00eda sin m\u00e1s, o a \u00abtrabajar sobre ra\u00edles\u00bb, terminando cada d\u00eda como si tuviera que tachar fechas en un calendario, como si de una condena se tratase.<\/p>\n<p class=\"cita\">Terminar bien hoy es la clave para empezar mejor ma\u00f1ana.<\/p>\n<h3>Pulso el bot\u00f3n de \u00abmodo descanso\u00bb<\/h3>\n<p>Cada vez me tomo m\u00e1s y m\u00e1s en serio mi tiempo de ocio. Si tras terminar mi trabajo voy a dar un paseo, leer un libro o ver una pel\u00edcula, voy a hacer&nbsp;<em>justamente eso<\/em>. No otra cosa. Lo primero que hago (y no por repetido deja de tener relevancia) es desconectar todo lo que puedo.<\/p>\n<p>Hay dos gestos que destaco:<\/p>\n<ul>\n<li>NUNCA leo el Email a partir de cierta hora (despu\u00e9s de haber planificado). Por dos motivos: 1) ver\u00eda correos (temas, asuntos) que no podr\u00e9 resolver hasta ma\u00f1ana; 2) me calentar\u00edan la cabeza y no me dejar\u00e1n desconectar-dormir, con lo que estar\u00eda cansado para precisamente resolver esos problemas.<\/li>\n<li>SIEMPRE leo algo que me inspire y eleve mi \u00e1nimo. Puede ser un cap\u00edtulo o un pasaje de un libro, una cita inspiradora, una entrada de Wikipedia con alguna semblanza relevante, una historia con fondo y significado para m\u00ed\u2026 Soy una persona pobre en muchos aspectos y necesito alimentarme del conocimiento y experiencia de otros.<\/li>\n<\/ul>\n<p>Si ma\u00f1ana me levanto con ganas de conseguir y construir, estoy seguro que en buena parte ser\u00e1 por lo que he hecho y le\u00eddo hoy al terminar.<\/p>\n<p>Como ves son cosas que no requieren gran esfuerzo, f\u00e1ciles de hacer y de repetir. Y precisamente porque son sencillas funcionan. Instintivamente me preparan para el esfuerzo de ma\u00f1ana. Si lo he hecho bien, ma\u00f1ana quiero hacerlo mejor. Y si hoy lo hecho mal, ma\u00f1ana puedo hacerlo mejor.<\/p>\n<p>En Gesti\u00f3n Personal no todo va de listas de tareas y objetivos. Muchas veces las peque\u00f1as rutinas y rituales tambi\u00e9n hacen su parte. No las subestimes como hice yo durante muchos a\u00f1os.<\/p>\n<p><a href=\"https:\/\/thinkwasabi.com\/\"><em>Art\u00edculo escrito por Berto Pena.<\/em><\/a><\/p>\n<div id=\"telet-95868946\" class=\"telet-despues-del-contenido telet-entity-placement\"><a target=\"_blank\" href=\"\/\/aff.lucushost.com\/resources\/click\/?n=gDxoXMAJ&aff=756\"><img decoding=\"async\" border=\"0\" alt=\"LucusHost, el mejor hosting\" src=\"\/\/aff.lucushost.com\/resources\/banners\/?zoneid=5123&n=gDxoXMAJ&aff=756\" \/><\/a><\/div>","protected":false},"excerpt":{"rendered":"<p>Al hablar de Gesti\u00f3n Personal yo siempre insisto en la importancia de cuidar el inicio del d\u00eda. Y es as\u00ed. Es la clave de todo lo que pasa despu\u00e9s. Pero&hellip; <\/p>\n","protected":false},"author":1,"featured_media":3847,"comment_status":"open","ping_status":"open","sticky":false,"template":"","format":"standard","meta":{"footnotes":"","_links_to":"","_links_to_target":""},"categories":[17],"tags":[20,19],"class_list":["post-3846","post","type-post","status-publish","format-standard","has-post-thumbnail","hentry","category-organizacion","tag-fuprisa","tag-jose-manuel-fuentes-prieto"],"nelio_content":{"autoShareEndMode":"never","automationSources":{"useCustomSentences":false,"customSentences":[]},"efiAlt":"","efiUrl":"","followers":[1],"highlights":[],"isAutoShareEnabled":true,"networkImageIds":[],"permalinkQueryArgs":[],"series":[],"suggestedReferences":[]},"jetpack_featured_media_url":"https:\/\/teletrabajoynegocios.com\/teletrabajador\/wp-content\/uploads\/sites\/3\/2021\/04\/mujer-teletrabajadora.jpg","_links":{"self":[{"href":"https:\/\/teletrabajoynegocios.com\/teletrabajador\/wp-json\/wp\/v2\/posts\/3846","targetHints":{"allow":["GET"]}}],"collection":[{"href":"https:\/\/teletrabajoynegocios.com\/teletrabajador\/wp-json\/wp\/v2\/posts"}],"about":[{"href":"https:\/\/teletrabajoynegocios.com\/teletrabajador\/wp-json\/wp\/v2\/types\/post"}],"author":[{"embeddable":true,"href":"https:\/\/teletrabajoynegocios.com\/teletrabajador\/wp-json\/wp\/v2\/users\/1"}],"replies":[{"embeddable":true,"href":"https:\/\/teletrabajoynegocios.com\/teletrabajador\/wp-json\/wp\/v2\/comments?post=3846"}],"version-history":[{"count":2,"href":"https:\/\/teletrabajoynegocios.com\/teletrabajador\/wp-json\/wp\/v2\/posts\/3846\/revisions"}],"predecessor-version":[{"id":3850,"href":"https:\/\/teletrabajoynegocios.com\/teletrabajador\/wp-json\/wp\/v2\/posts\/3846\/revisions\/3850"}],"wp:featuredmedia":[{"embeddable":true,"href":"https:\/\/teletrabajoynegocios.com\/teletrabajador\/wp-json\/wp\/v2\/media\/3847"}],"wp:attachment":[{"href":"https:\/\/teletrabajoynegocios.com\/teletrabajador\/wp-json\/wp\/v2\/media?parent=3846"}],"wp:term":[{"taxonomy":"category","embeddable":true,"href":"https:\/\/teletrabajoynegocios.com\/teletrabajador\/wp-json\/wp\/v2\/categories?post=3846"},{"taxonomy":"post_tag","embeddable":true,"href":"https:\/\/teletrabajoynegocios.com\/teletrabajador\/wp-json\/wp\/v2\/tags?post=3846"}],"curies":[{"name":"wp","href":"https:\/\/api.w.org\/{rel}","templated":true}]}}