{"id":4156,"date":"2021-05-13T10:34:37","date_gmt":"2021-05-13T08:34:37","guid":{"rendered":"https:\/\/teletrabajoynegocios.com\/teletrabajador\/?p=4156"},"modified":"2021-05-12T10:37:56","modified_gmt":"2021-05-12T08:37:56","slug":"el-mejor-momento-no-existe","status":"publish","type":"post","link":"https:\/\/teletrabajoynegocios.com\/teletrabajador\/el-mejor-momento-no-existe\/","title":{"rendered":"El mejor momento no existe"},"content":{"rendered":"<div id=\"telet-931301021\" class=\"telet-antes-del-contenido telet-entity-placement\"><a href=\"https:\/\/quaderno.io\/?via=jose-manuel94\" aria-label=\"Quaderno General (Spanish) &#8211; 728&#215;90\"><img loading=\"lazy\" decoding=\"async\" src=\"https:\/\/teletrabajoynegocios.com\/teletrabajador\/wp-content\/uploads\/sites\/3\/2020\/11\/Quaderno-General-Spanish-728x90-1.png\" alt=\"\"  srcset=\"https:\/\/teletrabajoynegocios.com\/teletrabajador\/wp-content\/uploads\/sites\/3\/2020\/11\/Quaderno-General-Spanish-728x90-1.png 728w, https:\/\/teletrabajoynegocios.com\/teletrabajador\/wp-content\/uploads\/sites\/3\/2020\/11\/Quaderno-General-Spanish-728x90-1-300x37.png 300w\" sizes=\"(max-width: 728px) 100vw, 728px\" width=\"728\" height=\"90\"   \/><\/a><\/div><p>Si eres de los que se queda parado esperando que pase algo, que llegue el momento ideal para hacer eso que llevas tanto tiempo esperando hacer, tenemos algo que decirte:&nbsp;<strong>el mejor momento no existe.<\/strong><\/p>\n<p>Creemos que la siguiente historia ilustra esta idea a la perfecci\u00f3n:<\/p>\n<p>Dos vendedores de zapatos que fueron enviados por su compa\u00f1\u00eda a la selva para descubrir nuevos mercados. Una vez hechas las investigaciones oportunas, el primero de ellos mand\u00f3 un telegrama:<em>&nbsp;\u201cNo hay ninguna esperanza de vender zapatos aqu\u00ed; todo el mundo va descalzo\u201d.&nbsp;<\/em>El otro vendedor tambi\u00e9n escribi\u00f3 un telegrama a la casa central:<em>&nbsp;\u201cManden mercanc\u00eda y refuerzos inmediatamente, nadie tiene zapatos a\u00fan\u201d.<\/em><\/p>\n<p>Con cada situaci\u00f3n de la vida sucede exactamente lo mismo: hay quien la siente como una magn\u00edfica oportunidad y quien la percibe como un desierto infecundo. Los hay que dicen \u201ctengo que ver para creer\u201d. Otros son m\u00e1s del tipo:&nbsp;<strong>\u201ctengo que creer para ver\u201d<\/strong>.<\/p>\n<hr>\n<p><img decoding=\"async\" src=\"https:\/\/teletrabajoynegocios.com\/teletrabajador\/wp-content\/uploads\/sites\/3\/2020\/07\/articulos.png\"><\/p>\n<p>[wp-rss-aggregator]<\/p>\n<hr>\n<p>En&nbsp;<strong>IPP<\/strong>&nbsp;creemos que merece la pena pertenecer al segundo grupo porque por mucho que puedas estar enfrente de lo que est\u00e1 buscando, si no crees poder encontrarlo, no lo ver\u00e1s ni en un mill\u00f3n de a\u00f1os.<\/p>\n<p>En el documental&nbsp;<strong><em>\u00bfY t\u00fa qu\u00e9 sabes?&nbsp;<\/em><\/strong>cuentan una bonita historia: \u201c<em>cuando las naves de Col\u00f3n se acercaron a los indios [\u2026] estos no las vieron. No pudieron verlas porque como era algo tan diferente a lo que conoc\u00edan, no pod\u00edan verlas. El motivo es porque no ten\u00edan ning\u00fan conocimiento en su cerebro, ninguna experiencia de que existieran carabelas<\/em>\u201d.<\/p>\n<p>Algo que olvidamos con frecuencia es que cada punto de vista es s\u00f3lo uno de los puntos de vista posibles de una situaci\u00f3n. La realidad se construye a trav\u00e9s de nuestras creencias y, en este sentido, incluso la misma calle se ve diferente desde la azotea que desde la acera.<\/p>\n<p>Cuando hablamos de la realidad, en el fondo, de lo \u00fanico que estamos hablando es de nosotros mismos: del lugar donde nos situamos en esa realidad. Cada uno de nosotros vivimos en una realidad diferente, vivimos en mundos paralelos pero como compartimos escenario es f\u00e1cil confundirse y llegar a la conclusi\u00f3n de que todos habitamos en el mismo mundo.<\/p>\n<p>En cualquier situaci\u00f3n, de crisis o de bonanza, son muchos los que est\u00e1n esperando a que llegue un momento mejor que el presente para buscar trabajo o para poner en marcha una aventura empresarial. Se han contagiado del miedo. Se han cre\u00eddo el mito de la realidad com\u00fan. Es una opci\u00f3n. Sin embargo, nosotros lo tenemos claro:&nbsp;<strong>el mejor momento no existe<\/strong>..<\/p>\n<p>Llevamos un tiempo atravesando circunstancias excepcionales, sin embargo lo que no se puede negar es que est\u00e1 obligando a muchas personas a moverse, a echarse a volar, a cuestionarse lo que hasta ahora permanec\u00eda incuestionable. Y eso ya es mucho.<\/p>\n<p>Si algo tienen de positivo las situaciones dif\u00edciles es que empoderan a las personas que las experimentan, las hacen tomar conciencia de que tienen alas y de que pueden volar majestuosamente m\u00e1s all\u00e1 de la jaula en la que se encontraban, sin detenerse a reflexionar mucho tiempo si se trata del mejor momento o no.<\/p>\n<p><strong>El mejor momento es ahora<\/strong>, fundamentalmente porque es lo \u00fanico que tiene.<\/p>\n<p>As\u00ed que\u2026 \u00bfA qu\u00e9 esperas?<\/p>\n<p>\u00a1Gracias por leer el post y compartirlo!<\/p>\n<p><a href=\"https:\/\/www.pensamientopositivo.org\/\"><em>El Equipo de Instituto Pensamiento Positivo<\/em><\/a><\/p>\n<div id=\"telet-1635387186\" class=\"telet-despues-del-contenido telet-entity-placement\"><a target=\"_blank\" href=\"\/\/aff.lucushost.com\/resources\/click\/?n=gDxoXMAJ&aff=756\"><img decoding=\"async\" border=\"0\" alt=\"LucusHost, el mejor hosting\" src=\"\/\/aff.lucushost.com\/resources\/banners\/?zoneid=5123&n=gDxoXMAJ&aff=756\" \/><\/a><\/div>","protected":false},"excerpt":{"rendered":"<p>Si eres de los que se queda parado esperando que pase algo, que llegue el momento ideal para hacer eso que llevas tanto tiempo esperando hacer, tenemos algo que decirte:&nbsp;el&hellip; <\/p>\n","protected":false},"author":1,"featured_media":2927,"comment_status":"open","ping_status":"open","sticky":false,"template":"","format":"standard","meta":{"footnotes":"","_links_to":"","_links_to_target":""},"categories":[4],"tags":[20,19],"class_list":["post-4156","post","type-post","status-publish","format-standard","has-post-thumbnail","hentry","category-coaching","tag-fuprisa","tag-jose-manuel-fuentes-prieto"],"nelio_content":{"autoShareEndMode":"never","automationSources":{"useCustomSentences":false,"customSentences":[]},"efiAlt":"","efiUrl":"","followers":[1],"highlights":[],"isAutoShareEnabled":true,"networkImageIds":[],"permalinkQueryArgs":[],"series":[],"suggestedReferences":[]},"jetpack_featured_media_url":"https:\/\/teletrabajoynegocios.com\/teletrabajador\/wp-content\/uploads\/sites\/3\/2021\/01\/fotografa-2081907.jpg","_links":{"self":[{"href":"https:\/\/teletrabajoynegocios.com\/teletrabajador\/wp-json\/wp\/v2\/posts\/4156","targetHints":{"allow":["GET"]}}],"collection":[{"href":"https:\/\/teletrabajoynegocios.com\/teletrabajador\/wp-json\/wp\/v2\/posts"}],"about":[{"href":"https:\/\/teletrabajoynegocios.com\/teletrabajador\/wp-json\/wp\/v2\/types\/post"}],"author":[{"embeddable":true,"href":"https:\/\/teletrabajoynegocios.com\/teletrabajador\/wp-json\/wp\/v2\/users\/1"}],"replies":[{"embeddable":true,"href":"https:\/\/teletrabajoynegocios.com\/teletrabajador\/wp-json\/wp\/v2\/comments?post=4156"}],"version-history":[{"count":1,"href":"https:\/\/teletrabajoynegocios.com\/teletrabajador\/wp-json\/wp\/v2\/posts\/4156\/revisions"}],"predecessor-version":[{"id":4157,"href":"https:\/\/teletrabajoynegocios.com\/teletrabajador\/wp-json\/wp\/v2\/posts\/4156\/revisions\/4157"}],"wp:featuredmedia":[{"embeddable":true,"href":"https:\/\/teletrabajoynegocios.com\/teletrabajador\/wp-json\/wp\/v2\/media\/2927"}],"wp:attachment":[{"href":"https:\/\/teletrabajoynegocios.com\/teletrabajador\/wp-json\/wp\/v2\/media?parent=4156"}],"wp:term":[{"taxonomy":"category","embeddable":true,"href":"https:\/\/teletrabajoynegocios.com\/teletrabajador\/wp-json\/wp\/v2\/categories?post=4156"},{"taxonomy":"post_tag","embeddable":true,"href":"https:\/\/teletrabajoynegocios.com\/teletrabajador\/wp-json\/wp\/v2\/tags?post=4156"}],"curies":[{"name":"wp","href":"https:\/\/api.w.org\/{rel}","templated":true}]}}