{"id":4160,"date":"2021-05-17T10:40:59","date_gmt":"2021-05-17T08:40:59","guid":{"rendered":"https:\/\/teletrabajoynegocios.com\/teletrabajador\/?p=4160"},"modified":"2021-05-12T10:48:41","modified_gmt":"2021-05-12T08:48:41","slug":"claves-para-resolver-problemas","status":"publish","type":"post","link":"https:\/\/teletrabajoynegocios.com\/teletrabajador\/claves-para-resolver-problemas\/","title":{"rendered":"Claves para resolver problemas"},"content":{"rendered":"<div id=\"telet-2775240547\" class=\"telet-antes-del-contenido telet-entity-placement\"><a href=\"https:\/\/quaderno.io\/?via=jose-manuel94\" aria-label=\"Quaderno General (Spanish) &#8211; 728&#215;90\"><img loading=\"lazy\" decoding=\"async\" src=\"https:\/\/teletrabajoynegocios.com\/teletrabajador\/wp-content\/uploads\/sites\/3\/2020\/11\/Quaderno-General-Spanish-728x90-1.png\" alt=\"\"  srcset=\"https:\/\/teletrabajoynegocios.com\/teletrabajador\/wp-content\/uploads\/sites\/3\/2020\/11\/Quaderno-General-Spanish-728x90-1.png 728w, https:\/\/teletrabajoynegocios.com\/teletrabajador\/wp-content\/uploads\/sites\/3\/2020\/11\/Quaderno-General-Spanish-728x90-1-300x37.png 300w\" sizes=\"(max-width: 728px) 100vw, 728px\" width=\"728\" height=\"90\"   \/><\/a><\/div><p>Todos tenemos problemas. Vivir implica afrontar problemas y, lo que es m\u00e1s importante, resolverlos. Creemos que es algo en lo que mucha gente no se para a pensar y de lo que hoy te venimos a hablar:&nbsp;<strong>las claves para resolver problemas.<\/strong><\/p>\n<p>Y para ello,&nbsp;<strong>Sergio Fern\u00e1ndez&nbsp;<\/strong>entrevist\u00f3 a&nbsp;<strong>\u00d3scar Rodr\u00edguez<\/strong>&nbsp;en un programa de&nbsp;<strong>Pensamiento Positivo Radio&nbsp;<\/strong>que hoy rescatamos y cuyas claves y conocimientos pensamos que siguen siendo absolutamente inspiradores.<\/p>\n<p><strong>\u00bfQu\u00e9 puedes aprender para afrontar los problemas con una mirada diferente?<\/strong><\/p>\n<p>Te invitamos a ver el programa entero -est\u00e1 dividido en tres partes- porque desde el primero hasta el \u00faltimo minuto vas a tener que andar con l\u00e1piz y papel anotando afirmaciones muy interesantes, pero antes te queremos adelantar algunas ideas fundamentales:<\/p>\n<p><strong>Lo peor que puedes hacer es negar la existencia de los problemas<\/strong>. Un problema no se soluciona ech\u00e1ndole tierra encima, hay que afrontarlo.<\/p>\n<hr>\n<p><img decoding=\"async\" src=\"https:\/\/teletrabajoynegocios.com\/teletrabajador\/wp-content\/uploads\/sites\/3\/2020\/07\/articulos.png\"><\/p>\n<p>[wp-rss-aggregator]<\/p>\n<hr>\n<p><strong>Los seres humanos nos relacionamos de manera distinta que anta\u00f1o<\/strong>. No podemos olvidar nuestro origen, todas aquellas personas que han formado parte en alg\u00fan momento de este planeta y que han aportado su granito de arena a los m\u00e9todos y sistemas para resolver problemas. Sin embargo, los tiempos cambian y las leyes actuales difieren de las anteriores.<\/p>\n<p><strong>Debes sacar a la luz las din\u00e1micas inconscientes.&nbsp;<\/strong>Es decir, descubrir todo aquello que, de manera inconsciente, influyen en estos sistemas de los que hablamos y que nos impide afrontar y resolver los problemas de la manera m\u00e1s adecuada.<\/p>\n<p>Recuerda, siempre van a existir problemas y afrontarlos es fundamental si quieres vivir desde el crecimiento personal y profesional.<\/p>\n<p>\u00a1Disfruta del programa!<\/p>\n<p>[PARTE 1]:<\/p>\n<p><iframe loading=\"lazy\" title=\"C\u00f3mo Resolver Problemas [Oscar Rodriguez]\u23aeSergio Fern\u00e1ndez, Instituto Pensamiento Positivo\" width=\"1110\" height=\"624\" src=\"https:\/\/www.youtube.com\/embed\/bBAb5SDFC5A?feature=oembed\" frameborder=\"0\" allow=\"accelerometer; autoplay; clipboard-write; encrypted-media; gyroscope; picture-in-picture\" allowfullscreen><\/iframe><\/p>\n<p>[PARTE 2]:<\/p>\n<p><iframe loading=\"lazy\" title=\"Resoluci\u00f3n de Problemas en la Empresa\u23aeSergio Fern\u00e1ndez, Instituto Pensamiento Positivo\" width=\"1110\" height=\"624\" src=\"https:\/\/www.youtube.com\/embed\/V-yiqopHRBk?feature=oembed\" frameborder=\"0\" allow=\"accelerometer; autoplay; clipboard-write; encrypted-media; gyroscope; picture-in-picture\" allowfullscreen><\/iframe><\/p>\n<p>[PARTE 3]:<\/p>\n<p><iframe loading=\"lazy\" title=\"Coaching Sist\u00e9mico al resolver Problemas de Empresa\u23aeSergio Fern\u00e1ndez, Instituto Pensamiento Positivo\" width=\"1110\" height=\"624\" src=\"https:\/\/www.youtube.com\/embed\/kGkzY2Rl9pE?feature=oembed\" frameborder=\"0\" allow=\"accelerometer; autoplay; clipboard-write; encrypted-media; gyroscope; picture-in-picture\" allowfullscreen><\/iframe><\/p>\n<p>\u00a1Gracias por leer el post y compartirlo!<\/p>\n<p><em>El Equipo de Instituto Pensamiento Positivo<\/em><\/p>\n<div id=\"telet-305838430\" class=\"telet-despues-del-contenido telet-entity-placement\"><a target=\"_blank\" href=\"\/\/aff.lucushost.com\/resources\/click\/?n=gDxoXMAJ&aff=756\"><img decoding=\"async\" border=\"0\" alt=\"LucusHost, el mejor hosting\" src=\"\/\/aff.lucushost.com\/resources\/banners\/?zoneid=5123&n=gDxoXMAJ&aff=756\" \/><\/a><\/div>","protected":false},"excerpt":{"rendered":"<p>Todos tenemos problemas. Vivir implica afrontar problemas y, lo que es m\u00e1s importante, resolverlos. Creemos que es algo en lo que mucha gente no se para a pensar y de&hellip; <\/p>\n","protected":false},"author":1,"featured_media":1106,"comment_status":"open","ping_status":"open","sticky":false,"template":"","format":"standard","meta":{"footnotes":"","_links_to":"","_links_to_target":""},"categories":[4],"tags":[20],"class_list":["post-4160","post","type-post","status-publish","format-standard","has-post-thumbnail","hentry","category-coaching","tag-fuprisa"],"nelio_content":{"autoShareEndMode":"never","automationSources":{"useCustomSentences":false,"customSentences":[]},"efiAlt":"","efiUrl":"","followers":[1],"highlights":[],"isAutoShareEnabled":true,"networkImageIds":[],"permalinkQueryArgs":[],"series":[],"suggestedReferences":[]},"jetpack_featured_media_url":"https:\/\/teletrabajoynegocios.com\/teletrabajador\/wp-content\/uploads\/sites\/3\/2020\/06\/Teletrabajo.jpg","_links":{"self":[{"href":"https:\/\/teletrabajoynegocios.com\/teletrabajador\/wp-json\/wp\/v2\/posts\/4160","targetHints":{"allow":["GET"]}}],"collection":[{"href":"https:\/\/teletrabajoynegocios.com\/teletrabajador\/wp-json\/wp\/v2\/posts"}],"about":[{"href":"https:\/\/teletrabajoynegocios.com\/teletrabajador\/wp-json\/wp\/v2\/types\/post"}],"author":[{"embeddable":true,"href":"https:\/\/teletrabajoynegocios.com\/teletrabajador\/wp-json\/wp\/v2\/users\/1"}],"replies":[{"embeddable":true,"href":"https:\/\/teletrabajoynegocios.com\/teletrabajador\/wp-json\/wp\/v2\/comments?post=4160"}],"version-history":[{"count":1,"href":"https:\/\/teletrabajoynegocios.com\/teletrabajador\/wp-json\/wp\/v2\/posts\/4160\/revisions"}],"predecessor-version":[{"id":4161,"href":"https:\/\/teletrabajoynegocios.com\/teletrabajador\/wp-json\/wp\/v2\/posts\/4160\/revisions\/4161"}],"wp:featuredmedia":[{"embeddable":true,"href":"https:\/\/teletrabajoynegocios.com\/teletrabajador\/wp-json\/wp\/v2\/media\/1106"}],"wp:attachment":[{"href":"https:\/\/teletrabajoynegocios.com\/teletrabajador\/wp-json\/wp\/v2\/media?parent=4160"}],"wp:term":[{"taxonomy":"category","embeddable":true,"href":"https:\/\/teletrabajoynegocios.com\/teletrabajador\/wp-json\/wp\/v2\/categories?post=4160"},{"taxonomy":"post_tag","embeddable":true,"href":"https:\/\/teletrabajoynegocios.com\/teletrabajador\/wp-json\/wp\/v2\/tags?post=4160"}],"curies":[{"name":"wp","href":"https:\/\/api.w.org\/{rel}","templated":true}]}}