{"id":4577,"date":"2021-06-14T10:37:01","date_gmt":"2021-06-14T08:37:01","guid":{"rendered":"https:\/\/teletrabajoynegocios.com\/teletrabajador\/?p=4577"},"modified":"2021-06-14T10:37:01","modified_gmt":"2021-06-14T08:37:01","slug":"mision-lo-que-vas-a-hacer-por-los-demas","status":"publish","type":"post","link":"https:\/\/teletrabajoynegocios.com\/teletrabajador\/mision-lo-que-vas-a-hacer-por-los-demas\/","title":{"rendered":"Misi\u00f3n. Lo que vas a hacer por los dem\u00e1s"},"content":{"rendered":"<div id=\"telet-4283970602\" class=\"telet-antes-del-contenido telet-entity-placement\"><a href=\"https:\/\/quaderno.io\/?via=jose-manuel94\" aria-label=\"Quaderno General (Spanish) &#8211; 728&#215;90\"><img loading=\"lazy\" decoding=\"async\" src=\"https:\/\/teletrabajoynegocios.com\/teletrabajador\/wp-content\/uploads\/sites\/3\/2020\/11\/Quaderno-General-Spanish-728x90-1.png\" alt=\"\"  srcset=\"https:\/\/teletrabajoynegocios.com\/teletrabajador\/wp-content\/uploads\/sites\/3\/2020\/11\/Quaderno-General-Spanish-728x90-1.png 728w, https:\/\/teletrabajoynegocios.com\/teletrabajador\/wp-content\/uploads\/sites\/3\/2020\/11\/Quaderno-General-Spanish-728x90-1-300x37.png 300w\" sizes=\"(max-width: 728px) 100vw, 728px\" width=\"728\" height=\"90\"   \/><\/a><\/div><p>En el post anterior hablaba de la Visi\u00f3n, que es algo que siempre surge cuando se habla de proyectos empresariales o profesionales, pero que no es f\u00e1cil de establecer.<\/p>\n<p>La Visi\u00f3n nos hace imaginar el futuro que deseamos construir y, a partir de ah\u00ed establecemos etapas, metas, acciones, objetivos. Todo eso est\u00e1 centrado en ti o en mi. Es decir, que para identificarlo debemos pensar en lo que queremos, deseamos o nos apetece conseguir.<\/p>\n<p>Pero todo eso se quedar\u00eda cojo si no hay una contrapartida. Si quieres conseguir cualquier cosa, deber\u00e1s poner algo de tu parte. Y eso es lo que yo considero que es la Misi\u00f3n. Como le\u00ed hace poco, si los Objetivos representan lo que quieres para ti, la Misi\u00f3n describe lo que vas a hacer por los dem\u00e1s.<\/p>\n<h4>Una Misi\u00f3n clara, te ahorra mucho trabajo<\/h4>\n<p>En realidad, definir tu Misi\u00f3n te permite resolver muchos aspectos de una Estrategia Personal, desde tu Discurso del Ascensor, hasta tu perfil de LinkedIn pasando por el tipo de personas con las que te vas a relacionar o los conocimientos y habilidades que debes aprender o adquirir.<\/p>\n<p>Cuando tienes claro lo que haces, con qu\u00e9 trabajas, para qui\u00e9n lo haces y qu\u00e9 beneficio vas a generar, todo lo dem\u00e1s llega casi autom\u00e1ticamente.<\/p>\n<p>Tu Misi\u00f3n es lo que deber\u00edas responder cuando alguien te pregunta, \u201cy t\u00fa, \u00bfa qu\u00e9 te dedicas?\u201d. Y cuando eso lo tengas claro, lo importante es que te lo grabes a fuego en tu cabeza y lo conviertas en tu mejor tarjeta de presentaci\u00f3n.<\/p>\n<h4>La f\u00f3rmula de la Misi\u00f3n<\/h4>\n<p>Como te dec\u00eda, para m\u00ed la Misi\u00f3n es la suma de cuatro elementos. Puede ser una f\u00f3rmula muy simple, pero a mis alumnos y a mi nos funciona.<\/p>\n<p>El primer elemento es el de la MATERIA con la que vas a trabajar. Puede parecer una cuesti\u00f3n simple, pero no es tan evidente. Por ejemplo, un jefe de compras trabaja con materias primas, un fontanero trabaja con instalaciones sanitarias y un coach trabaja con creencias, h\u00e1bitos o actitudes. As\u00ed que, lo que deber\u00edas preguntarte es \u201cYo, \u00bfcon qu\u00e9 trabajo (dinero, felicidad, transporte, entretenimiento,\u2026?\u201d<\/p>\n<p>Una vez que tienes los \u201cingredientes\u201d con los que creas tu oferta personal o profesional, debes tener claro lo que haces con ellos, tu ACTIVIDAD. \u00bfCompras, gestionas, cambias, vendes, aumentas, reduces, creas,\u2026? Sin al hablar de MATERIA, utilizamos sustantivos, al referirnos a ACTIVIDADES, usaremos verbos.<\/p>\n<p>El tercer elemento de la Misi\u00f3n, es el BENEFICIO que genera tu ACTIVIDAD. Es decir, lo que alguien va a conseguir de ti. \u00bfVa a facturar m\u00e1s? \u00bfSentirse mejor? \u00bfAdelgazar? \u00bfAprender? \u00bfSuperar la timidez? \u00bfPersuadir? Si no tienes claro esto, es dif\u00edcil que \u201cpongas cachondo\/a a nadie. En realidad, si te eligen, compran o contratan tanto en lo profesional como en lo privado es porque alguien considera que t\u00fa puedes ayudarle a alcanzar sus propios objetivos.<\/p>\n<p>Por \u00faltimo, debes tener claro quienes son los DESTINATARIOS de tu Misi\u00f3n. \u00bfAdolescentes? \u00bfMultinacionales? \u00bfParejas? \u00bfEmprendedores? Al establecer para qui\u00e9n trabajas, te va a facilitar mucho tomar decisiones como lo que vas a contar en tu blog, a qu\u00e9 eventos debes acudir o c\u00f3mo debes comunicar.<\/p>\n<hr>\n<p><img decoding=\"async\" src=\"https:\/\/teletrabajoynegocios.com\/teletrabajador\/wp-content\/uploads\/sites\/3\/2020\/07\/articulos.png\"><\/p>\n<p>[wp-rss-aggregator]<\/p>\n<hr>\n<h4>Puedes ajustar tu Misi\u00f3n<\/h4>\n<p>Aunque no deber\u00edas estar cambiando tu Misi\u00f3n, ni el resto de los par\u00e1metros que te gu\u00edan como la Visi\u00f3n o los Valores, si que puedes hacer algunos ajustes para adaptarte a las circunstancias y a tus propios intereses y deseos.<\/p>\n<p>Por ejemplo, suelo utilizar mucho el ejemplo de KODAK o el de NOKIA para muchas cosas porque representan como una gran marca puede perderlo todo en poco tiempo.<\/p>\n<p>En el caso de KODAK, creo que uno de sus errores fue el de no tener clara su Misi\u00f3n, quiz\u00e1s, y s\u00f3lo es una opini\u00f3n m\u00eda, creyeron que la suya era la de gestionar el revelado en papel o celuloide. As\u00ed que con la llegada de la fotograf\u00eda digital (<a href=\"https:\/\/computerhoy.com\/video\/historia-primera-camara-digital-25601\">que ellos inventaron<\/a>) se perdieron. Si hubiesen tenido claro que su Misi\u00f3n era algo as\u00ed como conservar informaci\u00f3n, posiblemente la transici\u00f3n hubiese sido posible.<\/p>\n<p>Con NOKIA y su \u201cconecting people\u201d, la Misi\u00f3n era muy clara. El problema surge cuando vemos que la gente utiliza los m\u00f3viles para casi todo excepto para \u201cconectar gente\u201d en el sentido tradicional.<\/p>\n<p>En mi caso, podr\u00eda decir que mi Misi\u00f3n relacionada con la Estrategia Personal es algo as\u00ed como:<\/p>\n<p>Obtener, gestionar, entregar + Informaci\u00f3n, conocimientos + Para aumentar el valor y las opciones + De los profesionales<\/p>\n<p>Si empieza a haber mucha gente que se dedica a lo mismo, podr\u00eda cambiar alguno de los factores, por ejemplo podr\u00eda centrarme en un tipo de profesionales o enfocarme en alg\u00fan beneficio espec\u00edfico.<\/p>\n<h4>La Misi\u00f3n te lo hace todo m\u00e1s f\u00e1cil<\/h4>\n<p>Para una persona con cierta tendencia a controlar las cosas, la Misi\u00f3n es algo muy \u00fatil porque me sirve para dejar claro lo que hago y eso facilita el que otros me recomienden, elija o descarten (eso te ahora mucho tiempo).<\/p>\n<p>Cuando conozco a otros que tambi\u00e9n lo tienen bien definido, es muy f\u00e1cil trabajar con ellos.<\/p>\n<p>Hoy es viernes, as\u00ed que, este fin de semana puede ser un buen momento para que respondas esas cuatro cuestiones y des un paso adelante en tu Estrategia Personal.<\/p>\n<p><a href=\"https:\/\/www.andresperezortega.com\/author\/andres\" rel=\"author\"><span class=\"vcard\"><span class=\"fn\">Andr\u00e9s P\u00e9rez Ortega<\/span><\/span><\/a><\/p>\n<div id=\"telet-3617290957\" class=\"telet-despues-del-contenido telet-entity-placement\"><a target=\"_blank\" href=\"\/\/aff.lucushost.com\/resources\/click\/?n=gDxoXMAJ&aff=756\"><img decoding=\"async\" border=\"0\" alt=\"LucusHost, el mejor hosting\" src=\"\/\/aff.lucushost.com\/resources\/banners\/?zoneid=5123&n=gDxoXMAJ&aff=756\" \/><\/a><\/div>","protected":false},"excerpt":{"rendered":"<p>En el post anterior hablaba de la Visi\u00f3n, que es algo que siempre surge cuando se habla de proyectos empresariales o profesionales, pero que no es f\u00e1cil de establecer. La&hellip; <\/p>\n","protected":false},"author":1,"featured_media":4578,"comment_status":"open","ping_status":"open","sticky":false,"template":"","format":"standard","meta":{"footnotes":"","_links_to":"","_links_to_target":""},"categories":[6],"tags":[20,19],"class_list":["post-4577","post","type-post","status-publish","format-standard","has-post-thumbnail","hentry","category-marca-personal","tag-fuprisa","tag-jose-manuel-fuentes-prieto"],"nelio_content":{"autoShareEndMode":"never","automationSources":{"useCustomSentences":false,"customSentences":[]},"efiAlt":"","efiUrl":"","followers":[1],"highlights":[],"isAutoShareEnabled":true,"networkImageIds":[],"permalinkQueryArgs":[],"series":[],"suggestedReferences":[]},"jetpack_featured_media_url":"https:\/\/teletrabajoynegocios.com\/teletrabajador\/wp-content\/uploads\/sites\/3\/2021\/06\/teletrabajando-21.jpg","_links":{"self":[{"href":"https:\/\/teletrabajoynegocios.com\/teletrabajador\/wp-json\/wp\/v2\/posts\/4577","targetHints":{"allow":["GET"]}}],"collection":[{"href":"https:\/\/teletrabajoynegocios.com\/teletrabajador\/wp-json\/wp\/v2\/posts"}],"about":[{"href":"https:\/\/teletrabajoynegocios.com\/teletrabajador\/wp-json\/wp\/v2\/types\/post"}],"author":[{"embeddable":true,"href":"https:\/\/teletrabajoynegocios.com\/teletrabajador\/wp-json\/wp\/v2\/users\/1"}],"replies":[{"embeddable":true,"href":"https:\/\/teletrabajoynegocios.com\/teletrabajador\/wp-json\/wp\/v2\/comments?post=4577"}],"version-history":[{"count":1,"href":"https:\/\/teletrabajoynegocios.com\/teletrabajador\/wp-json\/wp\/v2\/posts\/4577\/revisions"}],"predecessor-version":[{"id":4579,"href":"https:\/\/teletrabajoynegocios.com\/teletrabajador\/wp-json\/wp\/v2\/posts\/4577\/revisions\/4579"}],"wp:featuredmedia":[{"embeddable":true,"href":"https:\/\/teletrabajoynegocios.com\/teletrabajador\/wp-json\/wp\/v2\/media\/4578"}],"wp:attachment":[{"href":"https:\/\/teletrabajoynegocios.com\/teletrabajador\/wp-json\/wp\/v2\/media?parent=4577"}],"wp:term":[{"taxonomy":"category","embeddable":true,"href":"https:\/\/teletrabajoynegocios.com\/teletrabajador\/wp-json\/wp\/v2\/categories?post=4577"},{"taxonomy":"post_tag","embeddable":true,"href":"https:\/\/teletrabajoynegocios.com\/teletrabajador\/wp-json\/wp\/v2\/tags?post=4577"}],"curies":[{"name":"wp","href":"https:\/\/api.w.org\/{rel}","templated":true}]}}