{"id":4853,"date":"2021-07-16T11:19:25","date_gmt":"2021-07-16T09:19:25","guid":{"rendered":"https:\/\/teletrabajoynegocios.com\/teletrabajador\/?p=4853"},"modified":"2021-07-12T10:26:12","modified_gmt":"2021-07-12T08:26:12","slug":"tu-estrategia-personal-no-tiene-horario","status":"publish","type":"post","link":"https:\/\/teletrabajoynegocios.com\/teletrabajador\/tu-estrategia-personal-no-tiene-horario\/","title":{"rendered":"Tu Estrategia Personal no tiene horario"},"content":{"rendered":"<div id=\"telet-352277071\" class=\"telet-antes-del-contenido telet-entity-placement\"><a href=\"https:\/\/quaderno.io\/?via=jose-manuel94\" aria-label=\"Quaderno General (Spanish) &#8211; 728&#215;90\"><img loading=\"lazy\" decoding=\"async\" src=\"https:\/\/teletrabajoynegocios.com\/teletrabajador\/wp-content\/uploads\/sites\/3\/2020\/11\/Quaderno-General-Spanish-728x90-1.png\" alt=\"\"  srcset=\"https:\/\/teletrabajoynegocios.com\/teletrabajador\/wp-content\/uploads\/sites\/3\/2020\/11\/Quaderno-General-Spanish-728x90-1.png 728w, https:\/\/teletrabajoynegocios.com\/teletrabajador\/wp-content\/uploads\/sites\/3\/2020\/11\/Quaderno-General-Spanish-728x90-1-300x37.png 300w\" sizes=\"(max-width: 728px) 100vw, 728px\" width=\"728\" height=\"90\"   \/><\/a><\/div><p>Esta semana, en un curso de Estrategia Personal para mujeres directivas, surgi\u00f3 un comentario habitual cuando se trata de gestionar los recursos disponibles, especialmente cuando hablamos de profesionales por cuenta ajena.<\/p>\n<p>Si el recurso m\u00e1s problem\u00e1tico para un profesional independiente suele ser el dinero, cuando hablamos de aquellos que trabajan en una empresa, este suele ser el tiempo.<\/p>\n<p>Entiendo, porque lo he vivido y sufrido durante quince a\u00f1os como \u201ccuentajenado\u201d, que la jornada laboral no te deja demasiado margen para hacer algo distinto a cumplir con lo que te piden y, adem\u00e1s, dedicar tiempo a tu familia y a descansar.<\/p>\n<p>\u00bfQui\u00e9n se va a poner a escribir un blog a las once de la noche? \u00bfQui\u00e9n tiene ganas o un hueco para asistir a un evento interesante un d\u00eda laborable? \u00bfNo suena a cachondeo eso de aprender a crear v\u00eddeos o podcasts cuando apenas te queda tiempo para mantenerte al d\u00eda con tu trabajo?<\/p>\n<p>Entiendo todo eso perfectamente y creo que es una de las mayores barreras para desarrollar tu Estrategia Personal mientras trabajas para cobrar una n\u00f3mina. Pero tambi\u00e9n creo que, c\u00f3mo suele ocurrir, muchos de estos problemas tienen m\u00e1s que ver con prejuicios equivocados o creencias limitantes que con barreras insalvables. Se trata de gestionar lo ceropuntocero, la conversaci\u00f3n contigo mismo, que lo dospuntocero.<\/p>\n<hr>\n<p><img decoding=\"async\" src=\"https:\/\/teletrabajoynegocios.com\/teletrabajador\/wp-content\/uploads\/sites\/3\/2020\/07\/articulos.png\"><\/p>\n<p>[wp-rss-aggregator]<\/p>\n<hr>\n<h4>La Estrategia Personal es tu proyecto de vida<\/h4>\n<p>Suelo decir que una Estrategia Personal no es ni m\u00e1s, ni menos, que gestionar tu proyecto personal o profesional de forma consciente y planificada. As\u00ed que, en realidad, una parte importante del trabajo consiste simplemente en hacer de un modo m\u00e1s eficiente lo que ya est\u00e1s haciendo habitualmente. Y eso puede incluir, por ejemplo, eliminar cosas que no te aportan nada.<\/p>\n<p>Desentenderse de tener un Proyecto Personal o Profesional es dejar tu vida en manos del azar o, algo peor, en funci\u00f3n de decisiones ajenas. As\u00ed que, \u00bfNo es absurdo decir que no quieres gestionar lo que quieres que te pase?<\/p>\n<p>Creo que esto es especialmente grave y tambi\u00e9n habitual entre profesionales por cuenta ajena porque tienen una falsa sensaci\u00f3n de seguridad. Entiendo esa forma de pensar porque he estado en ese lado. Pero esa visi\u00f3n de las cosas es suicida porque, cuando lleguen los problemas, y llegar\u00e1n, tendr\u00e1s que partir de cero porque has vivido en una especie de terrario en el que recib\u00edas tu dosis de alimento con regularidad.<\/p>\n<h4>La Estrategia Personal lo impregna todo<\/h4>\n<p>Evidentemente en mi modelo de Estrategia Personal hay elementos que implican m\u00e1s trabajo y otros de los que basta con ser conscientes y manejarlos con inteligencia. Escribir un libro es algo que, no s\u00f3lo requiere tiempo sino que este debe ser un poco \u201cespecial\u201d.<\/p>\n<p>Cada d\u00eda interactuamos con montones de personas, tenemos la posibilidad de aprender unas cosas u otras o realizar ciertas actividades o sustituirlas por aquellas que nos sean m\u00e1s \u201crentables\u201d profesionalmente.<\/p>\n<p>Suele decirse que el problema no es tanto la falta de tiempo como el establecimiento de las prioridades adecuadas. Las dos horas de ver un partido de la Eurocopa pueden servir para muchas cosas que te pueden dar un empuj\u00f3n en tu profesi\u00f3n o simplemente pasear con tu familia.<\/p>\n<p>Quiz\u00e1s no tengas tiempo para ir a varios eventos de Networking cada mes, pero puedes establecer una conexi\u00f3n m\u00e1s fuerte con la persona que te atiende en el Mercadona o con tu quiosquero.<\/p>\n<p>Puede que no te queden huecos para escribir posts de ochocientas palabras como este, pero puedes compartir tus ideas en forma de haiku en tu sitio en Internet o escribir un par de p\u00e1rrafos sobre algo de tu profesi\u00f3n que te llama la atenci\u00f3n mientras desayunas o vas en el Metro o en el Cercan\u00edas. O subir una foto con un comentario. Lo mejor es que, cada d\u00eda que lo hagas, ir\u00e1s aprendiendo y mejorando.<\/p>\n<h4>\u00bfY si no haces nada?<\/h4>\n<p>No me cansar\u00e9 de insistir en que, la principal motivaci\u00f3n de mi trabajo es conseguir la LIBERTAD, para m\u00ed y para quienes trabajo. As\u00ed que, Dios me libre de decirte lo que tienes que hacer. Tu sabr\u00e1s.<\/p>\n<p>Pero si no haces nada, no va a pasar nada o, algo peor, pasar\u00e1n cosas, pero muy probablemente no ser\u00e1n las que tu quieres.<\/p>\n<p>Sin embargo, cuando empiezas a mover las palancas que tienes a tu alcance, no todas ni a la vez, pero algunas al menos, empiezas a tener cierto control. Eso, a su vez, te permite optimizar tus recursos y se convierte en un c\u00edrculo virtuoso.<\/p>\n<p>Y aqu\u00ed es donde precisamente los profesionales m\u00e1s reticentes a trabajar su Estrategia Personal como son los que tienen una n\u00f3mina, tienen una gran ventaja. Pueden ir haciendo cosas a su ritmo, sin prisa pero sin pausa y sin la Espada de Damocles de la falta de ingresos (al menos de ingresos regulares).<\/p>\n<p>Si pensamos en el t\u00f3pico del YO S.L., decir que no te vas a preocupar de dar a conocer tu trabajo, de aprender o de mejorar cualquier aspecto personal o profesional es como si una empresa decidiese eliminar uno o varios departamentos importantes. Quiz\u00e1s pueda sobrevivir durante alg\u00fan tiempo, pero tarde o temprano caer\u00e1.<\/p>\n<p>As\u00ed que, busca, encuentra y aprovecha esos momentos, esos resquicios temporales que te permiten hacer cosas especiales, adem\u00e1s de las habituales e incorp\u00f3ralos a tu Estrategia Personal\u2026 aunque trabajes para otros (de momento).<\/p>\n<p><a href=\"https:\/\/www.andresperezortega.com\/author\/andres\" rel=\"author\"><span class=\"vcard\"><span class=\"fn\">Andr\u00e9s P\u00e9rez Ortega<\/span><\/span><\/a><\/p>\n<div id=\"telet-893143419\" class=\"telet-despues-del-contenido telet-entity-placement\"><a target=\"_blank\" href=\"\/\/aff.lucushost.com\/resources\/click\/?n=gDxoXMAJ&aff=756\"><img decoding=\"async\" border=\"0\" alt=\"LucusHost, el mejor hosting\" src=\"\/\/aff.lucushost.com\/resources\/banners\/?zoneid=5123&n=gDxoXMAJ&aff=756\" \/><\/a><\/div>","protected":false},"excerpt":{"rendered":"<p>Esta semana, en un curso de Estrategia Personal para mujeres directivas, surgi\u00f3 un comentario habitual cuando se trata de gestionar los recursos disponibles, especialmente cuando hablamos de profesionales por cuenta&hellip; <\/p>\n","protected":false},"author":1,"featured_media":3108,"comment_status":"open","ping_status":"open","sticky":false,"template":"","format":"standard","meta":{"footnotes":"","_links_to":"","_links_to_target":""},"categories":[6],"tags":[20,19],"class_list":["post-4853","post","type-post","status-publish","format-standard","has-post-thumbnail","hentry","category-marca-personal","tag-fuprisa","tag-jose-manuel-fuentes-prieto"],"nelio_content":{"autoShareEndMode":"never","automationSources":{"useCustomSentences":false,"customSentences":[]},"efiAlt":"","efiUrl":"","followers":[1],"highlights":[],"isAutoShareEnabled":true,"networkImageIds":[],"permalinkQueryArgs":[],"series":[],"suggestedReferences":[]},"jetpack_featured_media_url":"https:\/\/teletrabajoynegocios.com\/teletrabajador\/wp-content\/uploads\/sites\/3\/2021\/02\/pexels-zen-chung-5749153.jpg","_links":{"self":[{"href":"https:\/\/teletrabajoynegocios.com\/teletrabajador\/wp-json\/wp\/v2\/posts\/4853","targetHints":{"allow":["GET"]}}],"collection":[{"href":"https:\/\/teletrabajoynegocios.com\/teletrabajador\/wp-json\/wp\/v2\/posts"}],"about":[{"href":"https:\/\/teletrabajoynegocios.com\/teletrabajador\/wp-json\/wp\/v2\/types\/post"}],"author":[{"embeddable":true,"href":"https:\/\/teletrabajoynegocios.com\/teletrabajador\/wp-json\/wp\/v2\/users\/1"}],"replies":[{"embeddable":true,"href":"https:\/\/teletrabajoynegocios.com\/teletrabajador\/wp-json\/wp\/v2\/comments?post=4853"}],"version-history":[{"count":2,"href":"https:\/\/teletrabajoynegocios.com\/teletrabajador\/wp-json\/wp\/v2\/posts\/4853\/revisions"}],"predecessor-version":[{"id":4855,"href":"https:\/\/teletrabajoynegocios.com\/teletrabajador\/wp-json\/wp\/v2\/posts\/4853\/revisions\/4855"}],"wp:featuredmedia":[{"embeddable":true,"href":"https:\/\/teletrabajoynegocios.com\/teletrabajador\/wp-json\/wp\/v2\/media\/3108"}],"wp:attachment":[{"href":"https:\/\/teletrabajoynegocios.com\/teletrabajador\/wp-json\/wp\/v2\/media?parent=4853"}],"wp:term":[{"taxonomy":"category","embeddable":true,"href":"https:\/\/teletrabajoynegocios.com\/teletrabajador\/wp-json\/wp\/v2\/categories?post=4853"},{"taxonomy":"post_tag","embeddable":true,"href":"https:\/\/teletrabajoynegocios.com\/teletrabajador\/wp-json\/wp\/v2\/tags?post=4853"}],"curies":[{"name":"wp","href":"https:\/\/api.w.org\/{rel}","templated":true}]}}