{"id":4980,"date":"2021-07-23T11:12:43","date_gmt":"2021-07-23T09:12:43","guid":{"rendered":"https:\/\/teletrabajoynegocios.com\/teletrabajador\/?p=4980"},"modified":"2021-10-14T11:03:12","modified_gmt":"2021-10-14T09:03:12","slug":"mi-lista-de-libros-de-marca-personal-para-el-verano","status":"publish","type":"post","link":"https:\/\/teletrabajoynegocios.com\/teletrabajador\/mi-lista-de-libros-de-marca-personal-para-el-verano\/","title":{"rendered":"Mi lista de libros de marca personal para el verano"},"content":{"rendered":"<div id=\"telet-2141151877\" class=\"telet-antes-del-contenido telet-entity-placement\"><a href=\"https:\/\/quaderno.io\/?via=jose-manuel94\" aria-label=\"Quaderno General (Spanish) &#8211; 728&#215;90\"><img loading=\"lazy\" decoding=\"async\" src=\"https:\/\/teletrabajoynegocios.com\/teletrabajador\/wp-content\/uploads\/sites\/3\/2020\/11\/Quaderno-General-Spanish-728x90-1.png\" alt=\"\"  srcset=\"https:\/\/teletrabajoynegocios.com\/teletrabajador\/wp-content\/uploads\/sites\/3\/2020\/11\/Quaderno-General-Spanish-728x90-1.png 728w, https:\/\/teletrabajoynegocios.com\/teletrabajador\/wp-content\/uploads\/sites\/3\/2020\/11\/Quaderno-General-Spanish-728x90-1-300x37.png 300w\" sizes=\"(max-width: 728px) 100vw, 728px\" width=\"728\" height=\"90\"   \/><\/a><\/div><p>Como cada a\u00f1o, os hago una propuesta de lecturas para el verano. Esta vez traigo algunas recomendaciones de libros de marca personal para que sigas form\u00e1ndote y reflexionando sobre tu carrera profesional, incluso en vacaciones \u00a0Y si quieres ampliar tu lista con alg\u00fan ensayo o novela para desconectar\u2026 \u00a1sigue leyendo hasta el final!<\/p>\n<h2>Viaja a trav\u00e9s de la marca personal para el liderazgo y la carrera profesional<\/h2>\n<ul>\n<li><a title=\"Expertolog\u00eda de Andr\u00e9s P\u00e9rez\" href=\"https:\/\/www.amazon.es\/Expertolog%C3%ADa-convertirse-profesional-referencia-COLECCION\/dp\/8492414502\/ref=sr_1_2?__mk_es_ES=%C3%85M%C3%85%C5%BD%C3%95%C3%91&amp;dchild=1&amp;keywords=expertologia+andres+perez&amp;qid=1626855833&amp;sr=8-2\" target=\"_blank\" rel=\"noopener\">Expertolog\u00eda de Andr\u00e9s P\u00e9rez<\/a>\u00a0(Alienta, 2011): Andr\u00e9s siempre es y ser\u00e1 un cl\u00e1sico de la marca personal en Espa\u00f1a porque sent\u00f3 la base te\u00f3rica que sirvi\u00f3 a muchos profesionales para especializarse en el sector o interesarse en construir su propia marca. Por eso contin\u00faa siendo una gu\u00eda de referencia que vale la pena leer o seguir releyendo. Con ayuda de esta lectura, aprender\u00e1s a dise\u00f1ar tu propio plan de posicionamiento para diferenciarte y conseguir convertirte en un profesional de referencia dentro de tu campo. Eso s\u00ed, como bien indica Andr\u00e9s en su sinopsis, no se trata de un libro f\u00e1cil, sino que para construir una marca personal eficaz e impactante hay que tener disposici\u00f3n para trabajar, reflexionar, resolver ejercicios y anticiparte a posibles situaciones de carrera. Todo ello con el objetivo de evaluar tu contexto, definir tus necesidades e impacto que quieres causar y comunicar de forma efectiva tu propuesta de valor. Solo as\u00ed ser\u00e1s capaz de actuar e impactar con tu marca personal, consiguiendo que los dem\u00e1s te reconozcan con facilidad.<\/li>\n<li><a title=\"Si no aportas, no importas de Guillem Recolons\" href=\"https:\/\/www.amazon.es\/si-no-aportas-importas\/dp\/8415560710\" target=\"_blank\" rel=\"noopener\">Si no aportas, no importas de Guillem Recolons<\/a>\u00a0(RASCHE, 2020): Guillem es otro de mis imprescindibles. Su manera de contar c\u00f3mo se asimila la marca personal con la publicidad y los est\u00edmulos que recibimos de ella en nuestro d\u00eda a d\u00eda hacen de su lectura una buena opci\u00f3n para iniciarse. En este libro, comparte con el p\u00fablico sus conocimientos sobre la materia e incorpora la opini\u00f3n de otros expertos de marca personal para ayudar a entender su importancia e incorporaci\u00f3n en la vida profesional. Tambi\u00e9n incorpora un plan de acci\u00f3n y herramientas \u00fatiles que te ayudar\u00e1n a proyectar tu diferencia hasta lograr el reconocimiento que te convertir\u00e1 (tal y como indica Guillem en su t\u00edtulo) en un profesional que \u00abno s\u00f3lo aporte, sino que tambi\u00e9n importe\u00bb.<\/li>\n<li><a title=\"Y t\u00fa, \u00bfQu\u00e9 marca eres? de Neus Arqu\u00e9s\" href=\"https:\/\/www.amazon.es\/%C2%BFqu%C3%A9-marca-eres-gestionar-reputaci%C3%B3n\/dp\/8417568417\" target=\"_blank\" rel=\"noopener\">Y t\u00fa, \u00bfQu\u00e9 marca eres? de Neus Arqu\u00e9s<\/a>\u00a0(Alienta, 2019): Primero quiero anunciar y felicitar a Neus porque su libro\u2026 \u00a1ya va por la tercera edici\u00f3n! Esta es una gran noticia para todos los que nos dedicamos a la marca personal, porque significa que poco a poco la disciplina se est\u00e1 visibilizando m\u00e1s y ganando reconocimiento por parte de los lectores. En su primera edici\u00f3n, el objetivo de este libro ya era analizar c\u00f3mo desarrollarnos profesionalmente aplicando la marca personal, pero ahora el contexto ha cambiado. De esta manera, la nueva edici\u00f3n conserva sus principios y conceptos clave y al mismo tiempo incorpora nuevos relativos al entorno laboral al que nos enfrentamos en la actualidad. Un entorno donde los trabajadores freelance, las redes sociales, el social-selling y la automatizaci\u00f3n adquieren una gran relevancia.<\/li>\n<li><a title=\"Ahora o Nunca\" href=\"https:\/\/www.amazon.es\/Ahora-nunca-grandes-carrera-profesional\/dp\/841688370X\/ref=pd_sbs_1\/259-1514744-8748037?pd_rd_w=EMyV3&amp;pf_rd_p=dcd633b7-cb38-4615-862b-a9bd1fbbb388&amp;pf_rd_r=49XXRVZN2CAX2Y9808MX&amp;pd_rd_r=faf98864-4a76-42ea-a046-b7d779a3cf2f&amp;pd_rd_wg=JTzct&amp;pd_rd_i=841688370X&amp;psc=1\" target=\"_blank\" rel=\"noopener\">Ahora o Nunca<\/a>\u00a0(Conecta, 2019): Este libro explica c\u00f3mo descubr\u00ed las dificultades m\u00e1s habituales a las que los profesionales (sean directivos, middle managers o reci\u00e9n incorporados a la carrera) nos enfrentamos al crear y desarrollar la marca personal. Porque una cosa es la teor\u00eda y otra la pr\u00e1ctica, una cosa es saber c\u00f3mo funciona una cosa (como lo describen muy bien Neus, Andr\u00e9s o Guillem) y otra saber hacerlo funcionar. La marca personal cuesta porque hay que identificar la meta, mantener la confianza, poner foco, construir\u00a0 redes y saber elegir las palabras y los elementos emocionales adecuados para comunicarla. \u00abAhora o Nunca\u00bb describe los s\u00edntomas que te pueden decir si un exceso de inseguridad, la dispersi\u00f3n, la timidez para crear red social te pueden estar frenando. Tambi\u00e9n si la raz\u00f3n es que el objetivo no est\u00e1 muy claro o si te cuesta romper la inercia del d\u00eda a d\u00eda para incorporar h\u00e1bitos que construyan tu marca personal. Todos dudamos o fallamos algunas veces. Pero si quieres alcanzar realmente el \u00e9xito, si quieres que tu marca personal te ayude a impulsar tu carrera profesional y tu capacidad para influir como l\u00edder debes huir de la par\u00e1lisis. Este libro te ayuda a ponerte en marcha, a actuar para que nada te frene.<\/li>\n<li><a title=\"A Promisse Land de Barack Obama\" href=\"https:\/\/www.amazon.es\/Barack-Obama-Promised-Land-Anglais\/dp\/1524763160\" target=\"_blank\" rel=\"noopener\">A Promisse Land de Barack Obama\u00a0<\/a>(Penguin Ltd, 2020): \u00bfHay algo m\u00e1s orientado a la marca personal que la biograf\u00eda de un gran l\u00edder? Barack Obama cuenta la historia de su viaje personal desde que era un joven en busca su identidad hasta que se convirti\u00f3 en la figura que hoy conocemos. Incluye detalles \u00edntimos sobre su educaci\u00f3n pol\u00edtica y las dificultades que tuvo que afrontar para llegar a ser elegido como el 44 \u00b0 presidente de los Estados Unidos, convirti\u00e9ndose en el primer africano estadounidense en ocupar el cargo m\u00e1s alto de la naci\u00f3n. Recomiendo esta lectura sobre todo a aquellos l\u00edderes de organizaciones que quieran impulsar y liderar sus equipos hacia el cambio. \u00a1Es el momento!<\/li>\n<li><a title=\"Radical Candor de Kim Scott\" href=\"https:\/\/www.amazon.es\/Radical-Candor-Revised-Kick-Ass-Humanity-dp-1250235375\/dp\/1250235375\/ref=dp_ob_title_bk\" target=\"_blank\" rel=\"noopener\">Radical Candor de Kim Scott\u00a0<\/a>(MacMillan USA, 2019): Otra lectura obligatoria para l\u00edderes que quieran marcar la diferencia. Escrito por Kim Scott, l\u00edder de gran \u00e9xito en empresas Tech como Google y Apple y co-fundadora de la compa\u00f1\u00eda de educaci\u00f3n ejecutiva Radical Candor, en este libro ofrece las claves pr\u00e1cticas para que las empresas aprendan a desarrollar un liderazgo efectivo. Sus principios se basan no s\u00f3lo en brindar orientaci\u00f3n para ayudar a crecer a todos los miembros del equipo, sino que tambi\u00e9n recomiendan una sinceridad radical basada en solicitar cr\u00edticas para mejorar el liderazgo. Scott afirma que las relaciones radicalmente sinceras con los miembros del equipo permiten a los jefes cumplir con sus tres responsabilidades principales: crear una cultura de sinceridad compasiva, construir un equipo cohesionado y lograr resultados de forma colaborativa. Y es que no podemos olvidarlo: la colaboraci\u00f3n y la cr\u00edtica constructiva son esenciales si queremos seguir mejorando profesionalmente y en equipo.<\/li>\n<li><a title=\"Peter Principle de Laurence J. Peter y Raymond Hull\" href=\"https:\/\/www.amazon.es\/Peter-Principle-Things-Always-Wrong\/dp\/0062092065\" target=\"_blank\" rel=\"noopener\">Peter Principle de Laurence J. Peter y Raymond Hull<\/a>\u00a0(Harper Business, 2013): Basado en el \u00abestudio de las jerarqu\u00edas en las organizaciones modernas\u00bb, o lo que Laurence J. Peter denomina \u00abhierarchiology\u00bb (\u00abjerarquiolog\u00eda\u00bb), este principio afirma que las personas que realizan bien su trabajo y son promocionadas a puestos de mayor responsabilidad, pueden llegar a adquirir dificultades para formular sus objetivos de trabajo y alcanzar su m\u00e1ximo nivel de incompetencia. Aunque parezca mentira, son cientos los casos de incompetencia dados en algunas organizaciones, factor que servir\u00eda para explicar por qu\u00e9 es tan importante seguir renovando las plantillas y realizando procesos de selecci\u00f3n. Un libro recomendado para RRHH, l\u00edderes y todo tipo de profesionales que quieran conocer la realidad de las organizaciones y estar alerta. \u00bfTienes intenci\u00f3n de subir de puesto o quieres ascender a un miembro de tu equipo? \u00a1No te relajes! Reflexiona si realmente aporta(s) y crecer\u00e1(s) en ese puesto.<\/li>\n<li><a title=\"Good to Great de Jim Collins\" href=\"https:\/\/www.amazon.es\/Good-Great-Some-Companies-Others\/dp\/0066620996\" target=\"_blank\" rel=\"noopener\">Good to Great de Jim Collins<\/a>\u00a0(Harper Collins, 2001): \u00bfPlaneas convertir tu empresa en una organizaci\u00f3n de \u00e9xito? \u00bfQuieres hacerla crecer? Esta lectura describe las claves que hacen que una empresa pase de ser buena a grandes, pero tambi\u00e9n advierte de que la mayor\u00eda no logran realizar dicha transici\u00f3n. No todas las empresas se convierten en gigantes, y eso no tiene por qu\u00e9 ser una mala noticia necesariamente, ya que hay sitio para todo tipo de empresas de diferente tama\u00f1o. Collins aporta una visi\u00f3n realista y define la \u00abgrandeza\u00bb de una empresa como aquella que logra un rendimiento financiero que multiplica el promedio del mercado en varios aspectos y durante un per\u00edodo sostenido. Si quieres lograr convertir tu empresa en una empresa grande, esto es lo que tienes que saber.<\/li>\n<li><a title=\"#Reiniciando de Rodrigo Miranda\" href=\"https:\/\/www.amazon.es\/reiniciando-C%C3%93MO-REINVENTARSE-MUNDO-DIGITAL\/dp\/8409234939\" target=\"_blank\" rel=\"noopener\">#Reiniciando de Rodrigo Miranda<\/a>\u00a0(ISDI, 2020): Este libro me acaba de llegar y todav\u00eda no he tenido el tiempo suficiente para leerlo, pero tiene muy buena pinta. Quiero recomendarlo sobre todo porque conozco a Rodrigo desde hace a\u00f1os y s\u00e9 de primera mano que todo lo que hace, lo hace bien. Peque\u00f1o resumen de su contraportada: El mundo del trabajo est\u00e1 cambiando mucho y muy deprisa. Ya no existen los trabajos para toda la vida, nuestra carrera profesional cada vez es m\u00e1s larga y la digitalizaci\u00f3n est\u00e1 afectando a funciones y sectores que en unos a\u00f1os quedar\u00e1n obsoletos y desaparecer\u00e1n. Todo est\u00e1 cambiando. Por eso, este libro es un imprescindible para los profesionales de hoy. Para hacer un reset, aprender a reinventarse y conocer las habilidades que necesitamos, que son m\u00e1s valoradas por el mercado y c\u00f3mo podemos adquirirlas.<\/li>\n<\/ul>\n<hr \/>\n<p><img decoding=\"async\" src=\"https:\/\/teletrabajoynegocios.com\/teletrabajador\/wp-content\/uploads\/sites\/3\/2020\/07\/articulos.png\" \/><\/p>\n<p>[wp-rss-aggregator]<\/p>\n<hr \/>\n<h2>\u00a1Extra, extra! Algunas lecturas para desconectar<\/h2>\n<ul>\n<li><a title=\"Biograf\u00eda del silencio de Pablo d'Ors\" href=\"https:\/\/www.amazon.es\/Biograf%C3%ADa-Silencio-Biblioteca-Ensayo-Serie\/dp\/8498418380\/ref=sr_1_3?__mk_es_ES=%C3%85M%C3%85%C5%BD%C3%95%C3%91&amp;crid=UL5RLVX1JHPU&amp;dchild=1&amp;keywords=biografia+del+silencio&amp;qid=1624966093&amp;s=books&amp;sprefix=biograf%2Cstripbooks%2C336&amp;sr=1-3\" target=\"_blank\" rel=\"noopener\">Biograf\u00eda del silencio de Pablo d\u2019Ors<\/a>\u00a0(Siruela, 2019): Si no es la primera vez que echas un vistazo a mis recomendaciones, este libro te sonar\u00e1. Siempre digo que es un cl\u00e1sico que no pasa de moda. Y es que este ensayo nos cuenta que la meditaci\u00f3n puede convertirse en una herramienta para conectarse con uno mismo, reflexionando sobre lo que somos, lo que queremos y c\u00f3mo queremos vivir. La meditaci\u00f3n nos concentra, nos ense\u00f1a a vivir con nosotros mismos hasta que nuestra vieja personalidad se rompe y comienza a nacer una nueva. Un libro que conduce a la reflexi\u00f3n y puede ayudar a marcar un antes y un despu\u00e9s en nuestra etapa vital.<\/li>\n<li><a title=\"Tan cerca de la vida de Santiago L\u00f3pez Petit\" href=\"https:\/\/www.amazon.es\/Tan-cerca-vida-Rayos-Globulares\/dp\/8417925465\/ref=sr_1_1?__mk_es_ES=%C3%85M%C3%85%C5%BD%C3%95%C3%91&amp;dchild=1&amp;keywords=tan+cerca+de+la+vida&amp;qid=1624966207&amp;s=books&amp;sr=1-1\" target=\"_blank\" rel=\"noopener\">Tan cerca de la vida de Santiago L\u00f3pez Petit<\/a>\u00a0(Rayo Verde, 2021): Esta novela est\u00e1 entre mis pr\u00f3ximas lecturas pendientes. Su autor une el pensamiento filos\u00f3fico con la derrota del movimiento obrero, extrayendo una met\u00e1fora sobre la experiencia y conflictos que vive el individuo en la realidad actual. La Escuela de la Vida, que forma a los l\u00edderes del futuro, ve como un nuevo alumno ingresa en sus clases para dejar atr\u00e1s su pasado y aprender a ser libre, desplegar su creatividad y poder reinventarse. Sin embargo, el protagonista pronto descubrir\u00e1 que en la Escuela de la Vida suceden hechos extra\u00f1os, inexplicables, como si la Vida, que la dirige, escondiera sus verdaderos prop\u00f3sitos.<\/li>\n<\/ul>\n<h2>Otros dos libros para impulsar tu carrera<\/h2>\n<ul>\n<li><a title=\"El Mapa de tu Talento\" href=\"https:\/\/www.amazon.es\/gp\/product\/8494783416?pf_rd_r=YFYADVFSRRX73GYTPWJA&amp;pf_rd_p=c6fa5af0-ec7c-40de-8332-fd1421de4244&amp;pd_rd_r=de4193a6-dcb4-49eb-af4b-597361600e31&amp;pd_rd_w=ot4xc&amp;pd_rd_wg=ISMu6&amp;ref_=pd_gw_unk\" target=\"_blank\" rel=\"noopener\">El Mapa de tu Talento<\/a>\u00a0(BeLibris, 2014): Si quieres identificar tus atributos m\u00e1s definitorios, encontrar el mejor lugar para impulsar tu talento y definir tu direcci\u00f3n o cambiar el rumbo de tu carrera, este es tu libro.<\/li>\n<li><a title=\"Qu\u00e9 Busca el Headhunter\" href=\"https:\/\/www.amazon.es\/Qu%C3%A9-busca-headhunter-cazatalentos-emplearlo\/dp\/8416029601\/ref=pd_sbs_3\/259-1514744-8748037?pd_rd_w=eWJdZ&amp;pf_rd_p=dcd633b7-cb38-4615-862b-a9bd1fbbb388&amp;pf_rd_r=7WVQ0KXJ2NS8EKZWW3Y5&amp;pd_rd_r=d8a86f9a-c6f1-451f-8db3-e1ff117c2a74&amp;pd_rd_wg=MrfzO&amp;pd_rd_i=8416029601&amp;psc=1\" target=\"_blank\" rel=\"noopener\">Qu\u00e9 Busca el Headhunter<\/a>\u00a0(Conecta, 2016): \u00bfTu objetivo es encontrar empleo, comunicar un mensaje de forma eficaz o mejorar tu networking para tejer una potente red de contactos? Aqu\u00ed encontrar\u00e1s los consejos que necesitas.<\/li>\n<\/ul>\n<p>\u00bfY t\u00fa qu\u00e9 lecturas me recomiendas?<\/p>\n<p><a href=\"https:\/\/www.historiasdecracks.com\/\"><em>Arancha Ruiz<\/em><\/a><\/p>\n<div id=\"telet-795798955\" class=\"telet-despues-del-contenido telet-entity-placement\"><a target=\"_blank\" href=\"\/\/aff.lucushost.com\/resources\/click\/?n=gDxoXMAJ&aff=756\"><img decoding=\"async\" border=\"0\" alt=\"LucusHost, el mejor hosting\" src=\"\/\/aff.lucushost.com\/resources\/banners\/?zoneid=5123&n=gDxoXMAJ&aff=756\" \/><\/a><\/div>","protected":false},"excerpt":{"rendered":"<p>Como cada a\u00f1o, os hago una propuesta de lecturas para el verano. Esta vez traigo algunas recomendaciones de libros de marca personal para que sigas form\u00e1ndote y reflexionando sobre tu&hellip; <\/p>\n","protected":false},"author":1,"featured_media":4981,"comment_status":"open","ping_status":"open","sticky":false,"template":"","format":"standard","meta":{"footnotes":"","_links_to":"","_links_to_target":""},"categories":[6],"tags":[20,19],"class_list":["post-4980","post","type-post","status-publish","format-standard","has-post-thumbnail","hentry","category-marca-personal","tag-fuprisa","tag-jose-manuel-fuentes-prieto"],"nelio_content":{"autoShareEndMode":"never","automationSources":{"useCustomSentences":false,"customSentences":[]},"efiAlt":"","efiUrl":"","followers":[1],"highlights":[],"isAutoShareEnabled":true,"networkImageIds":[],"permalinkQueryArgs":[],"series":[],"suggestedReferences":[]},"jetpack_featured_media_url":"https:\/\/teletrabajoynegocios.com\/teletrabajador\/wp-content\/uploads\/sites\/3\/2021\/07\/mujer-cama-mirando-movil.jpg","_links":{"self":[{"href":"https:\/\/teletrabajoynegocios.com\/teletrabajador\/wp-json\/wp\/v2\/posts\/4980","targetHints":{"allow":["GET"]}}],"collection":[{"href":"https:\/\/teletrabajoynegocios.com\/teletrabajador\/wp-json\/wp\/v2\/posts"}],"about":[{"href":"https:\/\/teletrabajoynegocios.com\/teletrabajador\/wp-json\/wp\/v2\/types\/post"}],"author":[{"embeddable":true,"href":"https:\/\/teletrabajoynegocios.com\/teletrabajador\/wp-json\/wp\/v2\/users\/1"}],"replies":[{"embeddable":true,"href":"https:\/\/teletrabajoynegocios.com\/teletrabajador\/wp-json\/wp\/v2\/comments?post=4980"}],"version-history":[{"count":3,"href":"https:\/\/teletrabajoynegocios.com\/teletrabajador\/wp-json\/wp\/v2\/posts\/4980\/revisions"}],"predecessor-version":[{"id":4997,"href":"https:\/\/teletrabajoynegocios.com\/teletrabajador\/wp-json\/wp\/v2\/posts\/4980\/revisions\/4997"}],"wp:featuredmedia":[{"embeddable":true,"href":"https:\/\/teletrabajoynegocios.com\/teletrabajador\/wp-json\/wp\/v2\/media\/4981"}],"wp:attachment":[{"href":"https:\/\/teletrabajoynegocios.com\/teletrabajador\/wp-json\/wp\/v2\/media?parent=4980"}],"wp:term":[{"taxonomy":"category","embeddable":true,"href":"https:\/\/teletrabajoynegocios.com\/teletrabajador\/wp-json\/wp\/v2\/categories?post=4980"},{"taxonomy":"post_tag","embeddable":true,"href":"https:\/\/teletrabajoynegocios.com\/teletrabajador\/wp-json\/wp\/v2\/tags?post=4980"}],"curies":[{"name":"wp","href":"https:\/\/api.w.org\/{rel}","templated":true}]}}