{"id":5046,"date":"2021-07-30T17:48:32","date_gmt":"2021-07-30T15:48:32","guid":{"rendered":"https:\/\/teletrabajoynegocios.com\/teletrabajador\/?p=5046"},"modified":"2021-07-23T17:56:13","modified_gmt":"2021-07-23T15:56:13","slug":"teletrabajo-en-tu-segunda-residencia-o-lugar-de-vacaciones-como-ser-mas-productivo","status":"publish","type":"post","link":"https:\/\/teletrabajoynegocios.com\/teletrabajador\/teletrabajo-en-tu-segunda-residencia-o-lugar-de-vacaciones-como-ser-mas-productivo\/","title":{"rendered":"Teletrabajo en tu segunda residencia o lugar de vacaciones, c\u00f3mo ser m\u00e1s productivo"},"content":{"rendered":"<div id=\"telet-1626733926\" class=\"telet-antes-del-contenido telet-entity-placement\"><a href=\"https:\/\/quaderno.io\/?via=jose-manuel94\" aria-label=\"Quaderno General (Spanish) &#8211; 728&#215;90\"><img loading=\"lazy\" decoding=\"async\" src=\"https:\/\/teletrabajoynegocios.com\/teletrabajador\/wp-content\/uploads\/sites\/3\/2020\/11\/Quaderno-General-Spanish-728x90-1.png\" alt=\"\"  srcset=\"https:\/\/teletrabajoynegocios.com\/teletrabajador\/wp-content\/uploads\/sites\/3\/2020\/11\/Quaderno-General-Spanish-728x90-1.png 728w, https:\/\/teletrabajoynegocios.com\/teletrabajador\/wp-content\/uploads\/sites\/3\/2020\/11\/Quaderno-General-Spanish-728x90-1-300x37.png 300w\" sizes=\"(max-width: 728px) 100vw, 728px\" width=\"728\" height=\"90\"   \/><\/a><\/div><p>Una de las ventajas que podemos tener con el teletrabajo es que nos permite conciliar mejor nuestra vida personal y familiar con la laboral. En el caso del verano, cuando muchas familias se trasladan a un segunda residencia o a una estancia que alquilan durante el verano, lo habitual era quedarse trabajando en la oficina y desplazarse los fines de semana. Esta situaci\u00f3n cambia con la posibilidad del trabajo remoto. Pero si no queremos alargar la jornada m\u00e1s de lo necesario, es interesante tomar una serie de medidas para utilizar el\u00a0<strong>teletrabajo en tu segunda residencia o lugar de vacaciones<\/strong>.<\/p>\n<p>Asumiendo que es posible que tengamos que desplazarnos a la oficina, pero lo haremos de forma inversa al trabajo presencial. En lugar de irnos los fines de semana, con atasco incluido a la playa o al campo, viajamos a la oficina entre semana, para trabajar uno o dos d\u00edas de forma presencial, coordinar algunas tareas, dejar temas resueltos y volvemos a nuestro casa para seguir con las tareas pendientes.<\/p>\n<hr \/>\n<p><img decoding=\"async\" src=\"https:\/\/teletrabajoynegocios.com\/teletrabajador\/wp-content\/uploads\/sites\/3\/2020\/07\/articulos.png\" \/><\/p>\n<p>[wp-rss-aggregator]<\/p>\n<hr \/>\n<h2>No es el entorno ideal para trabajar<\/h2>\n<p>Es aqu\u00ed donde la cosa se puede complicar por diferentes motivos. En primer lugar por la\u00a0<strong>conexi\u00f3n a Internet<\/strong>. En muchas zonas de costa o rurales la conexi\u00f3n que podemos conseguir no es de fibra. Nos queda el 4G, pero cuidado porque en algunas zonas, especialmente de monta\u00f1a puede que no sea de la mejor calidad. Y la velocidad de conexi\u00f3n si que impacta de forma importante en nuestra capacidad para trabajar. En el peor de los casos nos tocar\u00eda buscar un coworking o un centro de empresa lo m\u00e1s cercano posible a nuestra segunda residencia.<\/p>\n<p>Despu\u00e9s tenemos una cuesti\u00f3n de infraestructura. Mientras que en nuestra casa ya tenemos habilitado nuestro espacio de trabajo, mesa, silla, pantalla grande, etc. en nuestro lugar de vacaciones puede que no estemos tan c\u00f3modos. Es importante\u00a0<strong>evitar lugares comunes para trabajar<\/strong>, mejor un peque\u00f1o espacio en una habitaci\u00f3n que en la mesa del comedor. Y a ser posible con una silla c\u00f3moda, donde al fin y al cabo vamos a pasar 7 u 8 horas diarias.<\/p>\n<h2>Puede que ni siquiera tengamos la mejor infraestructura<\/h2>\n<p>Respecto a los equipos de conexi\u00f3n lo normal es tener un port\u00e1til. Pero si vamos a trabajar muchas horas, no est\u00e1 de m\u00e1s poder\u00a0<strong>disponer de una segunda pantalla<\/strong>\u00a0para tener mejor visibilidad. En ocasiones nos puede servir alg\u00fan televisor peque\u00f1o que tengamos por la casa, aunque a veces la resoluci\u00f3n no es de la mejor calidad.<\/p>\n<p>Podemos\u00a0<strong>ir olvid\u00e1ndonos de trabajar tumbados en la hamaca o en exteriores<\/strong>. Est\u00e1 muy bien como postureo en redes sociales, pero la mayor\u00eda de las veces el brillo de nuestras pantallas no ser\u00e1 suficiente como para hacerlo de forma c\u00f3moda durante varias horas al d\u00eda y tendremos un cansancio visual adicional.<\/p>\n<h2>Trabaja a las horas que sea m\u00e1s tranquilo<\/h2>\n<p>Si tienes la opci\u00f3n de tener horario flexible, a veces es preferible madrugar para sacar una parte del trabajo adelante y acabar pronto para tener las tardes libres. Otras veces se puede parar a media ma\u00f1ana y continuar despu\u00e9s de comer. Lo ideal es encontrar el tiempo adecuado para que seamos capaces de trabajar concentrados y a la vez aprovechar el tiempo que nos queda libre.<\/p>\n<p>Por \u00faltimo, hay que\u00a0<strong>utilizar la inteligencia emocional<\/strong>\u00a0para buscar como podemos sacar las tareas adelante sin aumentar las horas que pasamos trabajando. Puede que no tengamos las condiciones perfectas para ser productivos al m\u00e1ximo, pero hay que pensar que vamos a estar mejor que trabajando en la oficina, que tenemos menos desplazamientos, que pasaremos m\u00e1s tiempo con la familia o los amigos o que simplemente cuando acabamos estamos ya en el entorno que deseamos para disfrutar de nuestro ocio.<\/p>\n<p><a class=\"article-author-link\" href=\"https:\/\/www.pymesyautonomos.com\/autor\/carlos-roberto\" rel=\"author\">CARLOS ROBERTO<\/a><\/p>\n<div id=\"telet-208741611\" class=\"telet-despues-del-contenido telet-entity-placement\"><a target=\"_blank\" href=\"\/\/aff.lucushost.com\/resources\/click\/?n=gDxoXMAJ&aff=756\"><img decoding=\"async\" border=\"0\" alt=\"LucusHost, el mejor hosting\" src=\"\/\/aff.lucushost.com\/resources\/banners\/?zoneid=5123&n=gDxoXMAJ&aff=756\" \/><\/a><\/div>","protected":false},"excerpt":{"rendered":"<p>Una de las ventajas que podemos tener con el teletrabajo es que nos permite conciliar mejor nuestra vida personal y familiar con la laboral. En el caso del verano, cuando&hellip; <\/p>\n","protected":false},"author":1,"featured_media":5047,"comment_status":"open","ping_status":"open","sticky":false,"template":"","format":"standard","meta":{"footnotes":"","_links_to":"","_links_to_target":""},"categories":[3],"tags":[20,19],"class_list":["post-5046","post","type-post","status-publish","format-standard","has-post-thumbnail","hentry","category-nomada-digital","tag-fuprisa","tag-jose-manuel-fuentes-prieto"],"nelio_content":{"autoShareEndMode":"never","automationSources":{"useCustomSentences":false,"customSentences":[]},"efiAlt":"","efiUrl":"","followers":[1],"highlights":[],"isAutoShareEnabled":true,"networkImageIds":[],"permalinkQueryArgs":[],"series":[],"suggestedReferences":[]},"jetpack_featured_media_url":"https:\/\/teletrabajoynegocios.com\/teletrabajador\/wp-content\/uploads\/sites\/3\/2021\/07\/teletrabajando.jpg","_links":{"self":[{"href":"https:\/\/teletrabajoynegocios.com\/teletrabajador\/wp-json\/wp\/v2\/posts\/5046","targetHints":{"allow":["GET"]}}],"collection":[{"href":"https:\/\/teletrabajoynegocios.com\/teletrabajador\/wp-json\/wp\/v2\/posts"}],"about":[{"href":"https:\/\/teletrabajoynegocios.com\/teletrabajador\/wp-json\/wp\/v2\/types\/post"}],"author":[{"embeddable":true,"href":"https:\/\/teletrabajoynegocios.com\/teletrabajador\/wp-json\/wp\/v2\/users\/1"}],"replies":[{"embeddable":true,"href":"https:\/\/teletrabajoynegocios.com\/teletrabajador\/wp-json\/wp\/v2\/comments?post=5046"}],"version-history":[{"count":1,"href":"https:\/\/teletrabajoynegocios.com\/teletrabajador\/wp-json\/wp\/v2\/posts\/5046\/revisions"}],"predecessor-version":[{"id":5048,"href":"https:\/\/teletrabajoynegocios.com\/teletrabajador\/wp-json\/wp\/v2\/posts\/5046\/revisions\/5048"}],"wp:featuredmedia":[{"embeddable":true,"href":"https:\/\/teletrabajoynegocios.com\/teletrabajador\/wp-json\/wp\/v2\/media\/5047"}],"wp:attachment":[{"href":"https:\/\/teletrabajoynegocios.com\/teletrabajador\/wp-json\/wp\/v2\/media?parent=5046"}],"wp:term":[{"taxonomy":"category","embeddable":true,"href":"https:\/\/teletrabajoynegocios.com\/teletrabajador\/wp-json\/wp\/v2\/categories?post=5046"},{"taxonomy":"post_tag","embeddable":true,"href":"https:\/\/teletrabajoynegocios.com\/teletrabajador\/wp-json\/wp\/v2\/tags?post=5046"}],"curies":[{"name":"wp","href":"https:\/\/api.w.org\/{rel}","templated":true}]}}