{"id":7045,"date":"2021-12-07T11:06:12","date_gmt":"2021-12-07T10:06:12","guid":{"rendered":"https:\/\/teletrabajoynegocios.com\/teletrabajador\/?p=7045"},"modified":"2021-12-05T11:45:44","modified_gmt":"2021-12-05T10:45:44","slug":"la-productividad-consciente-requiere-o-necesita-unas-determinadas-condiciones-quieres-saber-que-puedes-hacer-para-alcanzarla-dentro-articulo","status":"publish","type":"post","link":"https:\/\/teletrabajoynegocios.com\/teletrabajador\/la-productividad-consciente-requiere-o-necesita-unas-determinadas-condiciones-quieres-saber-que-puedes-hacer-para-alcanzarla-dentro-articulo\/","title":{"rendered":"La productividad consciente requiere o necesita unas determinadas condiciones. \u00bfQuieres saber qu\u00e9 puedes hacer para alcanzarla? \u00a1Dentro art\u00edculo!"},"content":{"rendered":"<div id=\"telet-1394170608\" class=\"telet-antes-del-contenido telet-entity-placement\"><a href=\"https:\/\/quaderno.io\/?via=jose-manuel94\" aria-label=\"Quaderno General (Spanish) &#8211; 728&#215;90\"><img loading=\"lazy\" decoding=\"async\" src=\"https:\/\/teletrabajoynegocios.com\/teletrabajador\/wp-content\/uploads\/sites\/3\/2020\/11\/Quaderno-General-Spanish-728x90-1.png\" alt=\"\"  srcset=\"https:\/\/teletrabajoynegocios.com\/teletrabajador\/wp-content\/uploads\/sites\/3\/2020\/11\/Quaderno-General-Spanish-728x90-1.png 728w, https:\/\/teletrabajoynegocios.com\/teletrabajador\/wp-content\/uploads\/sites\/3\/2020\/11\/Quaderno-General-Spanish-728x90-1-300x37.png 300w\" sizes=\"(max-width: 728px) 100vw, 728px\" width=\"728\" height=\"90\"   \/><\/a><\/div><p>La productividad consciente requiere o necesita unas determinadas condiciones. \u00bfQuieres saber qu\u00e9 puedes hacer para alcanzarla? \u00a1Dentro art\u00edculo!<\/p>\n<p class=\"jsx-4098198752 c--grey-neutral-800\">Est\u00e1s trabajando y te tomas un descanso de cinco minutos para comer algo; vuelves a tu puesto, pero deseas estirar un poco la espalda; retomas nuevamente, pero los cuatro minutos que dura el video que llama tu atenci\u00f3n no prometen quitarte mucho tiempo\u2026 Sin darte cuenta, se termina la jornada laboral y sientes angustia porque hoy no has sido demasiado productivo.<\/p>\n<p class=\"jsx-4098198752 c--grey-neutral-800\">\u00bfLa secuencia de acontecimientos es familiar para ti? No te preocupes,<strong>\u00a0no es f\u00e1cil tener una productividad consciente.<\/strong>\u00a0Alguna vez \u00bfescuchaste hablar sobre este concepto?<\/p>\n<p class=\"jsx-4098198752 c--grey-neutral-800\"><strong>El tiempo es uno de los bienes m\u00e1s preciados de la sociedad y la econom\u00eda<\/strong>; nos afecta, subjetivamente, en todos los \u00e1mbitos. No obstante, desde hace d\u00e9cadas, en el mundo laboral impera la idea de que se puede hacer mucho en muy poco tiempo, incluso si esto significa trabajar horas extras no remuneradas. No ser\u00eda raro que almorcemos o cenemos trabajando frente a la pantalla del computador.<\/p>\n<p class=\"jsx-4098198752 c--grey-neutral-800\">Podemos no ser capaces de concentrarnos en nuestro trabajo, ya sea por una tendencia a procrastinar, porque estamos tristes o somos v\u00edctimas de la pereza, cuya causa tal vez desconocemos.\u00a0<span class=\"c--grey-neutral-800\">Ahora, en este tipo de contextos, \u00bfes posible enfocarnos en el trabajo?<\/span><\/p>\n<hr \/>\n<p><img decoding=\"async\" src=\"https:\/\/teletrabajoynegocios.com\/teletrabajador\/wp-content\/uploads\/sites\/3\/2020\/07\/articulos.png\" \/><\/p>\n<p>[wp-rss-aggregator template=\u00bbDefault\u00bb]<\/p>\n<hr \/>\n<h2 id=\"el-cansancio-cerebral\" class=\"jsx-3692753319 jsx-2566528898 c--main-600  mt--x-big pt--normal\">El cansancio cerebral<\/h2>\n<p class=\"jsx-4098198752 c--grey-neutral-800\"><strong>Permitir que el cerebro descanse es necesario para que pueda rendir.<\/strong>\u00a0Si respetas horarios de comidas, de hacer ejercicio, de jornadas de trabajo, etc., estar\u00e1s un poco m\u00e1s cerca de alcanzar la homeostasis emocional, esencial para lograr el descanso mental.<\/p>\n<p class=\"jsx-4098198752 c--grey-neutral-800\">Es f\u00e1cil decirlo, otra cosa es ponerlo en pr\u00e1ctica; sin embargo, ten presente lo siguiente: la actividad m\u00e1s importante para mantener mente y cuerpo sanos es\u00a0<a class=\"jsx-151512268 jsx-3387278544 default-a-link is--underline c--secondary-600 is--underline\" href=\"https:\/\/www.redalyc.org\/pdf\/804\/80401401.pdf\" target=\"_blank\" rel=\"noopener\" data-with-google-events=\"true\" data-google-events=\"{&quot;data&quot;:{&quot;action&quot;:&quot;click&quot;,&quot;category&quot;:&quot;Content&quot;,&quot;label&quot;:&quot;Related \/productividad-consciente\/&quot;,&quot;value&quot;:&quot;https:\/\/www.redalyc.org\/pdf\/804\/80401401.pdf&quot;}}\">dormir bien<\/a>, pues un cerebro cansado, es un cerebro poco operativo;\u00a0<b>la somnolencia se convertir\u00e1 en un lastre<\/b>; se debe evitar a toda costa la deuda del sue\u00f1o.<\/p>\n<h2 id=\"la-productividad-consciente\" class=\"jsx-3692753319 jsx-2566528898 c--main-600  mt--x-big pt--normal\">La productividad consciente<\/h2>\n<p>Lo anterior est\u00e1 descrito en funci\u00f3n de la\u00a0<a class=\"jsx-151512268 jsx-3387278544 default-a-link is--underline c--secondary-600 is--underline\" href=\"https:\/\/www.redalyc.org\/articulo.oa?id=54921605013\" target=\"_blank\" rel=\"noopener\" data-with-google-events=\"true\" data-google-events=\"{&quot;data&quot;:{&quot;action&quot;:&quot;click&quot;,&quot;category&quot;:&quot;Content&quot;,&quot;label&quot;:&quot;Related \/productividad-consciente\/&quot;,&quot;value&quot;:&quot;https:\/\/www.redalyc.org\/articulo.oa?id=54921605013&quot;}}\">productividad<\/a>\u00a0que exige un trabajo y una carrera acad\u00e9mica, seg\u00fan la demanda y el mercado que los condicionan. Sin embargo,\u00a0<strong>la productividad consciente tambi\u00e9n puede ser aplicada en la vida personal<\/strong>; es decir, en lo que verdaderamente deseamos, como tener un mejor estado f\u00edsico, ser autodidactas, emprendedores, etc.<\/p>\n<h3 id=\"atencion-consciente\" class=\"jsx-3692753319 jsx-2566528898 c--main-600  mt--x-big pt--normal\">Atenci\u00f3n consciente<\/h3>\n<p class=\"jsx-4098198752 c--grey-neutral-800\">Para lograr una productividad consciente es necesario trabajar en la atenci\u00f3n consciente, pues este aspecto psicol\u00f3gico es el pilar de aquella.<\/p>\n<p class=\"jsx-4098198752 c--grey-neutral-800\">La importancia de enfocarse en uno mismo, de hacerlo solo para realizar tareas espec\u00edficas, sino\u00a0<strong>tom\u00e1ndose a uno mismo como objeto de atenci\u00f3n plena radica en realizar un an\u00e1lisis de lo que somos<\/strong>, lo que nos falta, lo que sentimos y lo que realmente deseamos.<\/p>\n<p class=\"jsx-4098198752 c--grey-neutral-800\">Cuando tenemos claro lo que queremos, podemos hablar de una plena atenci\u00f3n consciente, que debe estar nutri\u00e9ndose constantemente, con prudencia y calma, del reconocimiento propio, del reconocer a los dem\u00e1s y al mundo que nos rodea.<\/p>\n<h3 id=\"enfocarse\" class=\"jsx-3692753319 jsx-2566528898 c--main-600  mt--x-big pt--normal\">Enfocarse<\/h3>\n<p class=\"jsx-4098198752 c--grey-neutral-800\">Una vez trabajada o entrenada la atenci\u00f3n consciente para interactuar con el mundo, podemos\u00a0<a class=\"jsx-151512268 jsx-3387278544 default-a-link is--underline c--secondary-600 is--underline\" href=\"https:\/\/lamenteesmaravillosa.com\/5-claves-para-mejorar-tu-enfoque-mental\/\" target=\"_blank\" rel=\"noopener\" data-with-google-events=\"true\" data-google-events=\"{&quot;data&quot;:{&quot;action&quot;:&quot;click&quot;,&quot;category&quot;:&quot;Content&quot;,&quot;label&quot;:&quot;Related \/productividad-consciente\/&quot;,&quot;value&quot;:&quot;https:\/\/lamenteesmaravillosa.com\/5-claves-para-mejorar-tu-enfoque-mental\/&quot;}}\">enfocarnos<\/a>\u00a0en lo que deseemos, etapa esencial para alcanzar una productividad consciente. Independiente del deber que tenemos con el trabajo, los estudios, la vida, etc., no debemos perder el enfoque de lo que realmente deseamos.<\/p>\n<p>Esta f\u00f3rmula debemos tenerla presente en nuestra consciencia: \u201clo que somos+lo que sentimos+lo que nos falta+lo que realmente queremos\u201d. Si uno de estos cuatro elementos falta, es m\u00e1s probable que se pierda\u00a0el enfoque y, por lo tanto, la atenci\u00f3n consciente, lo que quiere decir \u201c\u00a1adi\u00f3s productividad consciente!\u201d.<\/p>\n<h3 id=\"homeostasis-emocional\" class=\"jsx-3692753319 jsx-2566528898 c--main-600  mt--x-big pt--normal\">Homeostasis emocional<\/h3>\n<p class=\"jsx-4098198752 c--grey-neutral-800\">Una vez realizados los pasos anteriores, es probable que nos sintamos con m\u00e1s poder para\u00a0<a class=\"jsx-151512268 jsx-3387278544 default-a-link is--underline c--secondary-600 is--underline\" href=\"https:\/\/lamenteesmaravillosa.com\/autorregulacion-emocional-el-otro-solo-muestra-donde-esta-la-herida\/\" target=\"_blank\" rel=\"noopener\" data-with-google-events=\"true\" data-google-events=\"{&quot;data&quot;:{&quot;action&quot;:&quot;click&quot;,&quot;category&quot;:&quot;Content&quot;,&quot;label&quot;:&quot;Related \/productividad-consciente\/&quot;,&quot;value&quot;:&quot;https:\/\/lamenteesmaravillosa.com\/autorregulacion-emocional-el-otro-solo-muestra-donde-esta-la-herida\/&quot;}}\">regular emociones<\/a>. Por ello, ser\u00e1 m\u00e1s sencillo alcanzar la homeostasis emocional, pues quien no comprende sus emociones est\u00e1 condenado al displacer.<\/p>\n<p class=\"jsx-4098198752 c--grey-neutral-800\">Si este es tu caso o conoces alguno, recuerda que siempre puedes pedir ayuda de un profesional.<\/p>\n<h2 id=\"aspectos-fundamentales-de-la-productividad-consciente\" class=\"jsx-3692753319 jsx-2566528898 c--main-600  mt--x-big pt--normal\">Aspectos fundamentales de la productividad consciente<\/h2>\n<p class=\"jsx-4098198752 c--grey-neutral-800\">La productividad consciente es el enfoque sostenible que logramos en un tiempo determinado para cumplir metas, ya sean econ\u00f3micas, acad\u00e9micas, de bienestar y regulaci\u00f3n emocional; adem\u00e1s, son necesarios los siguientes aspectos para mantener la productividad consciente:<\/p>\n<ul class=\"jsx-43291209 list-on-content mlr--x-big mtb--big c--grey-neutral-800 lh--1-8 ff--serif lst--disc\">\n<li>El c\u00f3mo.<\/li>\n<li>El para qu\u00e9.<\/li>\n<li>El porqu\u00e9.<\/li>\n<\/ul>\n<p class=\"jsx-4098198752 c--grey-neutral-800\">Desde hace siglos, la filosof\u00eda se ocupa de estas preguntas; ahora, es dif\u00edcil que alguien logre\u00a0<strong>alcanzar la productividad consciente\u00a0<\/strong>sin asumir el desaf\u00edo de contestarlas de manera personal.<\/p>\n<p>\u00a0<a class=\"jsx-151512268 jsx-143194717 default-a-link is--underline c--grey-neutral-800  link-tool-tip jsx-2288154920 jsx-986712099\" href=\"https:\/\/lamenteesmaravillosa.com\/autor\/cristian-munoz-escobar\/\" target=\"_self\" rel=\"noopener\"><strong>Cristian Munoz Escobar<\/strong><\/a><\/p>\n<div id=\"telet-2495453627\" class=\"telet-despues-del-contenido telet-entity-placement\"><a target=\"_blank\" href=\"\/\/aff.lucushost.com\/resources\/click\/?n=gDxoXMAJ&aff=756\"><img decoding=\"async\" border=\"0\" alt=\"LucusHost, el mejor hosting\" src=\"\/\/aff.lucushost.com\/resources\/banners\/?zoneid=5123&n=gDxoXMAJ&aff=756\" \/><\/a><\/div>","protected":false},"excerpt":{"rendered":"<p>La productividad consciente requiere o necesita unas determinadas condiciones. \u00bfQuieres saber qu\u00e9 puedes hacer para alcanzarla? \u00a1Dentro art\u00edculo! Est\u00e1s trabajando y te tomas un descanso de cinco minutos para comer&hellip; <\/p>\n","protected":false},"author":1,"featured_media":7046,"comment_status":"open","ping_status":"open","sticky":false,"template":"","format":"standard","meta":{"footnotes":"","_links_to":"","_links_to_target":""},"categories":[17],"tags":[20,19],"class_list":["post-7045","post","type-post","status-publish","format-standard","has-post-thumbnail","hentry","category-organizacion","tag-fuprisa","tag-jose-manuel-fuentes-prieto"],"nelio_content":{"autoShareEndMode":"never","automationSources":{"useCustomSentences":false,"customSentences":[]},"efiAlt":"","efiUrl":"","followers":[1],"highlights":[],"isAutoShareEnabled":true,"networkImageIds":[],"permalinkQueryArgs":[],"series":[],"suggestedReferences":[]},"jetpack_featured_media_url":"https:\/\/teletrabajoynegocios.com\/teletrabajador\/wp-content\/uploads\/sites\/3\/2021\/12\/mujer-meditando-lugar-trabajo-tener-productividad-consciente.png","_links":{"self":[{"href":"https:\/\/teletrabajoynegocios.com\/teletrabajador\/wp-json\/wp\/v2\/posts\/7045","targetHints":{"allow":["GET"]}}],"collection":[{"href":"https:\/\/teletrabajoynegocios.com\/teletrabajador\/wp-json\/wp\/v2\/posts"}],"about":[{"href":"https:\/\/teletrabajoynegocios.com\/teletrabajador\/wp-json\/wp\/v2\/types\/post"}],"author":[{"embeddable":true,"href":"https:\/\/teletrabajoynegocios.com\/teletrabajador\/wp-json\/wp\/v2\/users\/1"}],"replies":[{"embeddable":true,"href":"https:\/\/teletrabajoynegocios.com\/teletrabajador\/wp-json\/wp\/v2\/comments?post=7045"}],"version-history":[{"count":2,"href":"https:\/\/teletrabajoynegocios.com\/teletrabajador\/wp-json\/wp\/v2\/posts\/7045\/revisions"}],"predecessor-version":[{"id":7053,"href":"https:\/\/teletrabajoynegocios.com\/teletrabajador\/wp-json\/wp\/v2\/posts\/7045\/revisions\/7053"}],"wp:featuredmedia":[{"embeddable":true,"href":"https:\/\/teletrabajoynegocios.com\/teletrabajador\/wp-json\/wp\/v2\/media\/7046"}],"wp:attachment":[{"href":"https:\/\/teletrabajoynegocios.com\/teletrabajador\/wp-json\/wp\/v2\/media?parent=7045"}],"wp:term":[{"taxonomy":"category","embeddable":true,"href":"https:\/\/teletrabajoynegocios.com\/teletrabajador\/wp-json\/wp\/v2\/categories?post=7045"},{"taxonomy":"post_tag","embeddable":true,"href":"https:\/\/teletrabajoynegocios.com\/teletrabajador\/wp-json\/wp\/v2\/tags?post=7045"}],"curies":[{"name":"wp","href":"https:\/\/api.w.org\/{rel}","templated":true}]}}