{"id":7167,"date":"2021-12-15T10:36:28","date_gmt":"2021-12-15T09:36:28","guid":{"rendered":"https:\/\/teletrabajoynegocios.com\/teletrabajador\/?p=7167"},"modified":"2021-12-14T10:42:47","modified_gmt":"2021-12-14T09:42:47","slug":"por-que-no-tenemos-tiempo","status":"publish","type":"post","link":"https:\/\/teletrabajoynegocios.com\/teletrabajador\/por-que-no-tenemos-tiempo\/","title":{"rendered":"\u00bfPor qu\u00e9 no tenemos tiempo?"},"content":{"rendered":"<div id=\"telet-2494729411\" class=\"telet-antes-del-contenido telet-entity-placement\"><a href=\"https:\/\/quaderno.io\/?via=jose-manuel94\" aria-label=\"Quaderno General (Spanish) &#8211; 728&#215;90\"><img loading=\"lazy\" decoding=\"async\" src=\"https:\/\/teletrabajoynegocios.com\/teletrabajador\/wp-content\/uploads\/sites\/3\/2020\/11\/Quaderno-General-Spanish-728x90-1.png\" alt=\"\"  srcset=\"https:\/\/teletrabajoynegocios.com\/teletrabajador\/wp-content\/uploads\/sites\/3\/2020\/11\/Quaderno-General-Spanish-728x90-1.png 728w, https:\/\/teletrabajoynegocios.com\/teletrabajador\/wp-content\/uploads\/sites\/3\/2020\/11\/Quaderno-General-Spanish-728x90-1-300x37.png 300w\" sizes=\"(max-width: 728px) 100vw, 728px\" width=\"728\" height=\"90\"   \/><\/a><\/div><p>\u00bfTienes la sensaci\u00f3n de que el tiempo va demasiado r\u00e1pido? Pues bien, en este art\u00edculo repasaremos algunas ideas curiosas respecto a nuestra percepci\u00f3n del tiempo que te pueden ayudar.<\/p>\n<p class=\"jsx-4098198752 c--grey-neutral-800\">Da la sensaci\u00f3n de que no importa lo bien que nos organicemos, ya que al final del d\u00eda tendremos la idea de que nos faltan horas. En mayor o menor medida, todos hemos sentido algo parecido. Pero, \u00bfa qu\u00e9 se debe este fen\u00f3meno? \u00bfPor qu\u00e9 no tenemos tiempo?<\/p>\n<p class=\"jsx-4098198752 c--grey-neutral-800\">Para explicarlo, existen varias<b>\u00a0leyes relacionadas con el tiempo y la gesti\u00f3n que hacemos de \u00e9l<\/b>.<\/p>\n<h2 id=\"las-leyes-de-parkinson\" class=\"jsx-3692753319 jsx-2566528898 c--main-600  mt--x-big pt--normal\">Las leyes de Parkinson<\/h2>\n<p class=\"jsx-4098198752 c--grey-neutral-800\">Este\u00a0<a class=\"jsx-151512268 jsx-3387278544 default-a-link is--underline c--secondary-600 is--underline\" href=\"http:\/\/bioinfo.uib.es\/~joemiro\/teach\/material\/escritura\/parkLaw.pdf\" target=\"_self\" rel=\"noopener\" data-with-google-events=\"true\" data-google-events=\"{&quot;data&quot;:{&quot;action&quot;:&quot;click&quot;,&quot;category&quot;:&quot;Content&quot;,&quot;label&quot;:&quot;Related \/por-que-no-tenemos-tiempo\/&quot;,&quot;value&quot;:&quot;http:\/\/bioinfo.uib.es\/~joemiro\/teach\/material\/escritura\/parkLaw.pdf&quot;}}\">conjunto de leyes<\/a>\u00a0<strong>fueron redactadas por el<\/strong>\u00a0<b>historiador brit\u00e1nico Cyril Northcote Parkinson<\/b>. Son tres supuestos, concretamente, que se centran en fen\u00f3menos que se pueden producir en la distribuci\u00f3n de nuestro tiempo:<\/p>\n<ul class=\"jsx-43291209 list-on-content mlr--x-big mtb--big c--grey-neutral-800 lh--1-8 ff--serif lst--disc\">\n<li><b>El trabajo acapara hasta llegar a ocupar todo el tiempo del que disponemos<\/b>. \u00bfNunca lo has pensado? Cuando nos disponemos a cumplir con una determinada tarea, casi siempre nos ocupa m\u00e1s de lo esperado. Especialmente, cuando creemos que tenemos tiempo de sobra. En ese momento, el trabajo a realizar tiende a exigirnos casi todo nuestro \u201ctiempo libre\u201d.<\/li>\n<li><b>Los gastos aumentan hasta alcanzar o superar a los ingresos<\/b>. Otro aspecto relacionado con la gesti\u00f3n del tiempo tiene que ver con nuestros recursos. Al fin y al cabo, el tiempo es dinero, por lo que la gesti\u00f3n de una divisa estar\u00e1 directamente relacionada con la otra. Si nuestro tren de vida aumenta, lo normal es que nuestros ingresos empiecen a darnos la sensaci\u00f3n de ser m\u00e1s bajos. Por eso,\u00a0<b>vivi<\/b>r al l\u00edmite de nuestras posibilidades implica vivir al l\u00edmite de nuestra agenda.<\/li>\n<\/ul>\n<ul class=\"jsx-43291209 list-on-content mlr--x-big mtb--big c--grey-neutral-800 lh--1-8 ff--serif lst--disc\">\n<li><b>El tiempo dedicado a cualquier tema de la agenda es inversamente proporcional a su importancia<\/b>. Esto puede parecer contradictorio, pero tiene mucho m\u00e1s sentido del que parece. La clave est\u00e1 en que la falta de tiempo nace en un primer momento de una falta de prioridades. Por eso es importante saber que, m\u00e1s que gestionar nuestro tiempo, lo importante es definir claramente nuestras prioridades.<\/li>\n<\/ul>\n<hr \/>\n<p><img decoding=\"async\" src=\"https:\/\/teletrabajoynegocios.com\/teletrabajador\/wp-content\/uploads\/sites\/3\/2020\/07\/articulos.png\" \/><\/p>\n<p>[wp-rss-aggregator template=\u00bbDefault\u00bb]<\/p>\n<hr \/>\n<h2 id=\"el-principio-de-pareto\" class=\"jsx-3692753319 jsx-2566528898 c--main-600  mt--x-big pt--normal\">El principio de Pareto<\/h2>\n<p class=\"jsx-4098198752 c--grey-neutral-800\">El\u00a0<a class=\"jsx-151512268 jsx-3387278544 default-a-link is--underline c--secondary-600 is--underline\" href=\"https:\/\/lamenteesmaravillosa.com\/principio-de-pareto-exito-menos-esfuerzo\/\" target=\"_blank\" rel=\"noopener\" data-with-google-events=\"true\" data-google-events=\"{&quot;data&quot;:{&quot;action&quot;:&quot;click&quot;,&quot;category&quot;:&quot;Content&quot;,&quot;label&quot;:&quot;Related \/por-que-no-tenemos-tiempo\/&quot;,&quot;value&quot;:&quot;https:\/\/lamenteesmaravillosa.com\/principio-de-pareto-exito-menos-esfuerzo\/&quot;}}\">principio de Pareto<\/a>\u00a0es la regla conocida como el 80:20. Es decir:\u00a0<b>el 80 % de nuestro tiempo solo genera un 20 % de resultados<\/b>, mientras que el 80 % restante se consigue con tan solo el 20% de tu esfuerzo.<\/p>\n<p class=\"jsx-4098198752 c--grey-neutral-800\">Una vez m\u00e1s,\u00a0<strong>este principio incide en la necesidad de priorizar.<\/strong>\u00a0\u00bfPor qu\u00e9 hay gente que saca tiempo para hacer deporte o para preparar la comida de toda la semana? Porque esas personas priorizan esas actividades sobre otras. De hecho, habr\u00e1n tenido que renunciar a otros planes para poder cumplir con sus prioridades.<\/p>\n<h2 id=\"la-ley-de-perls\" class=\"jsx-3692753319 jsx-2566528898 c--main-600  mt--x-big pt--normal\">La ley de Perls<\/h2>\n<p class=\"jsx-4098198752 c--grey-neutral-800\">Seg\u00fan esta regla, el 70 % de las cosas de las que nos preocupamos nunca llegan a ocurrir. Por tanto, esta ley nos habla de la importancia de la ocupaci\u00f3n sobre la preocupaci\u00f3n. Al fin y al cabo,\u00a0<b>ocuparnos de algo antes de lo debido supone una p\u00e9rdida de tiempo en muchas ocasiones<\/b>.<\/p>\n<p class=\"jsx-4098198752 c--grey-neutral-800\">Desperdiciamos demasiado tiempo en el \u201cy s\u00ed\u2026\u201d, cuando sacar\u00edamos un mayor r\u00e9dito si destin\u00e1ramos m\u00e1s energ\u00eda a tratar los problemas reales. En muchos casos, hacer una inversi\u00f3n muy grande en prevenci\u00f3n, cuando lo que anticipamos es muy improbable, no es rentable.<\/p>\n<h2 id=\"la-ley-de-swoboda\" class=\"jsx-3692753319 jsx-2566528898 c--main-600  mt--x-big pt--normal\">La ley de Swoboda<\/h2>\n<p class=\"jsx-4098198752 c--grey-neutral-800\">Hermann Swoboda, catedr\u00e1tico de psicolog\u00eda por la Universidad de Viena, redact\u00f3 esta ley en 1904. Y viene a decir que \u201ccada persona est\u00e1 sometida a\u00a0<b>m\u00faltiples\u00a0<a class=\"jsx-151512268 jsx-3387278544 default-a-link is--underline c--secondary-600 is--underline\" href=\"https:\/\/lamenteesmaravillosa.com\/reloj-vida-marque-prioridades\/\" target=\"_self\" rel=\"noopener\" data-with-google-events=\"true\" data-google-events=\"{&quot;data&quot;:{&quot;action&quot;:&quot;click&quot;,&quot;category&quot;:&quot;Content&quot;,&quot;label&quot;:&quot;Related \/por-que-no-tenemos-tiempo\/&quot;,&quot;value&quot;:&quot;https:\/\/lamenteesmaravillosa.com\/reloj-vida-marque-prioridades\/&quot;}}\">ritmos biol\u00f3gicos<\/a>\u00a0que deben ser tenidos en cuenta en la programaci\u00f3n de actividades<\/b>\u201c.<\/p>\n<p class=\"jsx-4098198752 c--grey-neutral-800\">Dicho de otra forma:\u00a0<b>la planificaci\u00f3n que hagamos de nuestro tiempo debe ser personalizada<\/b>. Piensa que no todos somos productivos en los mismos momentos del d\u00eda. Ni siquiera tenemos el mismo ritmo de trabajo.<\/p>\n<p class=\"jsx-4098198752 c--grey-neutral-800\">Hay gente a la que le cuesta mantener la concentraci\u00f3n, por lo que ser\u00e1n m\u00e1s eficientes cuando realizan descansos m\u00e1s frecuentes. Mientras que a otras personas les cuesta amenos mantener la concentraci\u00f3n, aunque s\u00ed puede ser m\u00e1s costoso para ellas entrar en ese estado.<\/p>\n<p class=\"jsx-4098198752 c--grey-neutral-800\">Todas estas particularidades deben hacernos pensar que<b>\u00a0lo m\u00e1s \u00f3ptimo es establecer planes de trabajo ajustados a nuestros propios ritmos y caracter\u00edsticas\u00a0<\/b>dentro de los m\u00e1rgenes con los que contemos.<\/p>\n<div class=\"article-quote bc--secondary-50 ptb--big p--relative mb--normal mt--x-big\">\n<blockquote class=\"jsx-2118601352 jsx-2746653886 plr--big pt--big\">\n<div class=\"jsx-2118601352 jsx-2746653886 quote__text ta--center fs--italic lh--2 fs--normal ff--serif ls--medium c--secondary-800\">\n<p class=\"jsx-4098198752 c--grey-neutral-800\">\u201cCada persona est\u00e1 sometida a m\u00faltiples ritmos biol\u00f3gicos que deben ser tenidos en cuenta en la programaci\u00f3n de actividades\u201d.<\/p>\n<p class=\"jsx-4098198752 c--grey-neutral-800\">-Hermann Swoboda-<\/p>\n<\/div>\n<\/blockquote>\n<\/div>\n<h2 id=\"la-ley-de-fraisse\" class=\"jsx-3692753319 jsx-2566528898 c--main-600  mt--x-big pt--normal\">La ley de Fraisse<\/h2>\n<p class=\"jsx-4098198752 c--grey-neutral-800\">La ley ideada por el psic\u00f3logo Paul Fraisse indica que el tiempo tiene una dimensi\u00f3n objetiva y otra subjetiva. Esta \u00faltima ir\u00e1 en funci\u00f3n de la relaci\u00f3n que mantengamos con la actividad realizada. Por eso,\u00a0<b>es importante atender a nuestros intereses y motivaciones<\/b>. Piensa a qu\u00e9 velocidad pasa el tiempo cuando realizas una tarea que te gusta.<\/p>\n<p>Y es que debemos tener claras nuestras motivaciones a la hora de llevar a cabo una determinada actividad. Al fin y al cabo, una de las cosas m\u00e1s importantes es\u00a0<a class=\"jsx-151512268 jsx-3387278544 default-a-link is--underline c--secondary-600 is--underline\" href=\"https:\/\/lamenteesmaravillosa.com\/la-autentica-productividad-esta-en-sentirte-bien-aqui-y-ahora\/\" target=\"_self\" rel=\"noopener\" data-with-google-events=\"true\" data-google-events=\"{&quot;data&quot;:{&quot;action&quot;:&quot;click&quot;,&quot;category&quot;:&quot;Content&quot;,&quot;label&quot;:&quot;Related \/por-que-no-tenemos-tiempo\/&quot;,&quot;value&quot;:&quot;https:\/\/lamenteesmaravillosa.com\/la-autentica-productividad-esta-en-sentirte-bien-aqui-y-ahora\/&quot;}}\">disfrutar de la tarea<\/a>, ya que puede ser un objetivo en s\u00ed mismo.<\/p>\n<h2 id=\"entonces-por-que-no-tengo-tiempo\" class=\"jsx-3692753319 jsx-2566528898 c--main-600  mt--x-big pt--normal\">Entonces, \u00bfpor qu\u00e9 no tengo tiempo?<\/h2>\n<p class=\"jsx-4098198752 c--grey-neutral-800\">Todas estas leyes y reglas indican que, en alg\u00fan momento de nuestra vida, todos nos hacemos la misma pregunta. Y la respuesta no parece encontrarse en sacar m\u00e1s tiempo de donde no lo hay. M\u00e1s bien, tiene que ver con la\u00a0<b>percepci\u00f3n que tenemos de \u00e9l, de nuestras prioridades, objetivos y motivaciones\u00a0<\/b>a la hora de realizar determinadas tareas.<\/p>\n<p><a class=\"jsx-151512268 jsx-3604478216 default-a-link c--main-800 \" href=\"https:\/\/lamenteesmaravillosa.com\/autor\/gonzalo-blanco-sardina\/\" target=\"_self\" rel=\"noopener\"><strong>Gonzalo Blanco Sardina<\/strong><\/a><\/p>\n<div id=\"telet-597794789\" class=\"telet-despues-del-contenido telet-entity-placement\"><a target=\"_blank\" href=\"\/\/aff.lucushost.com\/resources\/click\/?n=gDxoXMAJ&aff=756\"><img decoding=\"async\" border=\"0\" alt=\"LucusHost, el mejor hosting\" src=\"\/\/aff.lucushost.com\/resources\/banners\/?zoneid=5123&n=gDxoXMAJ&aff=756\" \/><\/a><\/div>","protected":false},"excerpt":{"rendered":"<p>\u00bfTienes la sensaci\u00f3n de que el tiempo va demasiado r\u00e1pido? Pues bien, en este art\u00edculo repasaremos algunas ideas curiosas respecto a nuestra percepci\u00f3n del tiempo que te pueden ayudar. Da&hellip; <\/p>\n","protected":false},"author":1,"featured_media":630,"comment_status":"open","ping_status":"open","sticky":false,"template":"","format":"standard","meta":{"footnotes":"","_links_to":"","_links_to_target":""},"categories":[4],"tags":[20,19],"class_list":["post-7167","post","type-post","status-publish","format-standard","has-post-thumbnail","hentry","category-coaching","tag-fuprisa","tag-jose-manuel-fuentes-prieto"],"nelio_content":{"autoShareEndMode":"never","automationSources":{"useCustomSentences":false,"customSentences":[]},"efiAlt":"","efiUrl":"","followers":[1],"highlights":[],"isAutoShareEnabled":true,"networkImageIds":[],"permalinkQueryArgs":[],"series":[],"suggestedReferences":[]},"jetpack_featured_media_url":"https:\/\/teletrabajoynegocios.com\/teletrabajador\/wp-content\/uploads\/sites\/3\/2020\/03\/tiempo-trabajo.jpg","_links":{"self":[{"href":"https:\/\/teletrabajoynegocios.com\/teletrabajador\/wp-json\/wp\/v2\/posts\/7167","targetHints":{"allow":["GET"]}}],"collection":[{"href":"https:\/\/teletrabajoynegocios.com\/teletrabajador\/wp-json\/wp\/v2\/posts"}],"about":[{"href":"https:\/\/teletrabajoynegocios.com\/teletrabajador\/wp-json\/wp\/v2\/types\/post"}],"author":[{"embeddable":true,"href":"https:\/\/teletrabajoynegocios.com\/teletrabajador\/wp-json\/wp\/v2\/users\/1"}],"replies":[{"embeddable":true,"href":"https:\/\/teletrabajoynegocios.com\/teletrabajador\/wp-json\/wp\/v2\/comments?post=7167"}],"version-history":[{"count":1,"href":"https:\/\/teletrabajoynegocios.com\/teletrabajador\/wp-json\/wp\/v2\/posts\/7167\/revisions"}],"predecessor-version":[{"id":7168,"href":"https:\/\/teletrabajoynegocios.com\/teletrabajador\/wp-json\/wp\/v2\/posts\/7167\/revisions\/7168"}],"wp:featuredmedia":[{"embeddable":true,"href":"https:\/\/teletrabajoynegocios.com\/teletrabajador\/wp-json\/wp\/v2\/media\/630"}],"wp:attachment":[{"href":"https:\/\/teletrabajoynegocios.com\/teletrabajador\/wp-json\/wp\/v2\/media?parent=7167"}],"wp:term":[{"taxonomy":"category","embeddable":true,"href":"https:\/\/teletrabajoynegocios.com\/teletrabajador\/wp-json\/wp\/v2\/categories?post=7167"},{"taxonomy":"post_tag","embeddable":true,"href":"https:\/\/teletrabajoynegocios.com\/teletrabajador\/wp-json\/wp\/v2\/tags?post=7167"}],"curies":[{"name":"wp","href":"https:\/\/api.w.org\/{rel}","templated":true}]}}